{"id":217064,"date":"2023-08-29T12:15:15","date_gmt":"2023-08-29T10:15:15","guid":{"rendered":"https:\/\/www.ifun.de\/?p=217064"},"modified":"2023-08-29T12:17:27","modified_gmt":"2023-08-29T10:17:27","slug":"avm-smarthome-demnaechst-mit-tuer-fenster-kontakt","status":"publish","type":"post","link":"https:\/\/www.ifun.de\/avm-smarthome-demnaechst-mit-tuer-fenster-kontakt-217064\/","title":{"rendered":"AVM Smarthome demn\u00e4chst mit T\u00fcr-Fenster-Kontakt"},"content":{"rendered":"<p>Der Berliner Hersteller <a href=\"https:\/\/avm.de\/\">AVM<\/a> will sein FRITZ!DECT-Smarthome-Portfolio um einen T\u00fcr-Fenster-Kontakt erweitern. Das neue Produkt soll zum Jahreswechsel mit einer Preisempfehlung von 39 Euro in den Handel kommen.<\/p>\n<p>AVM k\u00fcndigt den magnetischen Kontakt als FRITZ!DECT 350 an. Die Produktneuheit erkennt dem Hersteller zufolge unmittelbar, wenn T\u00fcren oder Fenster ge\u00f6ffnet bzw. geschlossen oder gekippt werden. Dank seiner kompakten Abmessungen soll sich der FRITZ!DECT 350 bei vielen Eurofalz-Fenstern mittels eines mitgelieferten Klebestreifens verdeckt zwischen Fensterrahmen und Fensterfl\u00fcgel montieren lassen.<\/p>\n<p><a href=\"https:\/\/images.ifun.de\/wp-content\/uploads\/2023\/08\/AVM_FRITZDECT_350.jpg\"><img loading=\"lazy\" decoding=\"async\" src=\"https:\/\/images.ifun.de\/wp-content\/uploads\/2023\/08\/AVM_FRITZDECT_350-700x467.jpg\" alt=\"AVM FRITZDECT 350\" width=\"700\" height=\"467\" class=\"alignnone size-large wp-image-217067\" srcset=\"https:\/\/images.ifun.de\/wp-content\/uploads\/2023\/08\/AVM_FRITZDECT_350-700x467.jpg 700w, https:\/\/images.ifun.de\/wp-content\/uploads\/2023\/08\/AVM_FRITZDECT_350-500x333.jpg 500w, https:\/\/images.ifun.de\/wp-content\/uploads\/2023\/08\/AVM_FRITZDECT_350-768x512.jpg 768w, https:\/\/images.ifun.de\/wp-content\/uploads\/2023\/08\/AVM_FRITZDECT_350.jpg 1400w\" sizes=\"auto, (max-width: 700px) 100vw, 700px\" \/><\/a><\/p>\n<p>In Verbindung mit dem neuen T\u00fcr-Fenster-Kontakt lassen sich dann auch Szenarien zum Energiesparen erstellen, beispielsweise das automatische Abriegeln von Heizk\u00f6rpern, sofern diese auch mit den von AVM angebotenen Thermostaten FRITZ!DECT 301 oder 302 ausgestattet sind. Der Status der mit dem Kontakt ausgestatteten T\u00fcren wird neben der FRITZ!-Smarthome-App von AVM auch auf dem FRITZ!Fon und in FRITZ!OS angezeigt.<\/p>\n<p>AVM gibt die Abmessungen des Fensterkontakts mit 9,1 cm x 2,4 und 2,8 x 1,5 Zentimetern an. Die Stromversorgung erfolgt \u00fcber zwei integrierte AAA-Batterien.<\/p>\n<h2>AVM-Smarthome w\u00e4chst weiter<\/h2>\n<p>Mit dem T\u00fcr-Fenster-Sensor FRITZ!DECT 350 steigt die Zahl der im Rahmen des <a href=\"https:\/\/avm.de\/produkte\/smart-home\/\">FRITZ!DECT-Smarthome-Programms<\/a> von AVM angebotenen Ger\u00e4te auf insgesamt zehn. Bislang sind hier die farbige LED-Lampe FRITZ!DECT 500, die mit und ohne Bildschirm erh\u00e4ltlichen Schalttaster FRITZ!DECT 400 und FRITZ!DECT 440, die Heizk\u00f6rper-Thermostate FRITZ!DECT 301 und FRITZ!DECT 302, die Schaltsteckdosen FRITZ!DECT 200 und FRITZ!DECT 210 sowie der FRITZ!DECT Repeater 100 und das FRITZ!Smart Gateway erh\u00e4ltlich. Letzteres integriert mit Zigbee kompatible LED-Lampen in die Smarthome-Umgebung des Herstellers. Schaltzentrale f\u00fcr die Verwendung all dieser Produkte ist eine mit FRITZ!DECT kompatible FRITZ!Box.<img loading=\"lazy\" decoding=\"async\" src=\"https:\/\/vg02.met.vgwort.de\/na\/c9ad6700cc7f4d2e8d5bfdaf7b5197a3\" width=\"1\" height=\"1\" no-lazy class=\"tracking\"><\/p>\n","protected":false},"excerpt":{"rendered":"<a href=\"https:\/\/www.ifun.de\/avm-smarthome-demnaechst-mit-tuer-fenster-kontakt-217064\/\"><img width=\"150\" height=\"150\" src=\"https:\/\/images.ifun.de\/wp-content\/uploads\/2023\/08\/AVM_FRITZDECT_350-150x150.jpg\" class=\"alignright tfe wp-post-image\" alt=\"AVM FRITZDECT 350\" decoding=\"async\" loading=\"lazy\" \/><\/a><p>Der Berliner Hersteller AVM will sein FRITZ!DECT-Smarthome-Portfolio um einen T\u00fcr-Fenster-Kontakt erweitern. Das neue Produkt soll zum Jahreswechsel mit einer Preisempfehlung von 39 Euro in den Handel kommen. AVM k\u00fcndigt den magnetischen Kontakt als FRITZ!DECT 350 an. Die Produktneuheit erkennt dem Hersteller zufolge unmittelbar, wenn T\u00fcren oder Fenster ge\u00f6ffnet bzw. geschlossen oder gekippt werden. Dank seiner [&hellip;]<\/p>\n","protected":false},"author":2,"featured_media":217067,"comment_status":"open","ping_status":"closed","sticky":false,"template":"","format":"standard","meta":{"_acf_changed":false,"footnotes":""},"categories":[1],"tags":[1654,1572,6325],"class_list":["post-217064","post","type-post","status-publish","format-standard","has-post-thumbnail","hentry","category-news","tag-avm","tag-smarthome","tag-zubehor"],"acf":[],"aioseo_notices":[],"subheadline":["FRITZ!DECT 350 angek\u00fcndigt"],"featured_image":["https:\/\/images.ifun.de\/wp-content\/uploads\/2023\/08\/AVM_FRITZDECT_350-feature.jpg"],"rest_api_enabler":{"subheadline":"FRITZ!DECT 350 angek\u00fcndigt","featured_image":"https:\/\/images.ifun.de\/wp-content\/uploads\/2023\/08\/AVM_FRITZDECT_350-feature.jpg"},"_links":{"self":[{"href":"https:\/\/www.ifun.de\/apiv2\/wp\/v2\/posts\/217064","targetHints":{"allow":["GET"]}}],"collection":[{"href":"https:\/\/www.ifun.de\/apiv2\/wp\/v2\/posts"}],"about":[{"href":"https:\/\/www.ifun.de\/apiv2\/wp\/v2\/types\/post"}],"author":[{"embeddable":true,"href":"https:\/\/www.ifun.de\/apiv2\/wp\/v2\/users\/2"}],"replies":[{"embeddable":true,"href":"https:\/\/www.ifun.de\/apiv2\/wp\/v2\/comments?post=217064"}],"version-history":[{"count":5,"href":"https:\/\/www.ifun.de\/apiv2\/wp\/v2\/posts\/217064\/revisions"}],"predecessor-version":[{"id":217074,"href":"https:\/\/www.ifun.de\/apiv2\/wp\/v2\/posts\/217064\/revisions\/217074"}],"wp:featuredmedia":[{"embeddable":true,"href":"https:\/\/www.ifun.de\/apiv2\/wp\/v2\/media\/217067"}],"wp:attachment":[{"href":"https:\/\/www.ifun.de\/apiv2\/wp\/v2\/media?parent=217064"}],"wp:term":[{"taxonomy":"category","embeddable":true,"href":"https:\/\/www.ifun.de\/apiv2\/wp\/v2\/categories?post=217064"},{"taxonomy":"post_tag","embeddable":true,"href":"https:\/\/www.ifun.de\/apiv2\/wp\/v2\/tags?post=217064"}],"curies":[{"name":"wp","href":"https:\/\/api.w.org\/{rel}","templated":true}]}}