{"id":216238,"date":"2023-08-15T15:43:55","date_gmt":"2023-08-15T13:43:55","guid":{"rendered":"https:\/\/www.ifun.de\/?p=216238"},"modified":"2023-08-15T16:24:55","modified_gmt":"2023-08-15T14:24:55","slug":"solarpaket-i-der-bundesregierung-weniger-buerokratie-800-watt-leistung","status":"publish","type":"post","link":"https:\/\/www.ifun.de\/solarpaket-i-der-bundesregierung-weniger-buerokratie-800-watt-leistung-216238\/","title":{"rendered":"Solarpaket I der Bundesregierung: Weniger B\u00fcrokratie, 800 Watt Leistung"},"content":{"rendered":"<p>Schon am morgigen Mittwoch will die Bundesregierung ihr so genanntes <a href=\"https:\/\/www.bmwk.de\/Redaktion\/DE\/Dossier\/Energieversorgung\/solarpaket-1.html\">Solarpaket I<\/a> verabschieden. Dies hat das Bundesministerium f\u00fcr Wirtschaft und Klimaschutz gegen\u00fcber ZEIT ONLINE <a href=\"https:\/\/www.zeit.de\/politik\/2023-08\/buerokratieabbau-solarstrom-solarpaket-bundeswirtschaftsministerium\">best\u00e4tigt<\/a> und sorgt damit f\u00fcr die berechtigte Hoffnung, die Erleichterungen bei der Errichtung von Solaranlagen k\u00f6nnten schon Anfang des kommenden Jahres in Kraft treten.<\/p>\n<p><a href=\"https:\/\/images.ifun.de\/wp-content\/uploads\/2023\/08\/solar-plan.gif\"><img decoding=\"async\" src=\"https:\/\/images.ifun.de\/wp-content\/uploads\/2023\/08\/solar-plan.gif\" alt=\"Solar Plan\" width=\"500\" class=\"aligncenter size-full wp-image-216240\" \/><\/a><\/p>\n<h6><a href=\"https:\/\/info.bmwk.de\/weg-zur-klimaneutralitaet\">Header-Bild: BMWK<\/a><\/h6>\n<h2>Verabschiedung am Mittwoch<\/h2>\n<p>Das Solarpaket I wird offiziell als &#8222;Gesetz zur \u00c4nderung des Erneuerbare-Energien-Gesetzes und weiterer energiewirtschaftsrechtlicher Vorschriften zur Steigerung des Ausbaus photovoltaischer Energieerzeugung&#8220; bezeichnet und will den Bau von Balkonkraftwerken und Solaranlagen an mehreren Fronten vereinfachen, beschleunigen und verbessern.<\/p>\n<p>Was die maximale Leistung von Balkonkraftwerken angeht, soll diese nicht mehr fix auf 600 Watt gedeckelt werden. Zuk\u00fcnftig k\u00f6nnen Solar-Module mit Nennleistungen von bis zu 2000 Watt verbaut werden, der verbundene Wechselrichter sorgt sich dann darum, dass maximal 800 Watt Leistung in das Heimnetz eingespeist werden.<\/p>\n<p>Die verpflichtende Anmeldung privat errichteter Balkonkraftwerke beim Marktstammdatenregister soll beibehalten werden, wird aber vereinfacht. Die zus\u00e4tzliche Meldung beim Netzbetreiber entf\u00e4llt.<\/p>\n<p><center><\/p>\n<blockquote class=\"twitter-tweet\" data-conversation=\"none\" data-dnt=\"true\">\n<p dir=\"ltr\" lang=\"de\">Die Netzbetreiber sind zwar aufgefordert, die Z\u00e4hler auszutauschen, nachdem ein Balkonkraftwerk ins Marktstammdatenregister eingetragen wird. Aber bis das passiert, d\u00fcrfen die Z\u00e4hler r\u00fcckw\u00e4rts laufen. (Das war im vorherigen Referentenentwurf noch offen geblieben.) [5\/8]<\/p>\n<p>\u2014 Malte Kreutzfeldt (@MKreutzfeldt) <a href=\"https:\/\/twitter.com\/MKreutzfeldt\/status\/1691182676936400897?ref_src=twsrc%5Etfw\">August 14, 2023<\/a><\/p><\/blockquote>\n<p><\/center><br \/>\n<script async src=\"https:\/\/platform.twitter.com\/widgets.js\" charset=\"utf-8\"><\/script><\/p>\n<p>Zudem d\u00fcrfen Balkonkraftwerke auch in Haushalten genutzt werden, die noch nicht \u00fcber einen digitalen Stromz\u00e4hler verf\u00fcgen. Wie der Berliner <a href=\"https:\/\/twitter.com\/MKreutzfeldt\/status\/1691182676936400897\">Journalist Malte Kreuzfeldt anmerkt<\/a>, erm\u00f6glicht der vorliegende Entwurf damit nun auch den Einsatz von Balkonkraftwerken an Stromz\u00e4hlern die dann R\u00fcckw\u00e4rts laufen w\u00fcrden &#8211; wie das Solarpaket I mit diesem Sonderfall umgehen w\u00fcrde war bislang noch unklar.<\/p>\n<p>Der Solarpaket I soll dazu beitragen, dass der Anteil erneuerbarer Energien am Bruttostromverbrauch bis zum Jahr 2030 auf 80 Prozent ausgebaut wird.<\/p>\n<p><h8>Mit Dank an Thomas!<\/h8><\/p>\n<p><img loading=\"lazy\" decoding=\"async\" src=\"https:\/\/vg07.met.vgwort.de\/na\/288853e80e094acfaad7606e1be2d404\" width=\"1\" height=\"1\" no-lazy class=\"tracking\"><\/p>\n","protected":false},"excerpt":{"rendered":"<a href=\"https:\/\/www.ifun.de\/solarpaket-i-der-bundesregierung-weniger-buerokratie-800-watt-leistung-216238\/\"><img width=\"150\" height=\"150\" src=\"https:\/\/images.ifun.de\/wp-content\/uploads\/2023\/08\/solar-paket-1-150x150.jpg\" class=\"alignright tfe wp-post-image\" alt=\"Solar Paket 1\" decoding=\"async\" loading=\"lazy\" \/><\/a><p>Schon am morgigen Mittwoch will die Bundesregierung ihr so genanntes Solarpaket I verabschieden. Dies hat das Bundesministerium f\u00fcr Wirtschaft und Klimaschutz gegen\u00fcber ZEIT ONLINE best\u00e4tigt und sorgt damit f\u00fcr die berechtigte Hoffnung, die Erleichterungen bei der Errichtung von Solaranlagen k\u00f6nnten schon Anfang des kommenden Jahres in Kraft treten. Header-Bild: BMWK Verabschiedung am Mittwoch Das Solarpaket [&hellip;]<\/p>\n","protected":false},"author":1,"featured_media":216241,"comment_status":"open","ping_status":"closed","sticky":false,"template":"","format":"standard","meta":{"_acf_changed":false,"footnotes":""},"categories":[1],"tags":[5890,5259,400,553,496,5888],"class_list":["post-216238","post","type-post","status-publish","format-standard","has-post-thumbnail","hentry","category-news","tag-balkonkraftwerk","tag-bundesregierung","tag-deutschland","tag-recht","tag-solar","tag-solarpanel"],"acf":[],"aioseo_notices":[],"subheadline":["Verabschiedung am Mittwoch","Verabschiedung am Mittwoch"],"featured_image":["https:\/\/images.ifun.de\/wp-content\/uploads\/2023\/08\/solar-paket-1.jpg"],"rest_api_enabler":{"subheadline":["Verabschiedung am Mittwoch","Verabschiedung am Mittwoch"],"featured_image":"https:\/\/images.ifun.de\/wp-content\/uploads\/2023\/08\/solar-paket-1.jpg"},"_links":{"self":[{"href":"https:\/\/www.ifun.de\/apiv2\/wp\/v2\/posts\/216238","targetHints":{"allow":["GET"]}}],"collection":[{"href":"https:\/\/www.ifun.de\/apiv2\/wp\/v2\/posts"}],"about":[{"href":"https:\/\/www.ifun.de\/apiv2\/wp\/v2\/types\/post"}],"author":[{"embeddable":true,"href":"https:\/\/www.ifun.de\/apiv2\/wp\/v2\/users\/1"}],"replies":[{"embeddable":true,"href":"https:\/\/www.ifun.de\/apiv2\/wp\/v2\/comments?post=216238"}],"version-history":[{"count":3,"href":"https:\/\/www.ifun.de\/apiv2\/wp\/v2\/posts\/216238\/revisions"}],"predecessor-version":[{"id":216244,"href":"https:\/\/www.ifun.de\/apiv2\/wp\/v2\/posts\/216238\/revisions\/216244"}],"wp:featuredmedia":[{"embeddable":true,"href":"https:\/\/www.ifun.de\/apiv2\/wp\/v2\/media\/216241"}],"wp:attachment":[{"href":"https:\/\/www.ifun.de\/apiv2\/wp\/v2\/media?parent=216238"}],"wp:term":[{"taxonomy":"category","embeddable":true,"href":"https:\/\/www.ifun.de\/apiv2\/wp\/v2\/categories?post=216238"},{"taxonomy":"post_tag","embeddable":true,"href":"https:\/\/www.ifun.de\/apiv2\/wp\/v2\/tags?post=216238"}],"curies":[{"name":"wp","href":"https:\/\/api.w.org\/{rel}","templated":true}]}}