{"id":215799,"date":"2023-08-09T09:30:16","date_gmt":"2023-08-09T07:30:16","guid":{"rendered":"https:\/\/www.ifun.de\/?p=215799"},"modified":"2023-08-16T08:32:57","modified_gmt":"2023-08-16T06:32:57","slug":"downfall-neue-massive-sicherheitsluecke-auf-intel-prozessoren","status":"publish","type":"post","link":"https:\/\/www.ifun.de\/downfall-neue-massive-sicherheitsluecke-auf-intel-prozessoren-215799\/","title":{"rendered":"Downfall: Neue massive Sicherheitsl\u00fccke auf Intel-Prozessoren"},"content":{"rendered":"<p>Der Chip-Hersteller Intel sieht sich erneut mit einem massiven Sicherheitsproblem konfrontiert. Die \u201e<a href=\"https:\/\/downfall.page\/\">Downfall<\/a>\u201c genannte Sicherheitsl\u00fccke betrifft mehrere Prozessor-Generationen des Herstellers begonnen mit der 2015 eingef\u00fchrten Skylake-Architektur bis hin zu den Tiger-Lake-Prozessoren aus dem Jahr 2020.<\/p>\n<p>Apple hat die betroffenen Chip-Modelle von Intel teilweise ebenfalls verbaut. Allerdings ist bislang noch nicht absehbar, inwieweit man hier ebenfalls von einer tats\u00e4chlichen Bedrohung ausgehen muss.<\/p>\n<p><a href=\"https:\/\/images.ifun.de\/wp-content\/uploads\/2023\/08\/intel-downfall.jpg\"><img loading=\"lazy\" decoding=\"async\" src=\"https:\/\/images.ifun.de\/wp-content\/uploads\/2023\/08\/intel-downfall-700x379.jpg\" alt=\"Intel Downfall\" width=\"700\" height=\"379\" class=\"alignnone size-large wp-image-215803\" srcset=\"https:\/\/images.ifun.de\/wp-content\/uploads\/2023\/08\/intel-downfall-700x379.jpg 700w, https:\/\/images.ifun.de\/wp-content\/uploads\/2023\/08\/intel-downfall-500x270.jpg 500w, https:\/\/images.ifun.de\/wp-content\/uploads\/2023\/08\/intel-downfall-768x415.jpg 768w, https:\/\/images.ifun.de\/wp-content\/uploads\/2023\/08\/intel-downfall.jpg 1400w\" sizes=\"auto, (max-width: 700px) 100vw, 700px\" \/><\/a><\/p>\n<h2>Intel ist seit einem Jahr informiert<\/h2>\n<p>In einem neu ver\u00f6ffentlichten <a href=\"https:\/\/www.intel.com\/content\/www\/us\/en\/security-center\/advisory\/intel-sa-00828.html\">Sicherheits-Statement<\/a> best\u00e4tigt Intel die Schwachstelle und k\u00fcndigt entsprechende Firmware-Updates sowie weitere softwareseitige Ma\u00dfnahmen an, um die Bedrohung abzuschw\u00e4chen. Allerdings verschweigt das Unternehmen in diesem Zusammenhang, dass es bereits seit einem knappen Jahr \u00fcber die Problematik informiert ist. Man muss davon ausgehen, dass Intel aktuell lediglich die Flucht nach vorne antritt, weil der Entdecker der Prozessorl\u00fccke Daniel Moghimi jetzt konkrete Details dazu ver\u00f6ffentlicht hat und am heutigen Mittwoch auf der Sicherheitskonferenz <a href=\"https:\/\/www.blackhat.com\/us-23\/briefings\/schedule\/\">Black Hat USA<\/a> einen Vortrag zu diesem Thema halten wird.<\/p>\n<p>Ausf\u00fchrlich findet sich die Schwachstelle auf einer eigens <a href=\"https:\/\/downfall.page\/\">daf\u00fcr eingerichteten Webseite<\/a> beschrieben, erg\u00e4nzend hat Moghimi den Sachverhalt in einem umfangreichen <a href=\"https:\/\/downfall.page\/media\/downfall.pdf\">PDF<\/a> beschrieben.<\/p>\n<h2>Zugriff auf sensible Daten<\/h2>\n<p>Auf Basis der Downfall-Sicherheitsl\u00fccke lassen sich offenbar Daten von anderen Benutzern des gleichen Computers stehlen. Als Beispiel wird hier eine manipulierte Anwendung genannt, die auf diese Weise Informationen wie Passw\u00f6rter, Verschl\u00fcsselungscodes und sonstige pers\u00f6nlichen Daten erlangt. Besonders problematisch sei dabei die Tatsache, dass Intel-Prozessoren auch auf 70 Prozent aller Cloud-Server verwendet werden und die dort gespeicherten Daten ebenfalls potenziell gef\u00e4hrdet sind.<\/p>\n<p>Im Entwicklerbereich von Intel l\u00e4sst sich bereits eine <a href=\"https:\/\/www.intel.com\/content\/www\/us\/en\/developer\/topic-technology\/software-security-guidance\/processors-affected-consolidated-product-cpu-model.html\">Liste mit allen betroffenen Prozessoren<\/a> einsehen.<img loading=\"lazy\" decoding=\"async\" src=\"https:\/\/vg04.met.vgwort.de\/na\/e1600fa215b44204bcdd311d4e39ef31\" width=\"1\" height=\"1\" no-lazy class=\"tracking\"><\/p>\n","protected":false},"excerpt":{"rendered":"<a href=\"https:\/\/www.ifun.de\/downfall-neue-massive-sicherheitsluecke-auf-intel-prozessoren-215799\/\"><img width=\"150\" height=\"150\" src=\"https:\/\/images.ifun.de\/wp-content\/uploads\/2023\/08\/downfall-feature-150x150.jpg\" class=\"alignright tfe wp-post-image\" alt=\"Downfall Feature\" decoding=\"async\" loading=\"lazy\" \/><\/a><p>Der Chip-Hersteller Intel sieht sich erneut mit einem massiven Sicherheitsproblem konfrontiert. Die \u201eDownfall\u201c genannte Sicherheitsl\u00fccke betrifft mehrere Prozessor-Generationen des Herstellers begonnen mit der 2015 eingef\u00fchrten Skylake-Architektur bis hin zu den Tiger-Lake-Prozessoren aus dem Jahr 2020. Apple hat die betroffenen Chip-Modelle von Intel teilweise ebenfalls verbaut. Allerdings ist bislang noch nicht absehbar, inwieweit man hier ebenfalls [&hellip;]<\/p>\n","protected":false},"author":2,"featured_media":215801,"comment_status":"open","ping_status":"closed","sticky":false,"template":"","format":"standard","meta":{"_acf_changed":false,"footnotes":""},"categories":[1],"tags":[6246,739,2645,92],"class_list":["post-215799","post","type-post","status-publish","format-standard","has-post-thumbnail","hentry","category-news","tag-downfall","tag-intel","tag-schwachstelle","tag-sicherheit"],"acf":[],"aioseo_notices":[],"subheadline":["Unklar ob f\u00fcr Mac-Nutzer relevant"],"featured_image":["https:\/\/images.ifun.de\/wp-content\/uploads\/2023\/08\/downfall-feature.jpg"],"rest_api_enabler":{"subheadline":"Unklar ob f\u00fcr Mac-Nutzer relevant","featured_image":"https:\/\/images.ifun.de\/wp-content\/uploads\/2023\/08\/downfall-feature.jpg"},"_links":{"self":[{"href":"https:\/\/www.ifun.de\/apiv2\/wp\/v2\/posts\/215799","targetHints":{"allow":["GET"]}}],"collection":[{"href":"https:\/\/www.ifun.de\/apiv2\/wp\/v2\/posts"}],"about":[{"href":"https:\/\/www.ifun.de\/apiv2\/wp\/v2\/types\/post"}],"author":[{"embeddable":true,"href":"https:\/\/www.ifun.de\/apiv2\/wp\/v2\/users\/2"}],"replies":[{"embeddable":true,"href":"https:\/\/www.ifun.de\/apiv2\/wp\/v2\/comments?post=215799"}],"version-history":[{"count":3,"href":"https:\/\/www.ifun.de\/apiv2\/wp\/v2\/posts\/215799\/revisions"}],"predecessor-version":[{"id":215804,"href":"https:\/\/www.ifun.de\/apiv2\/wp\/v2\/posts\/215799\/revisions\/215804"}],"wp:featuredmedia":[{"embeddable":true,"href":"https:\/\/www.ifun.de\/apiv2\/wp\/v2\/media\/215801"}],"wp:attachment":[{"href":"https:\/\/www.ifun.de\/apiv2\/wp\/v2\/media?parent=215799"}],"wp:term":[{"taxonomy":"category","embeddable":true,"href":"https:\/\/www.ifun.de\/apiv2\/wp\/v2\/categories?post=215799"},{"taxonomy":"post_tag","embeddable":true,"href":"https:\/\/www.ifun.de\/apiv2\/wp\/v2\/tags?post=215799"}],"curies":[{"name":"wp","href":"https:\/\/api.w.org\/{rel}","templated":true}]}}