{"id":215760,"date":"2023-08-08T17:53:37","date_gmt":"2023-08-08T15:53:37","guid":{"rendered":"https:\/\/www.ifun.de\/?p=215760"},"modified":"2023-08-15T06:30:00","modified_gmt":"2023-08-15T04:30:00","slug":"icloud-kalender-zusaetzliche-feiertagskalender-aktivieren","status":"publish","type":"post","link":"https:\/\/www.ifun.de\/icloud-kalender-zusaetzliche-feiertagskalender-aktivieren-215760\/","title":{"rendered":"iCloud-Kalender: Zus\u00e4tzliche Feiertagskalender aktivieren"},"content":{"rendered":"<p>In der Vergangenheit war es so umst\u00e4ndlich, zus\u00e4tzliche Feiertagskalender zu Apples Kalender-App hinzuzuf\u00fcgen, dass wir daf\u00fcr extra einen <a href=\"https:\/\/www.ifun.de\/tipp-apple-feiertagskalender-anderer-laender-nutzen-148353\/\">erkl\u00e4renden Artikel<\/a> ver\u00f6ffentlicht haben. Mittlerweile steht diese Option standardm\u00e4\u00dfig und einfach erreichbar zur Verf\u00fcgung. Aber da man die Men\u00fcs der Kalender-App eher selten nach neuen Funktionen durchk\u00e4mmt, wollen wir kurz auf die Funktion \u201eNeuer Feiertagskalender\u201c hinweisen.<\/p>\n<p>Wenn ihr Apples Kalender-App auf dem Mac \u00f6ffnet, findet ihr im Men\u00fc \u201eAblage\u201c jetzt den zus\u00e4tzlichen Eintrag \u201eNeuer Feiertagskalender\u201c. Ihr habt hier die M\u00f6glichkeit, einen zus\u00e4tzlichen, von Apple bereitgestellten Feiertagskalender zu abonnieren.<\/p>\n<p><a href=\"https:\/\/images.ifun.de\/wp-content\/uploads\/2023\/08\/neuer-feiertagskalender-apple-mac.jpg\"><img loading=\"lazy\" decoding=\"async\" src=\"https:\/\/images.ifun.de\/wp-content\/uploads\/2023\/08\/neuer-feiertagskalender-apple-mac-700x323.jpg\" alt=\"Neuer Feiertagskalender Apple Mac\" width=\"700\" height=\"323\" class=\"alignnone size-large wp-image-215765\" srcset=\"https:\/\/images.ifun.de\/wp-content\/uploads\/2023\/08\/neuer-feiertagskalender-apple-mac-700x323.jpg 700w, https:\/\/images.ifun.de\/wp-content\/uploads\/2023\/08\/neuer-feiertagskalender-apple-mac-500x231.jpg 500w, https:\/\/images.ifun.de\/wp-content\/uploads\/2023\/08\/neuer-feiertagskalender-apple-mac-768x355.jpg 768w, https:\/\/images.ifun.de\/wp-content\/uploads\/2023\/08\/neuer-feiertagskalender-apple-mac.jpg 1295w\" sizes=\"auto, (max-width: 700px) 100vw, 700px\" \/><\/a><\/p>\n<p>Insgesamt stehen hier rund 70 verschiedene Landeskalender zur Verf\u00fcgung, teilweise handelt es sich dabei aber lediglich um unterschiedliche Sprachvarianten. Hilfreich ist dergleichen nicht nur, wenn man enge Beziehungen zu jemand im Ausland pflegt, sondern beispielsweise auch wenn man grenz\u00fcberschreitend berufst\u00e4tig ist oder beim Einkaufsausflug nach Frankreich nicht vor verschlossenen T\u00fcren stehen will, weil dort gerade Feiertag ist.<\/p>\n<h2>Kalender-Abos verwalten und l\u00f6schen<\/h2>\n<p>Bei den von Apple angebotenen Feiertagskalendern handelt es sich um Kalenderabonnements. Dementsprechend kann man hier keine Termine hinzuf\u00fcgen, l\u00f6schen oder die Kalender anderweitig bearbeiten.<\/p>\n<p>Standardm\u00e4\u00dfig wird auf dem Mac nur jener Feiertagskalender angezeigt, der zu der in den Systemeinstellungen festgelegten Region passt. Die Option \u201eFeiertagskalender anzeigen\u201c in den Einstellungen der Kalender-App bezieht sich sich dann auch ausschlie\u00dflich auf diesen Kalender.<\/p>\n<p><a href=\"https:\/\/images.ifun.de\/wp-content\/uploads\/2023\/08\/feiertagskalender-loeschen-apple-mac.jpg\"><img loading=\"lazy\" decoding=\"async\" src=\"https:\/\/images.ifun.de\/wp-content\/uploads\/2023\/08\/feiertagskalender-loeschen-apple-mac-700x391.jpg\" alt=\"Feiertagskalender Loeschen Apple Mac\" width=\"700\" height=\"391\" class=\"alignnone size-large wp-image-215764\" srcset=\"https:\/\/images.ifun.de\/wp-content\/uploads\/2023\/08\/feiertagskalender-loeschen-apple-mac-700x391.jpg 700w, https:\/\/images.ifun.de\/wp-content\/uploads\/2023\/08\/feiertagskalender-loeschen-apple-mac-500x279.jpg 500w, https:\/\/images.ifun.de\/wp-content\/uploads\/2023\/08\/feiertagskalender-loeschen-apple-mac-768x429.jpg 768w, https:\/\/images.ifun.de\/wp-content\/uploads\/2023\/08\/feiertagskalender-loeschen-apple-mac.jpg 800w\" sizes=\"auto, (max-width: 700px) 100vw, 700px\" \/><\/a><\/p>\n<p>Zus\u00e4tzlich wie oben beschrieben hinzugef\u00fcgte Feiertagskalender lassen sich nat\u00fcrlich auch wieder entfernen. Dazu m\u00fcsst ihr einen Rechtsklick auf den jeweiligen Kalender machen und dann die Option \u201eAbo beenden\u201c ausw\u00e4hlen.<\/p>\n<p>Die auf dem Mac konfigurierten Kalender stehen auch auf allen sonstigen mit dem jeweiligen iCloud-Konto verkn\u00fcpften Ger\u00e4ten zur Verf\u00fcgung.<img loading=\"lazy\" decoding=\"async\" src=\"https:\/\/vg04.met.vgwort.de\/na\/4f8c233b53834c038f985d10c0f70e7f\" width=\"1\" height=\"1\" no-lazy class=\"tracking\"><\/p>\n","protected":false},"excerpt":{"rendered":"<a href=\"https:\/\/www.ifun.de\/icloud-kalender-zusaetzliche-feiertagskalender-aktivieren-215760\/\"><img width=\"150\" height=\"150\" src=\"https:\/\/images.ifun.de\/wp-content\/uploads\/2023\/08\/neuer-feiertagskalender-apple-mac-150x150.jpg\" class=\"alignright tfe wp-post-image\" alt=\"Neuer Feiertagskalender Apple Mac\" decoding=\"async\" loading=\"lazy\" \/><\/a><p>In der Vergangenheit war es so umst\u00e4ndlich, zus\u00e4tzliche Feiertagskalender zu Apples Kalender-App hinzuzuf\u00fcgen, dass wir daf\u00fcr extra einen erkl\u00e4renden Artikel ver\u00f6ffentlicht haben. Mittlerweile steht diese Option standardm\u00e4\u00dfig und einfach erreichbar zur Verf\u00fcgung. Aber da man die Men\u00fcs der Kalender-App eher selten nach neuen Funktionen durchk\u00e4mmt, wollen wir kurz auf die Funktion \u201eNeuer Feiertagskalender\u201c hinweisen. Wenn [&hellip;]<\/p>\n","protected":false},"author":2,"featured_media":215765,"comment_status":"open","ping_status":"closed","sticky":false,"template":"","format":"standard","meta":{"_acf_changed":false,"footnotes":""},"categories":[1,1783],"tags":[4736,151,6321],"class_list":["post-215760","post","type-post","status-publish","format-standard","has-post-thumbnail","hentry","category-news","category-feature","tag-apple","tag-kalender","tag-mac"],"acf":[],"aioseo_notices":[],"subheadline":["Deutlich einfacher als fr\u00fcher"],"featured_image":["https:\/\/images.ifun.de\/wp-content\/uploads\/2023\/08\/apple-feiertagskalender-hinzufuegen-mac.jpg"],"rest_api_enabler":{"subheadline":"Deutlich einfacher als fr\u00fcher","featured_image":"https:\/\/images.ifun.de\/wp-content\/uploads\/2023\/08\/apple-feiertagskalender-hinzufuegen-mac.jpg"},"_links":{"self":[{"href":"https:\/\/www.ifun.de\/apiv2\/wp\/v2\/posts\/215760","targetHints":{"allow":["GET"]}}],"collection":[{"href":"https:\/\/www.ifun.de\/apiv2\/wp\/v2\/posts"}],"about":[{"href":"https:\/\/www.ifun.de\/apiv2\/wp\/v2\/types\/post"}],"author":[{"embeddable":true,"href":"https:\/\/www.ifun.de\/apiv2\/wp\/v2\/users\/2"}],"replies":[{"embeddable":true,"href":"https:\/\/www.ifun.de\/apiv2\/wp\/v2\/comments?post=215760"}],"version-history":[{"count":4,"href":"https:\/\/www.ifun.de\/apiv2\/wp\/v2\/posts\/215760\/revisions"}],"predecessor-version":[{"id":215768,"href":"https:\/\/www.ifun.de\/apiv2\/wp\/v2\/posts\/215760\/revisions\/215768"}],"wp:featuredmedia":[{"embeddable":true,"href":"https:\/\/www.ifun.de\/apiv2\/wp\/v2\/media\/215765"}],"wp:attachment":[{"href":"https:\/\/www.ifun.de\/apiv2\/wp\/v2\/media?parent=215760"}],"wp:term":[{"taxonomy":"category","embeddable":true,"href":"https:\/\/www.ifun.de\/apiv2\/wp\/v2\/categories?post=215760"},{"taxonomy":"post_tag","embeddable":true,"href":"https:\/\/www.ifun.de\/apiv2\/wp\/v2\/tags?post=215760"}],"curies":[{"name":"wp","href":"https:\/\/api.w.org\/{rel}","templated":true}]}}