{"id":215721,"date":"2023-08-08T11:19:15","date_gmt":"2023-08-08T09:19:15","guid":{"rendered":"https:\/\/www.ifun.de\/?p=215721"},"modified":"2023-08-08T11:19:58","modified_gmt":"2023-08-08T09:19:58","slug":"apple-m3-der-starke-max-und-die-moeglichen-kandidaten","status":"publish","type":"post","link":"https:\/\/www.ifun.de\/apple-m3-der-starke-max-und-die-moeglichen-kandidaten-215721\/","title":{"rendered":"Apple M3: Der starke Max und die m\u00f6glichen Kandidaten"},"content":{"rendered":"<p>Bekommt ihr ohne nachzuschauen zusammen, welche Prozessoren Apple aktuell in welchen Modellen des MacBook-Lineups verbaut hat? Vom klassischen M1 bis hin zum M2 Ultra werden aktuell f\u00fcnf unterschiedliche Apple-Prozessoren in neuen Macs verkauft.<\/p>\n<p><a href=\"https:\/\/images.ifun.de\/wp-content\/uploads\/2021\/10\/apple-m1-m1-pro-m1-max-vergleich.jpg\"><img loading=\"lazy\" decoding=\"async\" class=\"aligncenter size-medium wp-image-177029\" src=\"https:\/\/images.ifun.de\/wp-content\/uploads\/2021\/10\/apple-m1-m1-pro-m1-max-vergleich-500x281.jpg\" alt=\"Apple M1 M1 Pro M1 Max Vergleich\" width=\"500\" height=\"281\" srcset=\"https:\/\/images.ifun.de\/wp-content\/uploads\/2021\/10\/apple-m1-m1-pro-m1-max-vergleich-500x281.jpg 500w, https:\/\/images.ifun.de\/wp-content\/uploads\/2021\/10\/apple-m1-m1-pro-m1-max-vergleich-700x394.jpg 700w, https:\/\/images.ifun.de\/wp-content\/uploads\/2021\/10\/apple-m1-m1-pro-m1-max-vergleich-768x432.jpg 768w, https:\/\/images.ifun.de\/wp-content\/uploads\/2021\/10\/apple-m1-m1-pro-m1-max-vergleich-1536x864.jpg 1536w, https:\/\/images.ifun.de\/wp-content\/uploads\/2021\/10\/apple-m1-m1-pro-m1-max-vergleich.jpg 1775w\" sizes=\"auto, (max-width: 500px) 100vw, 500px\" \/><\/a><\/p>\n<p>Den inzwischen 32 Monate alten M1 erh\u00e4lt man beim Neukauf des iMac 24 Zoll und des MacBook Air mit 13 Zoll, im MacBook Air mit 15 Zoll ist bereits der M2 untergebracht. Der M2 Pro und der M2 Max ist im MacBook Pro mit 14 oder 16 Zoll verbaut. Den M2 Ultra gibt es momentan nur im Mac Studio und im Mac Pro.<\/p>\n<h2>Aktuelle Apple-Rechner und Chips<\/h2>\n<ul>\n<li><strong>Apple M1<\/strong>: MacBook Air 13 Zoll, iMac 24 Zoll<\/li>\n<li><strong>Apple M2<\/strong>: MacBook Air 13 Zoll, MacBook Air 15 Zoll, MacBook Pro 13 Zoll, Mac mini<\/li>\n<li><strong>Apple M2 Pro<\/strong>: MacBook Pro 14 Zoll, MacBook Pro 16 Zoll, Mac mini<\/li>\n<li><strong>Apple M2 Max<\/strong>: MacBook Pro 14 Zoll, MacBook Pro 16 Zoll, Mac Studio<\/li>\n<li><strong>Apple M2 Ultra<\/strong>: Mac Studio, Mac Pro<\/li>\n<\/ul>\n<p><a href=\"https:\/\/images.ifun.de\/wp-content\/uploads\/2023\/08\/aktuelle-prozessoren-scaled.jpg\"><img loading=\"lazy\" decoding=\"async\" class=\"aligncenter size-large wp-image-215723\" src=\"https:\/\/images.ifun.de\/wp-content\/uploads\/2023\/08\/aktuelle-prozessoren-700x364.jpg\" alt=\"Aktuelle Prozessoren\" width=\"700\" height=\"364\" srcset=\"https:\/\/images.ifun.de\/wp-content\/uploads\/2023\/08\/aktuelle-prozessoren-700x364.jpg 700w, https:\/\/images.ifun.de\/wp-content\/uploads\/2023\/08\/aktuelle-prozessoren-500x260.jpg 500w, https:\/\/images.ifun.de\/wp-content\/uploads\/2023\/08\/aktuelle-prozessoren-768x399.jpg 768w, https:\/\/images.ifun.de\/wp-content\/uploads\/2023\/08\/aktuelle-prozessoren-1536x798.jpg 1536w, https:\/\/images.ifun.de\/wp-content\/uploads\/2023\/08\/aktuelle-prozessoren-2048x1064.jpg 2048w\" sizes=\"auto, (max-width: 700px) 100vw, 700px\" \/><\/a><\/p>\n<h2>Starker M3 Max im Anmarsch<\/h2>\n<p>Apple, <a href=\"https:\/\/www.bloomberg.com\/news\/articles\/2023-08-07\/apple-tests-2024-m3-max-macbook-pro-chip-with-16-cpu-cores-40-gpu-cores\">dies meldet<\/a> der Wirtschaftsnachrichten-Dienst Bloomberg, ist momentan damit besch\u00e4ftigt den bislang st\u00e4rksten Prozessor aus eigener Entwicklung zu testen. Der M3 Max, der voraussichtlich im kommenden Jahr in der n\u00e4chsten Generation des MacBook Pro deb\u00fctieren wird, soll es auf bis zu 16 CPU-Kerne und bis zu 40 GPU-Kerne bringen.<\/p>\n<p>Zum Vergleich: Der M2 Max kommt momentan auf bis zu 12 CPU-Kerne und bis zu 38 GPU-Kerne.<\/p>\n<p><a href=\"https:\/\/images.ifun.de\/wp-content\/uploads\/2022\/06\/m2-uebersicht.jpg\"><img loading=\"lazy\" decoding=\"async\" class=\"aligncenter size-large wp-image-188355\" src=\"https:\/\/images.ifun.de\/wp-content\/uploads\/2022\/06\/m2-uebersicht-700x392.jpg\" alt=\"M2 Uebersicht\" width=\"700\" height=\"392\" srcset=\"https:\/\/images.ifun.de\/wp-content\/uploads\/2022\/06\/m2-uebersicht-700x392.jpg 700w, https:\/\/images.ifun.de\/wp-content\/uploads\/2022\/06\/m2-uebersicht-500x280.jpg 500w, https:\/\/images.ifun.de\/wp-content\/uploads\/2022\/06\/m2-uebersicht-768x431.jpg 768w, https:\/\/images.ifun.de\/wp-content\/uploads\/2022\/06\/m2-uebersicht-1536x861.jpg 1536w, https:\/\/images.ifun.de\/wp-content\/uploads\/2022\/06\/m2-uebersicht-2048x1148.jpg 2048w\" sizes=\"auto, (max-width: 700px) 100vw, 700px\" \/><\/a><\/p>\n<p>Die M3-Prozessoren sollen erstmals auf ein Produktionsverfahren im 3-Nanometer-Standard setzen und gelten als gr\u00f6\u00dftes Update seit Einf\u00fchrung der Apple-Prozessoren, die die von Intel produzierten Chips inzwischen in allen Apple-Rechnern ersetzt haben.<\/p>\n<p>Wie die vorangegangenen Chips vom Typ M1 und M2 soll auch Apples M3-Prozessor wieder in mehreren Konfigurationen erh\u00e4ltlich sein. Neben dem M3 werden ein M3 Pro und ein M3 Max erwartet, ein M3 Ultra gilt ebenfalls als gesetzt, taucht derzeit aber noch nicht in den Testl\u00e4ufen Cupertinos auf.<\/p>\n<p><a href=\"https:\/\/images.ifun.de\/wp-content\/uploads\/2020\/11\/m1-technologien-chip-2.jpg\"><img loading=\"lazy\" decoding=\"async\" class=\"aligncenter size-large wp-image-162134\" src=\"https:\/\/images.ifun.de\/wp-content\/uploads\/2020\/11\/m1-technologien-chip-2-700x391.jpg\" alt=\"M1 Technologien Chip 2\" width=\"700\" height=\"391\" srcset=\"https:\/\/images.ifun.de\/wp-content\/uploads\/2020\/11\/m1-technologien-chip-2-700x391.jpg 700w, https:\/\/images.ifun.de\/wp-content\/uploads\/2020\/11\/m1-technologien-chip-2-500x279.jpg 500w, https:\/\/images.ifun.de\/wp-content\/uploads\/2020\/11\/m1-technologien-chip-2-768x429.jpg 768w, https:\/\/images.ifun.de\/wp-content\/uploads\/2020\/11\/m1-technologien-chip-2.jpg 1535w\" sizes=\"auto, (max-width: 700px) 100vw, 700px\" \/><\/a><\/p>\n<h2>Die m\u00f6glichen M3-Kandidaten<\/h2>\n<p>Die ersten Apple-Rechner mit M3-Prozessoren d\u00fcrften uns bereits im Herbst erreichen. Als wahrscheinlichste Kandidaten f\u00fcr das Upgrade gelten hier das MacBook Pro mit 13 Zoll, der 24 Zoll gro\u00dfe iMac, das MacBook Air und der Mac mini.<\/p>\n<p><img loading=\"lazy\" decoding=\"async\" src=\"https:\/\/vg07.met.vgwort.de\/na\/e7107be30f364bb1b28766b473899cca\" width=\"1\" height=\"1\" no-lazy class=\"tracking\"><\/p>\n","protected":false},"excerpt":{"rendered":"<a href=\"https:\/\/www.ifun.de\/apple-m3-der-starke-max-und-die-moeglichen-kandidaten-215721\/\"><img width=\"150\" height=\"150\" src=\"https:\/\/images.ifun.de\/wp-content\/uploads\/2023\/08\/m3-max-feature-150x150.jpg\" class=\"alignright tfe wp-post-image\" alt=\"M3 Max Feature\" decoding=\"async\" loading=\"lazy\" \/><\/a><p>Bekommt ihr ohne nachzuschauen zusammen, welche Prozessoren Apple aktuell in welchen Modellen des MacBook-Lineups verbaut hat? Vom klassischen M1 bis hin zum M2 Ultra werden aktuell f\u00fcnf unterschiedliche Apple-Prozessoren in neuen Macs verkauft. Den inzwischen 32 Monate alten M1 erh\u00e4lt man beim Neukauf des iMac 24 Zoll und des MacBook Air mit 13 Zoll, im [&hellip;]<\/p>\n","protected":false},"author":1,"featured_media":215724,"comment_status":"open","ping_status":"closed","sticky":false,"template":"","format":"standard","meta":{"_acf_changed":false,"footnotes":""},"categories":[3],"tags":[4736,4968,3910,739,6245,6244,6322],"class_list":["post-215721","post","type-post","status-publish","format-standard","has-post-thumbnail","hentry","category-apple","tag-apple","tag-apple-prozessoren","tag-geruechte","tag-intel","tag-m3","tag-m3-max","tag-rumors"],"acf":[],"aioseo_notices":[],"subheadline":["Nach M1 und M2","Nach M1 und M2"],"featured_image":["https:\/\/images.ifun.de\/wp-content\/uploads\/2023\/08\/m3-max-feature.jpg"],"rest_api_enabler":{"subheadline":["Nach M1 und M2","Nach M1 und M2"],"featured_image":"https:\/\/images.ifun.de\/wp-content\/uploads\/2023\/08\/m3-max-feature.jpg"},"_links":{"self":[{"href":"https:\/\/www.ifun.de\/apiv2\/wp\/v2\/posts\/215721","targetHints":{"allow":["GET"]}}],"collection":[{"href":"https:\/\/www.ifun.de\/apiv2\/wp\/v2\/posts"}],"about":[{"href":"https:\/\/www.ifun.de\/apiv2\/wp\/v2\/types\/post"}],"author":[{"embeddable":true,"href":"https:\/\/www.ifun.de\/apiv2\/wp\/v2\/users\/1"}],"replies":[{"embeddable":true,"href":"https:\/\/www.ifun.de\/apiv2\/wp\/v2\/comments?post=215721"}],"version-history":[{"count":2,"href":"https:\/\/www.ifun.de\/apiv2\/wp\/v2\/posts\/215721\/revisions"}],"predecessor-version":[{"id":215725,"href":"https:\/\/www.ifun.de\/apiv2\/wp\/v2\/posts\/215721\/revisions\/215725"}],"wp:featuredmedia":[{"embeddable":true,"href":"https:\/\/www.ifun.de\/apiv2\/wp\/v2\/media\/215724"}],"wp:attachment":[{"href":"https:\/\/www.ifun.de\/apiv2\/wp\/v2\/media?parent=215721"}],"wp:term":[{"taxonomy":"category","embeddable":true,"href":"https:\/\/www.ifun.de\/apiv2\/wp\/v2\/categories?post=215721"},{"taxonomy":"post_tag","embeddable":true,"href":"https:\/\/www.ifun.de\/apiv2\/wp\/v2\/tags?post=215721"}],"curies":[{"name":"wp","href":"https:\/\/api.w.org\/{rel}","templated":true}]}}