{"id":215450,"date":"2023-08-03T07:48:06","date_gmt":"2023-08-03T05:48:06","guid":{"rendered":"https:\/\/www.ifun.de\/?p=215450"},"modified":"2023-08-03T07:50:51","modified_gmt":"2023-08-03T05:50:51","slug":"apple-pencil-zeichnet-bei-inoffiziell-getauschten-displays-nicht-mehr-gerade","status":"publish","type":"post","link":"https:\/\/www.ifun.de\/apple-pencil-zeichnet-bei-inoffiziell-getauschten-displays-nicht-mehr-gerade-215450\/","title":{"rendered":"Apple Pencil zeichnet bei inoffiziell getauschten Displays nicht gerade"},"content":{"rendered":"<p>Freie Reparaturanbieter unterstellen Apple einmal mehr, dass das Unternehmen einfache Reparaturen unn\u00f6tig erschwert. Funktionseinschr\u00e4nkungen sollen angeblich verhindern, dass Nutzer von kosteng\u00fcnstigen Alternativen profitieren k\u00f6nnen.<\/p>\n<p>Neuestes Beispiel ist der Apple Pencil, der nach einem nicht von Apple oder zertifizierten Reparaturbetrieben durchgef\u00fchrten Austausch des Displays nicht mehr korrekt funktioniert. Das Magazin <a href=\"https:\/\/www.forbes.com\/sites\/jaymcgregor\/2023\/07\/27\/apple-punishing-ipad-pro-buyers-with-new-pencil-software-lockdown\/\">Forbes<\/a> zitiert diesbez\u00fcglich den Betreiber des Londoner Reparaturshops <a href=\"iCorrect.co.uk\">iCorrect<\/a>, dem zufolge man bereits wenn man nur die Bildschirme zweier iPads tauscht nicht mehr exakt mit dem Apple Pencil arbeiten kann.<\/p>\n<p><div class=\"responsive-video\"><iframe loading=\"lazy\" title=\"Apple have now serialised the Pencil functionality on the newest generations of the iPad Pro\" width=\"500\" height=\"281\" src=\"https:\/\/www.youtube-nocookie.com\/embed\/0sWmBNj6Eok?feature=oembed\" frameborder=\"0\" allow=\"accelerometer; autoplay; clipboard-write; encrypted-media; gyroscope; picture-in-picture; web-share\" referrerpolicy=\"strict-origin-when-cross-origin\" allowfullscreen><\/iframe><\/div><\/p>\n<p>Betroffen sei mittlerweile auch die f\u00fcnfte und sechste Generation des iPad Pro 12,9 Zoll sowie die dritte und vierte Generation des iPad Pro mit 11 Zoll Bildschirmgr\u00f6\u00dfe. Apple habe seinen \u201eHardware-Lockdown\u201c erst unl\u00e4ngst auf diese Modelle erweitert. Ein in den Bildschirm integrierter Speicherchip sorge daf\u00fcr, dass sich der Apple Pencil nur dann in vollem Umfang nutzen lasse, wenn dieser Bildschirm auch mit der ihm urspr\u00fcnglich zugeteilten Hauptplatine verbunden ist. Der Ersatz beispielsweise durch einen gebrauchten iPad-Bildschirm sei nicht m\u00f6glich, sondern es m\u00fcssten zwingend neue Originalteile verwendet und registriert werden &#8211; es sei denn man sei in der Lage, auch den zugeh\u00f6rigen alten Registrierungs-Chip mit dem Bildschirm zu verbinden.<\/p>\n<h2>Vorsicht beim Kauf von gebrauchten Ger\u00e4ten<\/h2>\n<p>Im Umkehrschluss bedeutet dies, dass ihr nicht nur bei selbst in Auftrag gegebenen Bildschirmreparaturen, sondern auch beim Kauf von Gebrauchtger\u00e4ten aufpassen m\u00fcsst. Auf der Diskussionsplattform <a href=\"https:\/\/www.reddit.com\/r\/ipad\/comments\/13q5dvo\/jittery_diagonal_lines_on_ipad_mini_using_apple\/\">Reddit<\/a> berichtet ein Nutzer, dass er mit einem gebraucht gekauften iPad mini der sechsten Generation entsprechende Probleme hat, bei dem ebenfalls der Bildschirm repariert wurde.<\/p>\n<h2>Apple Pencil 2 aktuell f\u00fcr 109 Euro<\/h2>\n<p>Wenn wir vom Apple Pencil sprechen, hier noch schnell der Hinweis auf die aktuelle Preissenkung f\u00fcr den Zeichenstift. Amazon bietet den neuen <a rel=\"noindex, nofollow\" href=\"http:\/\/www.ifun.de\/amzn\/B07K2PK3BV\">Apple Pencil der 2. Generation<\/a> momentan f\u00fcr 109 Euro statt 149 Euro an. Den <a rel=\"noindex, nofollow\" href=\"http:\/\/www.ifun.de\/amzn\/B0BJM63GQK\">Apple Pencil der 1. Generation<\/a> bekommt man derzeit f\u00fcr 95,99 Euro statt 119 Euro.<img loading=\"lazy\" decoding=\"async\" src=\"https:\/\/vg05.met.vgwort.de\/na\/bbdff876244246b29eabd0a5a93c558d\" width=\"1\" height=\"1\" no-lazy class=\"tracking\"><\/p>\n<script>\r\n  function open_amazon(link) {\r\n    if (navigator.userAgent.indexOf(\"Firefox\") != -1) {\r\n      window.open(link, '_blank');\r\n    } else {\r\n      var tag = document.createElement('a');\r\n      tag.setAttribute('href', link);\r\n      tag.innerHTML = \"amzn\";\r\n      tag.click();\r\n    }\r\n  }\r\n<\/script>\r\n    <div id=\"article-single-amazon-preview\" onclick=\"return open_amazon('https:\/\/www.amazon.de\/dp\/B07K2PK3BV?tag=musicweb02&linkCode=ogi&th=1&psc=1');\">\n  <div id=\"article-single-amazon-preview-header\">\n    <span class=\"title\">Produkthinweis<\/span>\n      <\/div>\n  <div id=\"article-single-amazon-preview-content\">\n    <div id=\"article-single-amazon-preview-img\" style=\"background: url('https:\/\/m.media-amazon.com\/images\/I\/11GJUFeqGWL.jpg') center center no-repeat; background-size: cover;\"><\/div>\n    <div id=\"article-single-amazon-preview-desc\">\n      <span class=\"bezeichnung\"><a href=\"https:\/\/www.amazon.de\/dp\/B07K2PK3BV?tag=musicweb02&linkCode=ogi&th=1&psc=1\" style=\"text-decoration: none; border-bottom: 0px; box-shadow: none;\">Apple Pencil (2. Generation)<\/a><\/span>\n      <span class=\"preis--aktuell\"><\/span>\n      <span class=\"preis--alt\"><\/span>\n    <\/div>\n  <\/div>\n<\/div>\n","protected":false},"excerpt":{"rendered":"<a href=\"https:\/\/www.ifun.de\/apple-pencil-zeichnet-bei-inoffiziell-getauschten-displays-nicht-mehr-gerade-215450\/\"><img width=\"150\" height=\"150\" src=\"https:\/\/images.ifun.de\/wp-content\/uploads\/2023\/08\/ipad-apple-pencil-striche-150x150.jpg\" class=\"alignright tfe wp-post-image\" alt=\"Ipad Apple Pencil Striche\" decoding=\"async\" loading=\"lazy\" \/><\/a><p>Freie Reparaturanbieter unterstellen Apple einmal mehr, dass das Unternehmen einfache Reparaturen unn\u00f6tig erschwert. Funktionseinschr\u00e4nkungen sollen angeblich verhindern, dass Nutzer von kosteng\u00fcnstigen Alternativen profitieren k\u00f6nnen. Neuestes Beispiel ist der Apple Pencil, der nach einem nicht von Apple oder zertifizierten Reparaturbetrieben durchgef\u00fchrten Austausch des Displays nicht mehr korrekt funktioniert. Das Magazin Forbes zitiert diesbez\u00fcglich den Betreiber des [&hellip;]<\/p>\n","protected":false},"author":2,"featured_media":215453,"comment_status":"open","ping_status":"closed","sticky":false,"template":"","format":"standard","meta":{"_acf_changed":false,"footnotes":""},"categories":[10],"tags":[2868,4740,123],"class_list":["post-215450","post","type-post","status-publish","format-standard","has-post-thumbnail","hentry","category-ipad","tag-apple-pencil","tag-ipad","tag-reparatur"],"acf":[],"aioseo_notices":[],"subheadline":["Hardware-Lock-Vorw\u00fcrfe gegen Apple"],"featured_image":["https:\/\/images.ifun.de\/wp-content\/uploads\/2023\/08\/ipad-apple-pencil-striche.jpg"],"rest_api_enabler":{"subheadline":"Hardware-Lock-Vorw\u00fcrfe gegen Apple","featured_image":"https:\/\/images.ifun.de\/wp-content\/uploads\/2023\/08\/ipad-apple-pencil-striche.jpg"},"_links":{"self":[{"href":"https:\/\/www.ifun.de\/apiv2\/wp\/v2\/posts\/215450","targetHints":{"allow":["GET"]}}],"collection":[{"href":"https:\/\/www.ifun.de\/apiv2\/wp\/v2\/posts"}],"about":[{"href":"https:\/\/www.ifun.de\/apiv2\/wp\/v2\/types\/post"}],"author":[{"embeddable":true,"href":"https:\/\/www.ifun.de\/apiv2\/wp\/v2\/users\/2"}],"replies":[{"embeddable":true,"href":"https:\/\/www.ifun.de\/apiv2\/wp\/v2\/comments?post=215450"}],"version-history":[{"count":8,"href":"https:\/\/www.ifun.de\/apiv2\/wp\/v2\/posts\/215450\/revisions"}],"predecessor-version":[{"id":215464,"href":"https:\/\/www.ifun.de\/apiv2\/wp\/v2\/posts\/215450\/revisions\/215464"}],"wp:featuredmedia":[{"embeddable":true,"href":"https:\/\/www.ifun.de\/apiv2\/wp\/v2\/media\/215453"}],"wp:attachment":[{"href":"https:\/\/www.ifun.de\/apiv2\/wp\/v2\/media?parent=215450"}],"wp:term":[{"taxonomy":"category","embeddable":true,"href":"https:\/\/www.ifun.de\/apiv2\/wp\/v2\/categories?post=215450"},{"taxonomy":"post_tag","embeddable":true,"href":"https:\/\/www.ifun.de\/apiv2\/wp\/v2\/tags?post=215450"}],"curies":[{"name":"wp","href":"https:\/\/api.w.org\/{rel}","templated":true}]}}