{"id":214972,"date":"2023-07-27T07:30:49","date_gmt":"2023-07-27T05:30:49","guid":{"rendered":"https:\/\/www.ifun.de\/?p=214972"},"modified":"2023-07-27T07:31:34","modified_gmt":"2023-07-27T05:31:34","slug":"kulturpass-soll-auf-juengere-ausgeweitet-werden","status":"publish","type":"post","link":"https:\/\/www.ifun.de\/kulturpass-soll-auf-juengere-ausgeweitet-werden-214972\/","title":{"rendered":"200 Euro Kulturguthaben: Kulturpass soll auf J\u00fcngere ausgeweitet werden"},"content":{"rendered":"<p>Seit Mitte Juni haben alle Menschen die in diesem Jahr 18 werden (oder schon wurden) Zugriff auf den so genannten <a href=\"https:\/\/www.kulturpass.de\">Kulturpass<\/a>. Das Angebot der Bundesregierung, das in diesem Jahr erstmals zur Verf\u00fcgung gestellt wird, versorgt alle interessierten Nutzer mit einem Kultur-Budget in H\u00f6he von 200 Euro. Geld, das auf einem Digitalen Marktplatz f\u00fcr Kulturangebote wie Konzertbesuche, Platten, Musikinstrumente, Workshops und mehr ausgegeben werden kann. Gro\u00dfe Versandkonzerne sind allerdings von dem Angebot ausgenommen.<\/p>\n<p><a href=\"https:\/\/images.ifun.de\/wp-content\/uploads\/2023\/07\/KulturPass_Landingpage_Nutzer_Header_App_Launch_2800x1356px.jpg\"><img loading=\"lazy\" decoding=\"async\" class=\"aligncenter size-medium wp-image-214974\" src=\"https:\/\/images.ifun.de\/wp-content\/uploads\/2023\/07\/KulturPass_Landingpage_Nutzer_Header_App_Launch_2800x1356px-500x242.jpg\" alt=\"KulturPass Landingpage Nutzer Header App Launch 2800x1356px\" width=\"500\" height=\"242\" srcset=\"https:\/\/images.ifun.de\/wp-content\/uploads\/2023\/07\/KulturPass_Landingpage_Nutzer_Header_App_Launch_2800x1356px-500x242.jpg 500w, https:\/\/images.ifun.de\/wp-content\/uploads\/2023\/07\/KulturPass_Landingpage_Nutzer_Header_App_Launch_2800x1356px-700x339.jpg 700w, https:\/\/images.ifun.de\/wp-content\/uploads\/2023\/07\/KulturPass_Landingpage_Nutzer_Header_App_Launch_2800x1356px-768x372.jpg 768w, https:\/\/images.ifun.de\/wp-content\/uploads\/2023\/07\/KulturPass_Landingpage_Nutzer_Header_App_Launch_2800x1356px.jpg 1500w\" sizes=\"auto, (max-width: 500px) 100vw, 500px\" \/><\/a><\/p>\n<p>Nach den kulturellen Entbehrungen der Pandemie soll der Kulturpass dazu beitragen Kulturschaffende und junge Anwender wieder zusammenzubringen und st\u00f6\u00dft derzeit auf eine recht hohe Akzeptanz. Eineinhalb Monate nach dem Start der Kulturpass-App, die zusammen mit dem digitalen Personalausweis f\u00fcr die Beantragung der Einmalzahlung vorausgesetzt wird, haben sich bereits 320.000 Anwenderinnen und Anwender registriert. Gut 113.000 Nutzer sollen ihr Budget bereits abgerufen haben. Insgesamt sollen in Deutschland rund 750.000 Berechtigte den grunds\u00e4tzlichn Anspruch auf die Mittel aus dem Kulturpass-Topf haben.<\/p>\n<p><a href=\"https:\/\/images.ifun.de\/wp-content\/uploads\/2023\/07\/kulturpass-app.jpg\"><img loading=\"lazy\" decoding=\"async\" class=\"aligncenter size-large wp-image-214975\" src=\"https:\/\/images.ifun.de\/wp-content\/uploads\/2023\/07\/kulturpass-app-675x700.jpg\" alt=\"Kulturpass App\" width=\"675\" height=\"700\" srcset=\"https:\/\/images.ifun.de\/wp-content\/uploads\/2023\/07\/kulturpass-app-675x700.jpg 675w, https:\/\/images.ifun.de\/wp-content\/uploads\/2023\/07\/kulturpass-app-482x500.jpg 482w, https:\/\/images.ifun.de\/wp-content\/uploads\/2023\/07\/kulturpass-app-768x797.jpg 768w, https:\/\/images.ifun.de\/wp-content\/uploads\/2023\/07\/kulturpass-app.jpg 960w\" sizes=\"auto, (max-width: 675px) 100vw, 675px\" \/><\/a><\/p>\n<h2>15- bis 17-J\u00e4hrige im Gespr\u00e4ch<\/h2>\n<p>Eine Zahl, die bereits im kommenden Jahr ordentlich anwachsen d\u00fcrfte. So hat Kulturstaatsministerin Claudia Roth gegen\u00fcber der Rheinischen Post angek\u00fcndigt, den Kulturpass schon im kommenden Jahr auch auf 15- bis 17-J\u00e4hrige ausweiten zu wollen. Voraussetzung ist, dass das Angebot als erfolgreich eingestuft und der Kulturpass im kommenden Jahr erneut angeboten wird.<\/p>\n<p>Auf <a href=\"https:\/\/www.kulturpass.de\">dem digitalen Marktplatz<\/a>, auf dem die Kulturschaffenden ihre Inhalte anbieten k\u00f6nnen, die sich mit dem 200-Euro-Budget erwerben lassen, h\u00e4tten sich inzwischen 7.000 Verk\u00e4ufer registriert. Darunter Kinos, Buchhandlungen und Festival-Veranstalter. Den meisten Umsatz w\u00fcrden bislang die Konzertbesuche generieren.<\/p>\n<!-- WP-Appbox (Version: 4.5.12 \/\/ Store: appstore \/\/ ID: 6446174970) -->\t<!-- app-link -->\n\t<div id=\"article-single-app-preview\">\n\t\t<div id=\"article-single-app-preview-header\">\n\t\t\t<span class=\"title\">Laden im App Store<\/span>\n\t\t<\/div>\n\t\t<div id=\"article-single-app-preview-content\">\n\t\t\t<div id=\"article-single-app-preview-img\"><img loading=\"lazy\" decoding=\"async\" src=\"\/\/is1-ssl.mzstatic.com\/image\/thumb\/Purple211\/v4\/cd\/66\/fe\/cd66fe50-2e8a-375d-9a9d-d049f6b63938\/AppIcon-0-0-1x_U007ephone-0-1-85-220.png\/200x200ia-75.png\" alt=\"KulturPass DE\"  height=\"72\" width=\"72\" class=\"asl-icon-img\" \/><\/div>\n\t\t\t<div id=\"article-single-app-preview-desc\">\n\t\t\t\t<span class=\"name\">KulturPass DE<\/span><br \/>\n\t\t\t\t<span class=\"seller\">Entwickler: <a target=\"_blank\" rel=\"nofollow\" href=\"https:\/\/apps.apple.com\/de\/developer\/beauftragte-der-bundesregierung-fuer-kultur-und-medien\/id1676448863\">Beauftragte der Bundesregierung fuer Kultur und Medien<\/a><\/span>\n\t\t\t<\/div>\n\t\t\t<a target=\"_blank\" rel=\"nofollow\" href=\"https:\/\/apps.apple.com\/de\/app\/kulturpass-de\/id6446174970\"><div id=\"article-single-app-preview-download\">Preis: Kostenlos<br \/>\n\t\t\t<span class=\"size\">Laden<\/span><\/div><\/a>\n\t\t<\/div>\n\t\t<!-- <div id=\"article-single-app-preview-footer\"><\/div>\t-->\n\t<\/div>\n\t<!-- app-link\/ende --><!-- \/WP-Appbox -->\n<p><video poster=\"\" preload=\"auto\" controls=\"controls\" width=\"100%\" ><source src=\"https:\/\/www.kulturpass.de\/fileadmin\/user_upload\/bkm_kulturpass_online_ausweis_fa_mut__720p_.mp4#t=0.01\" \/><\/video><\/p>\n<p><img loading=\"lazy\" decoding=\"async\" src=\"https:\/\/vg07.met.vgwort.de\/na\/a0f5b37fb5584ae0b168915b42f069d6\" width=\"1\" height=\"1\" no-lazy class=\"tracking\"><\/p>\n","protected":false},"excerpt":{"rendered":"<a href=\"https:\/\/www.ifun.de\/kulturpass-soll-auf-juengere-ausgeweitet-werden-214972\/\"><img width=\"150\" height=\"150\" src=\"https:\/\/images.ifun.de\/wp-content\/uploads\/2023\/07\/kulturpass-app-150x150.jpg\" class=\"alignright tfe wp-post-image\" alt=\"Kulturpass App\" decoding=\"async\" loading=\"lazy\" \/><\/a><p>Seit Mitte Juni haben alle Menschen die in diesem Jahr 18 werden (oder schon wurden) Zugriff auf den so genannten Kulturpass. Das Angebot der Bundesregierung, das in diesem Jahr erstmals zur Verf\u00fcgung gestellt wird, versorgt alle interessierten Nutzer mit einem Kultur-Budget in H\u00f6he von 200 Euro. Geld, das auf einem Digitalen Marktplatz f\u00fcr Kulturangebote wie [&hellip;]<\/p>\n","protected":false},"author":1,"featured_media":214975,"comment_status":"open","ping_status":"closed","sticky":false,"template":"","format":"standard","meta":{"_acf_changed":false,"footnotes":""},"categories":[1],"tags":[6156],"class_list":["post-214972","post","type-post","status-publish","format-standard","has-post-thumbnail","hentry","category-news","tag-kulturpass"],"acf":[],"aioseo_notices":[],"subheadline":["15- bis 17-J\u00e4hrige im Gespr\u00e4ch"],"featured_image":["https:\/\/images.ifun.de\/wp-content\/uploads\/2023\/05\/kulturpass-feature.jpg"],"rest_api_enabler":{"subheadline":"15- bis 17-J\u00e4hrige im Gespr\u00e4ch","featured_image":"https:\/\/images.ifun.de\/wp-content\/uploads\/2023\/05\/kulturpass-feature.jpg"},"_links":{"self":[{"href":"https:\/\/www.ifun.de\/apiv2\/wp\/v2\/posts\/214972","targetHints":{"allow":["GET"]}}],"collection":[{"href":"https:\/\/www.ifun.de\/apiv2\/wp\/v2\/posts"}],"about":[{"href":"https:\/\/www.ifun.de\/apiv2\/wp\/v2\/types\/post"}],"author":[{"embeddable":true,"href":"https:\/\/www.ifun.de\/apiv2\/wp\/v2\/users\/1"}],"replies":[{"embeddable":true,"href":"https:\/\/www.ifun.de\/apiv2\/wp\/v2\/comments?post=214972"}],"version-history":[{"count":3,"href":"https:\/\/www.ifun.de\/apiv2\/wp\/v2\/posts\/214972\/revisions"}],"predecessor-version":[{"id":214978,"href":"https:\/\/www.ifun.de\/apiv2\/wp\/v2\/posts\/214972\/revisions\/214978"}],"wp:featuredmedia":[{"embeddable":true,"href":"https:\/\/www.ifun.de\/apiv2\/wp\/v2\/media\/214975"}],"wp:attachment":[{"href":"https:\/\/www.ifun.de\/apiv2\/wp\/v2\/media?parent=214972"}],"wp:term":[{"taxonomy":"category","embeddable":true,"href":"https:\/\/www.ifun.de\/apiv2\/wp\/v2\/categories?post=214972"},{"taxonomy":"post_tag","embeddable":true,"href":"https:\/\/www.ifun.de\/apiv2\/wp\/v2\/tags?post=214972"}],"curies":[{"name":"wp","href":"https:\/\/api.w.org\/{rel}","templated":true}]}}