{"id":214779,"date":"2023-07-25T07:58:51","date_gmt":"2023-07-25T05:58:51","guid":{"rendered":"https:\/\/www.ifun.de\/?p=214779"},"modified":"2023-07-30T07:50:12","modified_gmt":"2023-07-30T05:50:12","slug":"vision-pro-apple-verteilt-entwickler-kits-netflix-will-keins","status":"publish","type":"post","link":"https:\/\/www.ifun.de\/vision-pro-apple-verteilt-entwickler-kits-netflix-will-keins-214779\/","title":{"rendered":"Vision Pro: Apple verteilt Entwickler-Kits &#8211; Netflix will keins"},"content":{"rendered":"<p>Gleichzeitig mit der Ausgabe von iOS 16.6 und macOS Ventura 13.5 hat Apple am Montagabend auch \u00fcber Neuerungen in Sachen Apple Vision Pro informiert. Im Entwickler-Portal Cupertinos k\u00f6nnen sich interessierte Programmierer jetzt nicht nur um die Teilnahme an einem der so genannten <a href=\"https:\/\/developer.apple.com\/visionos\/labs\/\">Apple Vision Pro Developer Labs<\/a> bewerben, von Apple ausgew\u00e4hlte App-Anbieter k\u00f6nnen nun auch um <a href=\"https:\/\/developer.apple.com\/visionos\/developer-kit\/\">ein Entwickler-Kit der Datenbrille<\/a> bitten.<\/p>\n<p><a href=\"https:\/\/images.ifun.de\/wp-content\/uploads\/2023\/07\/entwikcler-kits-apple-vision-pro.jpg\"><img loading=\"lazy\" decoding=\"async\" class=\"aligncenter size-medium wp-image-214781\" src=\"https:\/\/images.ifun.de\/wp-content\/uploads\/2023\/07\/entwikcler-kits-apple-vision-pro-500x281.jpg\" alt=\"Entwikcler Kits Apple Vision Pro\" width=\"500\" height=\"281\" srcset=\"https:\/\/images.ifun.de\/wp-content\/uploads\/2023\/07\/entwikcler-kits-apple-vision-pro-500x281.jpg 500w, https:\/\/images.ifun.de\/wp-content\/uploads\/2023\/07\/entwikcler-kits-apple-vision-pro-700x394.jpg 700w, https:\/\/images.ifun.de\/wp-content\/uploads\/2023\/07\/entwikcler-kits-apple-vision-pro-768x432.jpg 768w, https:\/\/images.ifun.de\/wp-content\/uploads\/2023\/07\/entwikcler-kits-apple-vision-pro-1536x864.jpg 1536w, https:\/\/images.ifun.de\/wp-content\/uploads\/2023\/07\/entwikcler-kits-apple-vision-pro.jpg 1960w\" sizes=\"auto, (max-width: 500px) 100vw, 500px\" \/><\/a><\/p>\n<h2>Apple Vision Pro Entwickler-Kits<\/h2>\n<p><a href=\"https:\/\/developer.apple.com\/visionos\/developer-kit\/\">Bei den Entwickler-Kits<\/a> handelt es sich um Vorab-Modelle der Apple Vision Pro, die von Apple an ausgew\u00e4hlte App-Entwickler verliehen werden, damit diese ihre App-Angebote noch vor dem offiziellen Start der Datenbrille auf dem Ger\u00e4t testen und bestm\u00f6glich f\u00fcr den Einsatz in virtuellen Umgebungen optimieren k\u00f6nnen.<\/p>\n<p>Allerdings ist unklar wie hoch die Nachfrage nach den Brillen ausfallen wird. Viele Entwickler, wie etwa der Video-Streaming-Dienst Netflix, werden keine speziell angepassten Anwendungen f\u00fcr die Datenbrille anbieten, sondern die Nutzer der Apple Vision Pro schlicht auf die offizielle iPad-Applikation des Unternehmens <a href=\"https:\/\/twitter.com\/markgurman\/status\/1683236308163104769\">verweisen<\/a>.<\/p>\n<p><a href=\"https:\/\/images.ifun.de\/wp-content\/uploads\/2023\/07\/vision-side_2x-2000.jpg\"><img loading=\"lazy\" decoding=\"async\" class=\"aligncenter size-large wp-image-214783\" src=\"https:\/\/images.ifun.de\/wp-content\/uploads\/2023\/07\/vision-side_2x-2000-700x288.jpg\" alt=\"Vision Side 2x 2000\" width=\"700\" height=\"288\" srcset=\"https:\/\/images.ifun.de\/wp-content\/uploads\/2023\/07\/vision-side_2x-2000-700x288.jpg 700w, https:\/\/images.ifun.de\/wp-content\/uploads\/2023\/07\/vision-side_2x-2000-500x205.jpg 500w, https:\/\/images.ifun.de\/wp-content\/uploads\/2023\/07\/vision-side_2x-2000-768x315.jpg 768w, https:\/\/images.ifun.de\/wp-content\/uploads\/2023\/07\/vision-side_2x-2000-1536x631.jpg 1536w, https:\/\/images.ifun.de\/wp-content\/uploads\/2023\/07\/vision-side_2x-2000.jpg 1704w\" sizes=\"auto, (max-width: 700px) 100vw, 700px\" \/><\/a><\/p>\n<h2>Strenge Sicherheitsvorkehrungen<\/h2>\n<p>Entwickler, die sich f\u00fcr eines der Vorab-Modelle bewerben, m\u00fcssen strenge Nutzungsbedingungen akzeptieren, die unter anderem hohe Sicherheitsanforderungen an die Aufbewahrung der Apple Vision Pro stellen. Hier muss unter anderem abgenickt werden, dass sich die Apple Vision Pro im Einsatz stets unter direkter pers\u00f6nlicher Kontrolle befindet, die Brille also am Mann getragen oder &#8222;in direkten Sichtlinie&#8220; aufbewahrt wird.<\/p>\n<p>Entwickler m\u00fcssen zudem sicherstellen, dass keine unbefugte Personen auf die Vision Pro zugreifen, diese ansehen, handhaben oder benutzen, dazu geh\u00f6ren laut Apple auch &#8222;Familienangeh\u00f6rige, Freunde, Mitbewohner oder Haushaltsangestellte&#8220;.<\/p>\n<p><a href=\"https:\/\/images.ifun.de\/wp-content\/uploads\/2023\/07\/sicherheit-apple-vision-pro.png\"><img loading=\"lazy\" decoding=\"async\" class=\"aligncenter size-large wp-image-214784\" src=\"https:\/\/images.ifun.de\/wp-content\/uploads\/2023\/07\/sicherheit-apple-vision-pro-700x462.png\" alt=\"Sicherheit Apple Vision Pro\" width=\"700\" height=\"462\" srcset=\"https:\/\/images.ifun.de\/wp-content\/uploads\/2023\/07\/sicherheit-apple-vision-pro-700x462.png 700w, https:\/\/images.ifun.de\/wp-content\/uploads\/2023\/07\/sicherheit-apple-vision-pro-500x330.png 500w, https:\/\/images.ifun.de\/wp-content\/uploads\/2023\/07\/sicherheit-apple-vision-pro-768x506.png 768w, https:\/\/images.ifun.de\/wp-content\/uploads\/2023\/07\/sicherheit-apple-vision-pro-1536x1013.png 1536w, https:\/\/images.ifun.de\/wp-content\/uploads\/2023\/07\/sicherheit-apple-vision-pro.png 1932w\" sizes=\"auto, (max-width: 700px) 100vw, 700px\" \/><\/a><\/p>\n<h2>&#8222;Measure and Fit Application&#8220;<\/h2>\n<p>Ebenfalls im Kleingedruckten des Entwickler-Kits tauchen Hinweise auf eine &#8222;Measure and Fit Application&#8220; f\u00fcr iOS auf, die Apple wohl zur Anpassung der Datenbrille an die eigenen Kopf- und Gesichtsform nutzen wird.<\/p>\n<p><img loading=\"lazy\" decoding=\"async\" src=\"https:\/\/vg07.met.vgwort.de\/na\/ce62422f002949409d4af1fb0b77b968\" width=\"1\" height=\"1\" no-lazy class=\"tracking\"><\/p>\n","protected":false},"excerpt":{"rendered":"<a href=\"https:\/\/www.ifun.de\/vision-pro-apple-verteilt-entwickler-kits-netflix-will-keins-214779\/\"><img width=\"150\" height=\"150\" src=\"https:\/\/images.ifun.de\/wp-content\/uploads\/2023\/07\/sicherheit-apple-vision-pro-150x150.png\" class=\"alignright tfe wp-post-image\" alt=\"Sicherheit Apple Vision Pro\" decoding=\"async\" loading=\"lazy\" \/><\/a><p>Gleichzeitig mit der Ausgabe von iOS 16.6 und macOS Ventura 13.5 hat Apple am Montagabend auch \u00fcber Neuerungen in Sachen Apple Vision Pro informiert. Im Entwickler-Portal Cupertinos k\u00f6nnen sich interessierte Programmierer jetzt nicht nur um die Teilnahme an einem der so genannten Apple Vision Pro Developer Labs bewerben, von Apple ausgew\u00e4hlte App-Anbieter k\u00f6nnen nun auch [&hellip;]<\/p>\n","protected":false},"author":1,"featured_media":214784,"comment_status":"open","ping_status":"closed","sticky":false,"template":"","format":"standard","meta":{"_acf_changed":false,"footnotes":""},"categories":[1,1783],"tags":[6169,4738,1668],"class_list":["post-214779","post","type-post","status-publish","format-standard","has-post-thumbnail","hentry","category-news","category-feature","tag-apple-vision-pro","tag-entwickler","tag-netflix"],"acf":[],"aioseo_notices":[],"subheadline":["Strenge Sicherheitsvorkehrungen","Strenge Sicherheitsvorkehrungen"],"featured_image":["https:\/\/images.ifun.de\/wp-content\/uploads\/2023\/07\/apple-vision-pro-dev-kit.jpg"],"rest_api_enabler":{"subheadline":["Strenge Sicherheitsvorkehrungen","Strenge Sicherheitsvorkehrungen"],"featured_image":"https:\/\/images.ifun.de\/wp-content\/uploads\/2023\/07\/apple-vision-pro-dev-kit.jpg"},"_links":{"self":[{"href":"https:\/\/www.ifun.de\/apiv2\/wp\/v2\/posts\/214779","targetHints":{"allow":["GET"]}}],"collection":[{"href":"https:\/\/www.ifun.de\/apiv2\/wp\/v2\/posts"}],"about":[{"href":"https:\/\/www.ifun.de\/apiv2\/wp\/v2\/types\/post"}],"author":[{"embeddable":true,"href":"https:\/\/www.ifun.de\/apiv2\/wp\/v2\/users\/1"}],"replies":[{"embeddable":true,"href":"https:\/\/www.ifun.de\/apiv2\/wp\/v2\/comments?post=214779"}],"version-history":[{"count":2,"href":"https:\/\/www.ifun.de\/apiv2\/wp\/v2\/posts\/214779\/revisions"}],"predecessor-version":[{"id":214785,"href":"https:\/\/www.ifun.de\/apiv2\/wp\/v2\/posts\/214779\/revisions\/214785"}],"wp:featuredmedia":[{"embeddable":true,"href":"https:\/\/www.ifun.de\/apiv2\/wp\/v2\/media\/214784"}],"wp:attachment":[{"href":"https:\/\/www.ifun.de\/apiv2\/wp\/v2\/media?parent=214779"}],"wp:term":[{"taxonomy":"category","embeddable":true,"href":"https:\/\/www.ifun.de\/apiv2\/wp\/v2\/categories?post=214779"},{"taxonomy":"post_tag","embeddable":true,"href":"https:\/\/www.ifun.de\/apiv2\/wp\/v2\/tags?post=214779"}],"curies":[{"name":"wp","href":"https:\/\/api.w.org\/{rel}","templated":true}]}}