{"id":214364,"date":"2023-07-18T18:08:52","date_gmt":"2023-07-18T16:08:52","guid":{"rendered":"https:\/\/www.ifun.de\/?p=214364"},"modified":"2023-07-18T18:10:32","modified_gmt":"2023-07-18T16:10:32","slug":"neuer-anker-pencil-fuer-apples-ipad-im-anmarsch","status":"publish","type":"post","link":"https:\/\/www.ifun.de\/neuer-anker-pencil-fuer-apples-ipad-im-anmarsch-214364\/","title":{"rendered":"Neuer Anker Pencil f\u00fcr Apples iPad im Anmarsch"},"content":{"rendered":"<p>Der Zubeh\u00f6r-Anbieter Anker bereitet offenbar den Vertrieb eines neuen Eingabestiftes f\u00fcr Apples iPad vor und scheint diesen in den selben Pastellt\u00f6nen <a href=\"https:\/\/preview.redd.it\/j9r80kpiglcb1.png?width=800&amp;format=png&amp;auto=webp&amp;s=7b71d2b88077ac59f8e7d8dbb384864372c4d80a\">anbieten zu wollen<\/a>, die aktuell auch andere Anker-Accessoires, Ladeger\u00e4te und MagSafe-Komponenten schm\u00fccken.<\/p>\n<p><a href=\"https:\/\/images.ifun.de\/wp-content\/uploads\/2023\/07\/anker-pencil-farben.jpg\"><img loading=\"lazy\" decoding=\"async\" class=\"aligncenter size-medium wp-image-214367\" src=\"https:\/\/images.ifun.de\/wp-content\/uploads\/2023\/07\/anker-pencil-farben-500x446.jpg\" alt=\"Anker Pencil Farben\" width=\"500\" height=\"446\" srcset=\"https:\/\/images.ifun.de\/wp-content\/uploads\/2023\/07\/anker-pencil-farben-500x446.jpg 500w, https:\/\/images.ifun.de\/wp-content\/uploads\/2023\/07\/anker-pencil-farben-700x625.jpg 700w, https:\/\/images.ifun.de\/wp-content\/uploads\/2023\/07\/anker-pencil-farben-768x685.jpg 768w, https:\/\/images.ifun.de\/wp-content\/uploads\/2023\/07\/anker-pencil-farben.jpg 800w\" sizes=\"auto, (max-width: 500px) 100vw, 500px\" \/><\/a><\/p>\n<h2>Modell A7139 in mehreren Farben<\/h2>\n<p>Der Anker Pencil tr\u00e4gt die Modellbezeichnung A7139 und wird sich, wie Apples Original, magnetisch an der Seite des iPads fixieren lassen. Geladen wird der Pencil hier allerdings nicht, sondern soll daf\u00fcr auf eine Kabelverbindung per USB-C angewiesen sein. Die Ladezeit soll unter einer halben Stunde liegen.<\/p>\n<p>Die Verbindung mit Apples Tablet erfolgt per Bluetooth, die Spitzen des Eingabestiftes sind wechselbar und sollen, wenn die zwei im Lieferumfang befindlichen Spitzen abgenutzt sind, kompatibel mit den von Apple angebotenen Apple-Pencil-Spitzen sein.<\/p>\n<p><a href=\"https:\/\/images.ifun.de\/wp-content\/uploads\/2023\/07\/anker-pencil-eckdaten.jpg\"><img loading=\"lazy\" decoding=\"async\" class=\"aligncenter size-large wp-image-214368\" src=\"https:\/\/images.ifun.de\/wp-content\/uploads\/2023\/07\/anker-pencil-eckdaten-700x350.jpg\" alt=\"Anker Pencil Eckdaten\" width=\"700\" height=\"350\" srcset=\"https:\/\/images.ifun.de\/wp-content\/uploads\/2023\/07\/anker-pencil-eckdaten-700x350.jpg 700w, https:\/\/images.ifun.de\/wp-content\/uploads\/2023\/07\/anker-pencil-eckdaten-500x250.jpg 500w, https:\/\/images.ifun.de\/wp-content\/uploads\/2023\/07\/anker-pencil-eckdaten-768x384.jpg 768w, https:\/\/images.ifun.de\/wp-content\/uploads\/2023\/07\/anker-pencil-eckdaten-1536x768.jpg 1536w, https:\/\/images.ifun.de\/wp-content\/uploads\/2023\/07\/anker-pencil-eckdaten.jpg 1600w\" sizes=\"auto, (max-width: 700px) 100vw, 700px\" \/><\/a><\/p>\n<p>Eine Schr\u00e4glagen-Sensorik soll die Strichst\u00e4rke des Stiftes beeinflussen, der im direkten Vergleich mit dem Apple Pencil etwa 0,1 mm gr\u00f6\u00dfer im Durchmesser, daf\u00fcr aber auch 5 Gramm leichter sein soll.<\/p>\n<p>Der Anker Pencil wird in den Farbvarianten Blau, Pink, Lila und Wei\u00df verf\u00fcgbar, der Stra\u00dfenpreis d\u00fcrfte irgendwo zwischen 20 und 30 Euro liegen. Zum Vergleich: Apples offizieller Apple Pencil wird bei amazon.de gerade mit einem Preisnachlass von 23 Prozent <a rel=\"noindex, nofollow\" href=\"http:\/\/www.ifun.de\/amzn\/B07K2PK3BV\">f\u00fcr 115 Euro angeboten<\/a>.<\/p>\n<p><a href=\"https:\/\/images.ifun.de\/wp-content\/uploads\/2023\/07\/magnetisch.jpg\"><img loading=\"lazy\" decoding=\"async\" class=\"aligncenter size-large wp-image-214369\" src=\"https:\/\/images.ifun.de\/wp-content\/uploads\/2023\/07\/magnetisch-700x496.jpg\" alt=\"Magnetisch\" width=\"700\" height=\"496\" srcset=\"https:\/\/images.ifun.de\/wp-content\/uploads\/2023\/07\/magnetisch-700x496.jpg 700w, https:\/\/images.ifun.de\/wp-content\/uploads\/2023\/07\/magnetisch-500x354.jpg 500w, https:\/\/images.ifun.de\/wp-content\/uploads\/2023\/07\/magnetisch-768x544.jpg 768w, https:\/\/images.ifun.de\/wp-content\/uploads\/2023\/07\/magnetisch.jpg 800w\" sizes=\"auto, (max-width: 700px) 100vw, 700px\" \/><\/a><\/p>\n<h2>Stra\u00dfenpreis zwischen 20 und 30 Euro<\/h2>\n<p>Derzeit kursierte zwar schon eine Liste voraussichtlich kompatibler Ger\u00e4te, allerdings sollte diese mit Vorsicht genossen werden, da von Anker selbst noch keine offizielle Best\u00e4tigung zum Produktstart vorliegt.<\/p>\n<p>M\u00f6glich w\u00e4re demnach die Unterst\u00fctzung der folgenden Ger\u00e4te-Typen:<\/p>\n<ul>\n<li>iPad Pro 12,9 Zoll (3. Generation und neuer)<\/li>\n<li>iPad Pro 11 Zoll (1. Generation und neuer)<\/li>\n<li>iPad Air (3. Generation und neuer)<\/li>\n<li>iPad (6. Generation und neuer)<\/li>\n<li>iPad mini (5. Generation und neuer)<\/li>\n<\/ul>\n<script>\r\n  function open_amazon(link) {\r\n    if (navigator.userAgent.indexOf(\"Firefox\") != -1) {\r\n      window.open(link, '_blank');\r\n    } else {\r\n      var tag = document.createElement('a');\r\n      tag.setAttribute('href', link);\r\n      tag.innerHTML = \"amzn\";\r\n      tag.click();\r\n    }\r\n  }\r\n<\/script>\r\n    <div id=\"article-single-amazon-preview\" onclick=\"return open_amazon('https:\/\/www.amazon.de\/dp\/B07K2PK3BV?tag=musicweb02&linkCode=ogi&th=1&psc=1');\">\n  <div id=\"article-single-amazon-preview-header\">\n    <span class=\"title\">Produkthinweis<\/span>\n      <\/div>\n  <div id=\"article-single-amazon-preview-content\">\n    <div id=\"article-single-amazon-preview-img\" style=\"background: url('https:\/\/m.media-amazon.com\/images\/I\/11GJUFeqGWL.jpg') center center no-repeat; background-size: cover;\"><\/div>\n    <div id=\"article-single-amazon-preview-desc\">\n      <span class=\"bezeichnung\"><a href=\"https:\/\/www.amazon.de\/dp\/B07K2PK3BV?tag=musicweb02&linkCode=ogi&th=1&psc=1\" style=\"text-decoration: none; border-bottom: 0px; box-shadow: none;\">Apple Pencil (2. Generation)<\/a><\/span>\n      <span class=\"preis--aktuell\">115 EUR<\/span>\n      <span class=\"preis--alt\"><\/span>\n    <\/div>\n  <\/div>\n<\/div>\n<p><img loading=\"lazy\" decoding=\"async\" src=\"https:\/\/vg07.met.vgwort.de\/na\/76c13726a2414c76bae533befe14ba04\" width=\"1\" height=\"1\" no-lazy class=\"tracking\"><\/p>\n","protected":false},"excerpt":{"rendered":"<a href=\"https:\/\/www.ifun.de\/neuer-anker-pencil-fuer-apples-ipad-im-anmarsch-214364\/\"><img width=\"150\" height=\"150\" src=\"https:\/\/images.ifun.de\/wp-content\/uploads\/2023\/07\/magnetisch-150x150.jpg\" class=\"alignright tfe wp-post-image\" alt=\"Magnetisch\" decoding=\"async\" loading=\"lazy\" \/><\/a><p>Der Zubeh\u00f6r-Anbieter Anker bereitet offenbar den Vertrieb eines neuen Eingabestiftes f\u00fcr Apples iPad vor und scheint diesen in den selben Pastellt\u00f6nen anbieten zu wollen, die aktuell auch andere Anker-Accessoires, Ladeger\u00e4te und MagSafe-Komponenten schm\u00fccken. Modell A7139 in mehreren Farben Der Anker Pencil tr\u00e4gt die Modellbezeichnung A7139 und wird sich, wie Apples Original, magnetisch an der Seite [&hellip;]<\/p>\n","protected":false},"author":1,"featured_media":214369,"comment_status":"open","ping_status":"closed","sticky":false,"template":"","format":"standard","meta":{"_acf_changed":false,"footnotes":""},"categories":[1],"tags":[2156,2868,3910,6322,6325],"class_list":["post-214364","post","type-post","status-publish","format-standard","has-post-thumbnail","hentry","category-news","tag-anker","tag-apple-pencil","tag-geruechte","tag-rumors","tag-zubehor"],"acf":[],"aioseo_notices":[],"subheadline":["Modell A7139 in mehreren Farben","Modell A7139 in mehreren Farben"],"featured_image":["https:\/\/images.ifun.de\/wp-content\/uploads\/2023\/07\/anker-pencil.jpg"],"rest_api_enabler":{"subheadline":["Modell A7139 in mehreren Farben","Modell A7139 in mehreren Farben"],"featured_image":"https:\/\/images.ifun.de\/wp-content\/uploads\/2023\/07\/anker-pencil.jpg"},"_links":{"self":[{"href":"https:\/\/www.ifun.de\/apiv2\/wp\/v2\/posts\/214364","targetHints":{"allow":["GET"]}}],"collection":[{"href":"https:\/\/www.ifun.de\/apiv2\/wp\/v2\/posts"}],"about":[{"href":"https:\/\/www.ifun.de\/apiv2\/wp\/v2\/types\/post"}],"author":[{"embeddable":true,"href":"https:\/\/www.ifun.de\/apiv2\/wp\/v2\/users\/1"}],"replies":[{"embeddable":true,"href":"https:\/\/www.ifun.de\/apiv2\/wp\/v2\/comments?post=214364"}],"version-history":[{"count":2,"href":"https:\/\/www.ifun.de\/apiv2\/wp\/v2\/posts\/214364\/revisions"}],"predecessor-version":[{"id":214370,"href":"https:\/\/www.ifun.de\/apiv2\/wp\/v2\/posts\/214364\/revisions\/214370"}],"wp:featuredmedia":[{"embeddable":true,"href":"https:\/\/www.ifun.de\/apiv2\/wp\/v2\/media\/214369"}],"wp:attachment":[{"href":"https:\/\/www.ifun.de\/apiv2\/wp\/v2\/media?parent=214364"}],"wp:term":[{"taxonomy":"category","embeddable":true,"href":"https:\/\/www.ifun.de\/apiv2\/wp\/v2\/categories?post=214364"},{"taxonomy":"post_tag","embeddable":true,"href":"https:\/\/www.ifun.de\/apiv2\/wp\/v2\/tags?post=214364"}],"curies":[{"name":"wp","href":"https:\/\/api.w.org\/{rel}","templated":true}]}}