{"id":213813,"date":"2023-07-11T08:19:42","date_gmt":"2023-07-11T06:19:42","guid":{"rendered":"https:\/\/www.ifun.de\/?p=213813"},"modified":"2023-07-11T08:19:42","modified_gmt":"2023-07-11T06:19:42","slug":"prime-day-die-angebote-von-baseus-im-ueberblick","status":"publish","type":"post","link":"https:\/\/www.ifun.de\/prime-day-die-angebote-von-baseus-im-ueberblick-213813\/","title":{"rendered":"Prime Day: Die Angebote von BASEUS im \u00dcberblick"},"content":{"rendered":"<p>Der Accessoires-Anbieter<a rel=\"noindex, nofollow\" href=\"https:\/\/www.amazon.de\/s?k=baseus&amp;i=electronics&amp;rh=n%3A562066%2Cp_89%3ABaseus%2Cp_n_deal_type%3A26902993031&amp;s=date-desc-rank&amp;dc=&amp;ds=v1%3AsUya%2BNu2kqAlOCkW03yR%2BRfWDas%2BKtffw12LUUkMz7w&amp;__mk_de_DE=%C3%85M%C3%85%C5%BD%C3%95%C3%91&amp;crid=2J7BL5MGIU3TM&amp;qid=1689053591&amp;rnid=26902991031&amp;sprefix=baseus%2Celectronics%2C96&amp;linkCode=ll2&amp;tag=musicweb02&amp;linkId=b53acbf715f84aa944fde63b52787bc8&amp;language=de_DE&amp;ref_=as_li_ss_tl\">BASEUS<\/a> ist im vergangenen Jahr mit ungew\u00f6hnlichen Lade-Komponenten aufgefallen, die wie im Fall des in wei\u00df und schwarz erh\u00e4ltlichen <a rel=\"noindex, nofollow\" href=\"http:\/\/www.ifun.de\/amzn\/B0C1ZDVWLT\">65-Watt-Ladeturms<\/a> eine Steckdosen-Verl\u00e4ngerung mit zus\u00e4tzlichen Ladebuchsen und einem integrierten USB-C-Kabel kombinieren, das sich wie bei klassischen Staubsaugern ausziehen l\u00e4sst und sich nach dem Einsatz selbstst\u00e4ndig wieder aufrollt.<\/p>\n<p><a href=\"https:\/\/images.ifun.de\/wp-content\/uploads\/2023\/07\/ladeturm-baseus.jpg\"><img loading=\"lazy\" decoding=\"async\" class=\"aligncenter size-medium wp-image-213816\" src=\"https:\/\/images.ifun.de\/wp-content\/uploads\/2023\/07\/ladeturm-baseus-500x463.jpg\" alt=\"Ladeturm Baseus\" width=\"500\" height=\"463\" srcset=\"https:\/\/images.ifun.de\/wp-content\/uploads\/2023\/07\/ladeturm-baseus-500x463.jpg 500w, https:\/\/images.ifun.de\/wp-content\/uploads\/2023\/07\/ladeturm-baseus-700x648.jpg 700w, https:\/\/images.ifun.de\/wp-content\/uploads\/2023\/07\/ladeturm-baseus-768x711.jpg 768w, https:\/\/images.ifun.de\/wp-content\/uploads\/2023\/07\/ladeturm-baseus.jpg 1493w\" sizes=\"auto, (max-width: 500px) 100vw, 500px\" \/><\/a><\/p>\n<p>Die Kabell\u00e4nge des Ladeturms betr\u00e4gt dabei brauchbare 80 Zentimeter. Um auf dem Schreibtisch nicht zu verrutschen verf\u00fcgt der Turm \u00fcber eine selbsthaftende Standfu\u00df mit Nano-Oberfl\u00e4che, der jederzeit abgewaschen werden kann.<\/p>\n<script>\r\n  function open_amazon(link) {\r\n    if (navigator.userAgent.indexOf(\"Firefox\") != -1) {\r\n      window.open(link, '_blank');\r\n    } else {\r\n      var tag = document.createElement('a');\r\n      tag.setAttribute('href', link);\r\n      tag.innerHTML = \"amzn\";\r\n      tag.click();\r\n    }\r\n  }\r\n<\/script>\r\n    <div id=\"article-single-amazon-preview\" onclick=\"return open_amazon('https:\/\/www.amazon.de\/dp\/B0C1ZDVWLT?tag=musicweb02&linkCode=ogi&th=1&psc=1');\">\n  <div id=\"article-single-amazon-preview-header\">\n    <span class=\"title\">Produkthinweis<\/span>\n      <\/div>\n  <div id=\"article-single-amazon-preview-content\">\n    <div id=\"article-single-amazon-preview-img\" style=\"background: url('https:\/\/m.media-amazon.com\/images\/I\/31l-aMptUfL.jpg') center center no-repeat; background-size: cover;\"><\/div>\n    <div id=\"article-single-amazon-preview-desc\">\n      <span class=\"bezeichnung\"><a href=\"https:\/\/www.amazon.de\/dp\/B0C1ZDVWLT?tag=musicweb02&linkCode=ogi&th=1&psc=1\" style=\"text-decoration: none; border-bottom: 0px; box-shadow: none;\">Baseus USB C Ladeger\u00e4t 65W, GaN III Mehrfach Netzteil mit 2 Steckdose, USB-C&USB-A Schnellladeger\u00e4t mit USB C...<\/a><\/span>\n      <span class=\"preis--aktuell\">67,99 EUR<\/span>\n      <span class=\"preis--alt\"><\/span>\n    <\/div>\n  <\/div>\n<\/div>\n<h2>Eher ungew\u00f6hnliche Lade-Accessoires<\/h2>\n<p>Ein Konzept, das BASEUS so \u00e4hnlich auch <a rel=\"noindex, nofollow\" href=\"http:\/\/www.ifun.de\/amzn\/B0B4SBPDC8\">in einem liegenden Formfaktor<\/a> anbietet und sein 100-Watt-Netzteil ebenfalls mit einer Steckdosen-Verl\u00e4ngerung sowie zwei USB-C- und zwei USB-A-Ports anbietet.<\/p>\n<script>\r\n  function open_amazon(link) {\r\n    if (navigator.userAgent.indexOf(\"Firefox\") != -1) {\r\n      window.open(link, '_blank');\r\n    } else {\r\n      var tag = document.createElement('a');\r\n      tag.setAttribute('href', link);\r\n      tag.innerHTML = \"amzn\";\r\n      tag.click();\r\n    }\r\n  }\r\n<\/script>\r\n    <div id=\"article-single-amazon-preview\" onclick=\"return open_amazon('https:\/\/www.amazon.de\/dp\/B0B4SBPDC8?tag=musicweb02&linkCode=ogi&th=1&psc=1');\">\n  <div id=\"article-single-amazon-preview-header\">\n    <span class=\"title\">Produkthinweis<\/span>\n      <\/div>\n  <div id=\"article-single-amazon-preview-content\">\n    <div id=\"article-single-amazon-preview-img\" style=\"background: url('https:\/\/m.media-amazon.com\/images\/I\/41ljlXCmoML.jpg') center center no-repeat; background-size: cover;\"><\/div>\n    <div id=\"article-single-amazon-preview-desc\">\n      <span class=\"bezeichnung\"><a href=\"https:\/\/www.amazon.de\/dp\/B0B4SBPDC8?tag=musicweb02&linkCode=ogi&th=1&psc=1\" style=\"text-decoration: none; border-bottom: 0px; box-shadow: none;\">Baseus USB C Ladeger\u00e4t 65W, GaN III Mehrfach Netzteil mit Steckdose, 5 in 1 Schnellladeger\u00e4t mit Ladekabel, Tragbarer...<\/a><\/span>\n      <span class=\"preis--aktuell\">47,99 EUR<\/span>\n      <span class=\"preis--alt\"><\/span>\n    <\/div>\n  <\/div>\n<\/div>\n<p>F\u00fcr MacBook-Nutzer hat der Anbieter zudem einen <a rel=\"noindex, nofollow\" href=\"http:\/\/www.ifun.de\/amzn\/B0BFQXQWSV\">flachen Unterwegs-Akku<\/a> mit 20.000 mAh Kapazit\u00e4t im Angebot, der \u00fcber eine eigene Kapazit\u00e4tsanzeige verf\u00fcgt und 100 Watt Ladeleistung per Power Delivery bereitstellt.<\/p>\n<script>\r\n  function open_amazon(link) {\r\n    if (navigator.userAgent.indexOf(\"Firefox\") != -1) {\r\n      window.open(link, '_blank');\r\n    } else {\r\n      var tag = document.createElement('a');\r\n      tag.setAttribute('href', link);\r\n      tag.innerHTML = \"amzn\";\r\n      tag.click();\r\n    }\r\n  }\r\n<\/script>\r\n    <div id=\"article-single-amazon-preview\" onclick=\"return open_amazon('https:\/\/www.amazon.de\/dp\/B0BFQXQWSV?tag=musicweb02&linkCode=ogi&th=1&psc=1');\">\n  <div id=\"article-single-amazon-preview-header\">\n    <span class=\"title\">Produkthinweis<\/span>\n      <\/div>\n  <div id=\"article-single-amazon-preview-content\">\n    <div id=\"article-single-amazon-preview-img\" style=\"background: url('https:\/\/m.media-amazon.com\/images\/I\/41rOfs+HhqL.jpg') center center no-repeat; background-size: cover;\"><\/div>\n    <div id=\"article-single-amazon-preview-desc\">\n      <span class=\"bezeichnung\"><a href=\"https:\/\/www.amazon.de\/dp\/B0BFQXQWSV?tag=musicweb02&linkCode=ogi&th=1&psc=1\" style=\"text-decoration: none; border-bottom: 0px; box-shadow: none;\">Baseus Power Bank, Powerbank 20000mah 100W Slim Laptop Powerbank USB C Digitalanzeige Schnelllade Externe Handyakkus...<\/a><\/span>\n      <span class=\"preis--aktuell\">76,16 EUR<\/span>\n      <span class=\"preis--alt\"><\/span>\n    <\/div>\n  <\/div>\n<\/div>\n<p>Zum exklusiven Prime-Day-Pries werden zudem die beiden l\u00e4nglichen USB-Hubs des Anbieters offeriert, die als <a rel=\"noindex, nofollow\" href=\"http:\/\/www.ifun.de\/amzn\/B0BN5B3Y5B\">12-in-1-<\/a> und 11-in-1-Modelle zahlreiche Anschlussm\u00f6glichkeiten zur Verf\u00fcgung stellen, die das eigene MacBook um Netzwerkanschl\u00fcsse, Kartenlese, Monitor-Verbindungen und USB-Ports erweitern.<\/p>\n<script>\r\n  function open_amazon(link) {\r\n    if (navigator.userAgent.indexOf(\"Firefox\") != -1) {\r\n      window.open(link, '_blank');\r\n    } else {\r\n      var tag = document.createElement('a');\r\n      tag.setAttribute('href', link);\r\n      tag.innerHTML = \"amzn\";\r\n      tag.click();\r\n    }\r\n  }\r\n<\/script>\r\n    <div id=\"article-single-amazon-preview\" onclick=\"return open_amazon('https:\/\/www.amazon.de\/dp\/B09J7ZQXY9?tag=musicweb02&linkCode=ogi&th=1&psc=1');\">\n  <div id=\"article-single-amazon-preview-header\">\n    <span class=\"title\">Produkthinweis<\/span>\n      <\/div>\n  <div id=\"article-single-amazon-preview-content\">\n    <div id=\"article-single-amazon-preview-img\" style=\"background: url('https:\/\/m.media-amazon.com\/images\/I\/3164bIghh+L.jpg') center center no-repeat; background-size: cover;\"><\/div>\n    <div id=\"article-single-amazon-preview-desc\">\n      <span class=\"bezeichnung\"><a href=\"https:\/\/www.amazon.de\/dp\/B09J7ZQXY9?tag=musicweb02&linkCode=ogi&th=1&psc=1\" style=\"text-decoration: none; border-bottom: 0px; box-shadow: none;\">Baseus Laptop-Dockingstation Triple Display 12-in-1 mit 2 * 4K HDMI, DP, 100 W PD, 3 * USB 3.0, 1 * USB C, Gigabit...<\/a><\/span>\n      <span class=\"preis--aktuell\">79,99 EUR<\/span>\n      <span class=\"preis--alt\"><\/span>\n    <\/div>\n  <\/div>\n<\/div>\n<script>\r\n  function open_amazon(link) {\r\n    if (navigator.userAgent.indexOf(\"Firefox\") != -1) {\r\n      window.open(link, '_blank');\r\n    } else {\r\n      var tag = document.createElement('a');\r\n      tag.setAttribute('href', link);\r\n      tag.innerHTML = \"amzn\";\r\n      tag.click();\r\n    }\r\n  }\r\n<\/script>\r\n    <div id=\"article-single-amazon-preview\" onclick=\"return open_amazon('https:\/\/www.amazon.de\/dp\/B0BN5B3Y5B?tag=musicweb02&linkCode=ogi&th=1&psc=1');\">\n  <div id=\"article-single-amazon-preview-header\">\n    <span class=\"title\">Produkthinweis<\/span>\n      <\/div>\n  <div id=\"article-single-amazon-preview-content\">\n    <div id=\"article-single-amazon-preview-img\" style=\"background: url('https:\/\/m.media-amazon.com\/images\/I\/31ifX5z9slL.jpg') center center no-repeat; background-size: cover;\"><\/div>\n    <div id=\"article-single-amazon-preview-desc\">\n      <span class=\"bezeichnung\"><a href=\"https:\/\/www.amazon.de\/dp\/B0BN5B3Y5B?tag=musicweb02&linkCode=ogi&th=1&psc=1\" style=\"text-decoration: none; border-bottom: 0px; box-shadow: none;\">Baseus Laptop Docking Station Triple Display 12-in-1 with 2 * 4K HDMI, DP, 100W PD, 3* USB3.0, 1*USB C, Gigabit...<\/a><\/span>\n      <span class=\"preis--aktuell\">89,99 EUR<\/span>\n      <span class=\"preis--alt\"><\/span>\n    <\/div>\n  <\/div>\n<\/div>\n<h2>MagSafe-Zubeh\u00f6r f\u00fcr iPhone-Nutzer<\/h2>\n<p>F\u00fcr iPhone-Anwender bietet BASEUS im Rahmen des Prime Day sowohl seine MagSafe-Powerbank mit Standfu\u00df reduziert an als auch das wuchtig wirkende Modell mit 20.000 mAh. Die Powerbank versteht sich auf die induktive MagSafe-Ladung, kann aber auch per Kabel mit dem iPhone verbunden werden und liefert dann eine Ladeleistung von 20 Watt, was genug ist um Apples Schnelllademodus zu aktivieren.<\/p>\n<script>\r\n  function open_amazon(link) {\r\n    if (navigator.userAgent.indexOf(\"Firefox\") != -1) {\r\n      window.open(link, '_blank');\r\n    } else {\r\n      var tag = document.createElement('a');\r\n      tag.setAttribute('href', link);\r\n      tag.innerHTML = \"amzn\";\r\n      tag.click();\r\n    }\r\n  }\r\n<\/script>\r\n    <div id=\"article-single-amazon-preview\" onclick=\"return open_amazon('https:\/\/www.amazon.de\/dp\/B0B88QHQJ1?tag=musicweb02&linkCode=ogi&th=1&psc=1');\">\n  <div id=\"article-single-amazon-preview-header\">\n    <span class=\"title\">Produkthinweis<\/span>\n      <\/div>\n  <div id=\"article-single-amazon-preview-content\">\n    <div id=\"article-single-amazon-preview-img\" style=\"background: url('https:\/\/m.media-amazon.com\/images\/I\/31x-sIfOiWL.jpg') center center no-repeat; background-size: cover;\"><\/div>\n    <div id=\"article-single-amazon-preview-desc\">\n      <span class=\"bezeichnung\"><a href=\"https:\/\/www.amazon.de\/dp\/B0B88QHQJ1?tag=musicweb02&linkCode=ogi&th=1&psc=1\" style=\"text-decoration: none; border-bottom: 0px; box-shadow: none;\">Baseus Magsafe Powerbank 5000mAh mit Handyhalterung, Magnetische Powerbank f\u00fcr iPhone 14\/13\/12 Serie, LED-Anzeige...<\/a><\/span>\n      <span class=\"preis--aktuell\">50,99 EUR<\/span>\n      <span class=\"preis--alt\"><\/span>\n    <\/div>\n  <\/div>\n<\/div>\n<script>\r\n  function open_amazon(link) {\r\n    if (navigator.userAgent.indexOf(\"Firefox\") != -1) {\r\n      window.open(link, '_blank');\r\n    } else {\r\n      var tag = document.createElement('a');\r\n      tag.setAttribute('href', link);\r\n      tag.innerHTML = \"amzn\";\r\n      tag.click();\r\n    }\r\n  }\r\n<\/script>\r\n    <div id=\"article-single-amazon-preview\" onclick=\"return open_amazon('https:\/\/www.amazon.de\/dp\/B0C36DV6X9?tag=musicweb02&linkCode=ogi&th=1&psc=1');\">\n  <div id=\"article-single-amazon-preview-header\">\n    <span class=\"title\">Produkthinweis<\/span>\n      <\/div>\n  <div id=\"article-single-amazon-preview-content\">\n    <div id=\"article-single-amazon-preview-img\" style=\"background: url('https:\/\/m.media-amazon.com\/images\/I\/41xegTmqA3L.jpg') center center no-repeat; background-size: cover;\"><\/div>\n    <div id=\"article-single-amazon-preview-desc\">\n      <span class=\"bezeichnung\"><a href=\"https:\/\/www.amazon.de\/dp\/B0C36DV6X9?tag=musicweb02&linkCode=ogi&th=1&psc=1\" style=\"text-decoration: none; border-bottom: 0px; box-shadow: none;\">Baseus Magsafe Powerbank, 20000mAh Magnetic Powerbank Schnellladefunktion, PD 20W Kabellose Powerbank mit USB-C, Externe...<\/a><\/span>\n      <span class=\"preis--aktuell\">56,09 EUR<\/span>\n      <span class=\"preis--alt\"><\/span>\n    <\/div>\n  <\/div>\n<\/div>\n<p><img decoding=\"async\" src=\"https:\/\/vg06.met.vgwort.de\/na\/80e62d40beb14036af179feaca59266a\" width=\"1\" height=\"1\" no-lazy class=\"tracking\" loading=\"eager\"><\/p>\n","protected":false},"excerpt":{"rendered":"<a href=\"https:\/\/www.ifun.de\/prime-day-die-angebote-von-baseus-im-ueberblick-213813\/\"><img width=\"150\" height=\"150\" src=\"https:\/\/images.ifun.de\/wp-content\/uploads\/2023\/07\/ladeturm-baseus-150x150.jpg\" class=\"alignright tfe wp-post-image\" alt=\"Ladeturm Baseus\" decoding=\"async\" loading=\"lazy\" \/><\/a><p>Der Accessoires-AnbieterBASEUS ist im vergangenen Jahr mit ungew\u00f6hnlichen Lade-Komponenten aufgefallen, die wie im Fall des in wei\u00df und schwarz erh\u00e4ltlichen 65-Watt-Ladeturms eine Steckdosen-Verl\u00e4ngerung mit zus\u00e4tzlichen Ladebuchsen und einem integrierten USB-C-Kabel kombinieren, das sich wie bei klassischen Staubsaugern ausziehen l\u00e4sst und sich nach dem Einsatz selbstst\u00e4ndig wieder aufrollt. Die Kabell\u00e4nge des Ladeturms betr\u00e4gt dabei brauchbare 80 [&hellip;]<\/p>\n","protected":false},"author":1,"featured_media":213816,"comment_status":"open","ping_status":"closed","sticky":false,"template":"","format":"standard","meta":{"footnotes":""},"categories":[1],"tags":[784,5924,4578,40],"class_list":["post-213813","post","type-post","status-publish","format-standard","has-post-thumbnail","hentry","category-news","tag-angebote","tag-baseus","tag-prime-day","tag-sparen"],"aioseo_notices":[],"aioseo_head":"\n\t\t<!-- All in One SEO Pro 5.0.1.1 - aioseo.com -->\n\t<meta name=\"description\" content=\"Der Accessoires-AnbieterBASEUS ist im vergangenen Jahr mit ungew\u00f6hnlichen Lade-Komponenten aufgefallen, die wie im Fall des in wei\u00df und schwarz erh\u00e4ltlichen 65-Watt-Ladeturms eine Steckdosen-Verl\u00e4ngerung mit zus\u00e4tzlichen Ladebuchsen und einem integrierten USB-C-Kabel kombinieren, das sich wie bei klassischen Staubsaugern ausziehen l\u00e4sst und sich nach dem Einsatz selbstst\u00e4ndig wieder aufrollt. Die Kabell\u00e4nge des Ladeturms betr\u00e4gt dabei brauchbare 80\" \/>\n\t<meta name=\"robots\" content=\"max-image-preview:large\" \/>\n\t<meta name=\"author\" content=\"Nicolas\"\/>\n\t<meta name=\"google-site-verification\" content=\"uH_IhWlZO-QDb51DGwVoGT_GCZmfJp98klL3XmbE3ow\" \/>\n\t<link rel=\"canonical\" href=\"https:\/\/www.ifun.de\/prime-day-die-angebote-von-baseus-im-ueberblick-213813\/\" \/>\n\t<meta name=\"generator\" content=\"All in One SEO Pro (AIOSEO) 5.0.1.1\" \/>\n\t\t<meta property=\"og:locale\" content=\"de_DE\" \/>\n\t\t<meta property=\"og:site_name\" content=\"ifun.de | Apple-News seit 2001\" \/>\n\t\t<meta property=\"og:type\" content=\"article\" \/>\n\t\t<meta property=\"og:title\" content=\"Prime Day: Die Angebote von BASEUS im \u00dcberblick | ifun.de\" \/>\n\t\t<meta property=\"og:description\" content=\"Der Accessoires-AnbieterBASEUS ist im vergangenen Jahr mit ungew\u00f6hnlichen Lade-Komponenten aufgefallen, die wie im Fall des in wei\u00df und schwarz erh\u00e4ltlichen 65-Watt-Ladeturms eine Steckdosen-Verl\u00e4ngerung mit zus\u00e4tzlichen Ladebuchsen und einem integrierten USB-C-Kabel kombinieren, das sich wie bei klassischen Staubsaugern ausziehen l\u00e4sst und sich nach dem Einsatz selbstst\u00e4ndig wieder aufrollt. Die Kabell\u00e4nge des Ladeturms betr\u00e4gt dabei brauchbare 80\" \/>\n\t\t<meta property=\"og:url\" content=\"https:\/\/www.ifun.de\/prime-day-die-angebote-von-baseus-im-ueberblick-213813\/\" \/>\n\t\t<meta property=\"og:image\" content=\"https:\/\/images.ifun.de\/wp-content\/uploads\/2023\/07\/baseus-ladeturm.jpg\" \/>\n\t\t<meta property=\"og:image:secure_url\" content=\"https:\/\/images.ifun.de\/wp-content\/uploads\/2023\/07\/baseus-ladeturm.jpg\" \/>\n\t\t<meta property=\"og:image:width\" content=\"960\" \/>\n\t\t<meta property=\"og:image:height\" content=\"378\" \/>\n\t\t<meta property=\"article:published_time\" content=\"2023-07-11T06:19:42+00:00\" \/>\n\t\t<meta property=\"article:modified_time\" content=\"2023-07-11T06:19:42+00:00\" \/>\n\t\t<meta property=\"article:publisher\" content=\"https:\/\/facebook.com\/ifun.de\" \/>\n\t\t<meta name=\"twitter:card\" content=\"summary_large_image\" \/>\n\t\t<meta name=\"twitter:site\" content=\"@ifun_news\" \/>\n\t\t<meta name=\"twitter:title\" content=\"Prime Day: Die Angebote von BASEUS im \u00dcberblick | ifun.de\" \/>\n\t\t<meta name=\"twitter:description\" content=\"Der Accessoires-AnbieterBASEUS ist im vergangenen Jahr mit ungew\u00f6hnlichen Lade-Komponenten aufgefallen, die wie im Fall des in wei\u00df und schwarz erh\u00e4ltlichen 65-Watt-Ladeturms eine Steckdosen-Verl\u00e4ngerung mit zus\u00e4tzlichen Ladebuchsen und einem integrierten USB-C-Kabel kombinieren, das sich wie bei klassischen Staubsaugern ausziehen l\u00e4sst und sich nach dem Einsatz selbstst\u00e4ndig wieder aufrollt. Die Kabell\u00e4nge des Ladeturms betr\u00e4gt dabei brauchbare 80\" \/>\n\t\t<meta name=\"twitter:creator\" content=\"@ifun_news\" \/>\n\t\t<meta name=\"twitter:image\" content=\"https:\/\/images.ifun.de\/wp-content\/uploads\/2023\/07\/baseus-ladeturm.jpg\" \/>\n\t\t<script type=\"application\/ld+json\" class=\"aioseo-schema\">\n\t\t\t{\"@context\":\"https:\\\/\\\/schema.org\",\"@graph\":[{\"@type\":\"Article\",\"@id\":\"https:\\\/\\\/www.ifun.de\\\/prime-day-die-angebote-von-baseus-im-ueberblick-213813\\\/#article\",\"name\":\"Prime Day: Die Angebote von BASEUS im \\u00dcberblick | ifun.de\",\"headline\":\"Prime Day: Die Angebote von BASEUS im \\u00dcberblick\",\"author\":{\"@id\":\"https:\\\/\\\/www.ifun.de\\\/author\\\/admin\\\/#author\"},\"publisher\":{\"@id\":\"https:\\\/\\\/www.ifun.de\\\/#organization\"},\"image\":{\"@type\":\"ImageObject\",\"url\":\"https:\\\/\\\/images.ifun.de\\\/wp-content\\\/uploads\\\/2023\\\/07\\\/ladeturm-baseus.jpg\",\"width\":1493,\"height\":1383,\"caption\":\"Ladeturm Baseus\"},\"datePublished\":\"2023-07-11T08:19:42+02:00\",\"dateModified\":\"2023-07-11T08:19:42+02:00\",\"inLanguage\":\"de-DE\",\"commentCount\":3,\"mainEntityOfPage\":{\"@id\":\"https:\\\/\\\/www.ifun.de\\\/prime-day-die-angebote-von-baseus-im-ueberblick-213813\\\/#webpage\"},\"isPartOf\":{\"@id\":\"https:\\\/\\\/www.ifun.de\\\/prime-day-die-angebote-von-baseus-im-ueberblick-213813\\\/#webpage\"},\"articleSection\":\"News, Angebote, Baseus, Prime Day, sparen\"},{\"@type\":\"BreadcrumbList\",\"@id\":\"https:\\\/\\\/www.ifun.de\\\/prime-day-die-angebote-von-baseus-im-ueberblick-213813\\\/#breadcrumblist\",\"itemListElement\":[{\"@type\":\"ListItem\",\"@id\":\"https:\\\/\\\/www.ifun.de#listItem\",\"position\":1,\"name\":\"Home\",\"item\":\"https:\\\/\\\/www.ifun.de\",\"nextItem\":{\"@type\":\"ListItem\",\"@id\":\"https:\\\/\\\/www.ifun.de\\\/category\\\/news\\\/#listItem\",\"name\":\"News\"}},{\"@type\":\"ListItem\",\"@id\":\"https:\\\/\\\/www.ifun.de\\\/category\\\/news\\\/#listItem\",\"position\":2,\"name\":\"News\",\"item\":\"https:\\\/\\\/www.ifun.de\\\/category\\\/news\\\/\",\"nextItem\":{\"@type\":\"ListItem\",\"@id\":\"https:\\\/\\\/www.ifun.de\\\/prime-day-die-angebote-von-baseus-im-ueberblick-213813\\\/#listItem\",\"name\":\"Prime Day: Die Angebote von BASEUS im \\u00dcberblick\"},\"previousItem\":{\"@type\":\"ListItem\",\"@id\":\"https:\\\/\\\/www.ifun.de#listItem\",\"name\":\"Home\"}},{\"@type\":\"ListItem\",\"@id\":\"https:\\\/\\\/www.ifun.de\\\/prime-day-die-angebote-von-baseus-im-ueberblick-213813\\\/#listItem\",\"position\":3,\"name\":\"Prime Day: Die Angebote von BASEUS im \\u00dcberblick\",\"previousItem\":{\"@type\":\"ListItem\",\"@id\":\"https:\\\/\\\/www.ifun.de\\\/category\\\/news\\\/#listItem\",\"name\":\"News\"}}]},{\"@type\":\"Organization\",\"@id\":\"https:\\\/\\\/www.ifun.de\\\/#organization\",\"name\":\"ifun.de\",\"description\":\"Apple-News seit 2001\",\"url\":\"https:\\\/\\\/www.ifun.de\\\/\",\"telephone\":\"+493057707123\",\"logo\":{\"@type\":\"ImageObject\",\"url\":\"https:\\\/\\\/images.ifun.de\\\/wp-content\\\/uploads\\\/2026\\\/02\\\/apple-touch-icon.png\",\"@id\":\"https:\\\/\\\/www.ifun.de\\\/prime-day-die-angebote-von-baseus-im-ueberblick-213813\\\/#organizationLogo\",\"width\":512,\"height\":512,\"caption\":\"Apple Touch Icon\"},\"image\":{\"@id\":\"https:\\\/\\\/www.ifun.de\\\/prime-day-die-angebote-von-baseus-im-ueberblick-213813\\\/#organizationLogo\"},\"sameAs\":[\"https:\\\/\\\/facebook.com\\\/ifun.de\",\"https:\\\/\\\/x.com\\\/ifun_news\"]},{\"@type\":\"Person\",\"@id\":\"https:\\\/\\\/www.ifun.de\\\/author\\\/admin\\\/#author\",\"url\":\"https:\\\/\\\/www.ifun.de\\\/author\\\/admin\\\/\",\"name\":\"Nicolas\"},{\"@type\":\"WebPage\",\"@id\":\"https:\\\/\\\/www.ifun.de\\\/prime-day-die-angebote-von-baseus-im-ueberblick-213813\\\/#webpage\",\"url\":\"https:\\\/\\\/www.ifun.de\\\/prime-day-die-angebote-von-baseus-im-ueberblick-213813\\\/\",\"name\":\"Prime Day: Die Angebote von BASEUS im \\u00dcberblick | ifun.de\",\"description\":\"Der Accessoires-AnbieterBASEUS ist im vergangenen Jahr mit ungew\\u00f6hnlichen Lade-Komponenten aufgefallen, die wie im Fall des in wei\\u00df und schwarz erh\\u00e4ltlichen 65-Watt-Ladeturms eine Steckdosen-Verl\\u00e4ngerung mit zus\\u00e4tzlichen Ladebuchsen und einem integrierten USB-C-Kabel kombinieren, das sich wie bei klassischen Staubsaugern ausziehen l\\u00e4sst und sich nach dem Einsatz selbstst\\u00e4ndig wieder aufrollt. Die Kabell\\u00e4nge des Ladeturms betr\\u00e4gt dabei brauchbare 80\",\"inLanguage\":\"de-DE\",\"isPartOf\":{\"@id\":\"https:\\\/\\\/www.ifun.de\\\/#website\"},\"breadcrumb\":{\"@id\":\"https:\\\/\\\/www.ifun.de\\\/prime-day-die-angebote-von-baseus-im-ueberblick-213813\\\/#breadcrumblist\"},\"author\":{\"@id\":\"https:\\\/\\\/www.ifun.de\\\/author\\\/admin\\\/#author\"},\"creator\":{\"@id\":\"https:\\\/\\\/www.ifun.de\\\/author\\\/admin\\\/#author\"},\"image\":{\"@type\":\"ImageObject\",\"url\":\"https:\\\/\\\/images.ifun.de\\\/wp-content\\\/uploads\\\/2023\\\/07\\\/ladeturm-baseus.jpg\",\"@id\":\"https:\\\/\\\/www.ifun.de\\\/prime-day-die-angebote-von-baseus-im-ueberblick-213813\\\/#mainImage\",\"width\":1493,\"height\":1383,\"caption\":\"Ladeturm Baseus\"},\"primaryImageOfPage\":{\"@id\":\"https:\\\/\\\/www.ifun.de\\\/prime-day-die-angebote-von-baseus-im-ueberblick-213813\\\/#mainImage\"},\"datePublished\":\"2023-07-11T08:19:42+02:00\",\"dateModified\":\"2023-07-11T08:19:42+02:00\"},{\"@type\":\"WebSite\",\"@id\":\"https:\\\/\\\/www.ifun.de\\\/#website\",\"url\":\"https:\\\/\\\/www.ifun.de\\\/\",\"name\":\"ifun.de\",\"description\":\"Apple-News seit 2001\",\"inLanguage\":\"de-DE\",\"publisher\":{\"@id\":\"https:\\\/\\\/www.ifun.de\\\/#organization\"}}]}\n\t\t<\/script>\n\t\t<!-- All in One SEO Pro -->\r\n\t\t<title>Prime Day: Die Angebote von BASEUS im \u00dcberblick | ifun.de<\/title>\n\n","aioseo_head_json":{"title":"Prime Day: Die Angebote von BASEUS im \u00dcberblick | ifun.de","description":"Der Accessoires-AnbieterBASEUS ist im vergangenen Jahr mit ungew\u00f6hnlichen Lade-Komponenten aufgefallen, die wie im Fall des in wei\u00df und schwarz erh\u00e4ltlichen 65-Watt-Ladeturms eine Steckdosen-Verl\u00e4ngerung mit zus\u00e4tzlichen Ladebuchsen und einem integrierten USB-C-Kabel kombinieren, das sich wie bei klassischen Staubsaugern ausziehen l\u00e4sst und sich nach dem Einsatz selbstst\u00e4ndig wieder aufrollt. Die Kabell\u00e4nge des Ladeturms betr\u00e4gt dabei brauchbare 80","canonical_url":"https:\/\/www.ifun.de\/prime-day-die-angebote-von-baseus-im-ueberblick-213813\/","robots":"max-image-preview:large","keywords":"","webmasterTools":{"google-site-verification":"uH_IhWlZO-QDb51DGwVoGT_GCZmfJp98klL3XmbE3ow","miscellaneous":""},"schema":{"@context":"https:\/\/schema.org","@graph":[{"@type":"Article","@id":"https:\/\/www.ifun.de\/prime-day-die-angebote-von-baseus-im-ueberblick-213813\/#article","name":"Prime Day: Die Angebote von BASEUS im \u00dcberblick | ifun.de","headline":"Prime Day: Die Angebote von BASEUS im \u00dcberblick","author":{"@id":"https:\/\/www.ifun.de\/author\/admin\/#author"},"publisher":{"@id":"https:\/\/www.ifun.de\/#organization"},"image":{"@type":"ImageObject","url":"https:\/\/images.ifun.de\/wp-content\/uploads\/2023\/07\/ladeturm-baseus.jpg","width":1493,"height":1383,"caption":"Ladeturm Baseus"},"datePublished":"2023-07-11T08:19:42+02:00","dateModified":"2023-07-11T08:19:42+02:00","inLanguage":"de-DE","commentCount":3,"mainEntityOfPage":{"@id":"https:\/\/www.ifun.de\/prime-day-die-angebote-von-baseus-im-ueberblick-213813\/#webpage"},"isPartOf":{"@id":"https:\/\/www.ifun.de\/prime-day-die-angebote-von-baseus-im-ueberblick-213813\/#webpage"},"articleSection":"News, Angebote, Baseus, Prime Day, sparen"},{"@type":"BreadcrumbList","@id":"https:\/\/www.ifun.de\/prime-day-die-angebote-von-baseus-im-ueberblick-213813\/#breadcrumblist","itemListElement":[{"@type":"ListItem","@id":"https:\/\/www.ifun.de#listItem","position":1,"name":"Home","item":"https:\/\/www.ifun.de","nextItem":{"@type":"ListItem","@id":"https:\/\/www.ifun.de\/category\/news\/#listItem","name":"News"}},{"@type":"ListItem","@id":"https:\/\/www.ifun.de\/category\/news\/#listItem","position":2,"name":"News","item":"https:\/\/www.ifun.de\/category\/news\/","nextItem":{"@type":"ListItem","@id":"https:\/\/www.ifun.de\/prime-day-die-angebote-von-baseus-im-ueberblick-213813\/#listItem","name":"Prime Day: Die Angebote von BASEUS im \u00dcberblick"},"previousItem":{"@type":"ListItem","@id":"https:\/\/www.ifun.de#listItem","name":"Home"}},{"@type":"ListItem","@id":"https:\/\/www.ifun.de\/prime-day-die-angebote-von-baseus-im-ueberblick-213813\/#listItem","position":3,"name":"Prime Day: Die Angebote von BASEUS im \u00dcberblick","previousItem":{"@type":"ListItem","@id":"https:\/\/www.ifun.de\/category\/news\/#listItem","name":"News"}}]},{"@type":"Organization","@id":"https:\/\/www.ifun.de\/#organization","name":"ifun.de","description":"Apple-News seit 2001","url":"https:\/\/www.ifun.de\/","telephone":"+493057707123","logo":{"@type":"ImageObject","url":"https:\/\/images.ifun.de\/wp-content\/uploads\/2026\/02\/apple-touch-icon.png","@id":"https:\/\/www.ifun.de\/prime-day-die-angebote-von-baseus-im-ueberblick-213813\/#organizationLogo","width":512,"height":512,"caption":"Apple Touch Icon"},"image":{"@id":"https:\/\/www.ifun.de\/prime-day-die-angebote-von-baseus-im-ueberblick-213813\/#organizationLogo"},"sameAs":["https:\/\/facebook.com\/ifun.de","https:\/\/x.com\/ifun_news"]},{"@type":"Person","@id":"https:\/\/www.ifun.de\/author\/admin\/#author","url":"https:\/\/www.ifun.de\/author\/admin\/","name":"Nicolas"},{"@type":"WebPage","@id":"https:\/\/www.ifun.de\/prime-day-die-angebote-von-baseus-im-ueberblick-213813\/#webpage","url":"https:\/\/www.ifun.de\/prime-day-die-angebote-von-baseus-im-ueberblick-213813\/","name":"Prime Day: Die Angebote von BASEUS im \u00dcberblick | ifun.de","description":"Der Accessoires-AnbieterBASEUS ist im vergangenen Jahr mit ungew\u00f6hnlichen Lade-Komponenten aufgefallen, die wie im Fall des in wei\u00df und schwarz erh\u00e4ltlichen 65-Watt-Ladeturms eine Steckdosen-Verl\u00e4ngerung mit zus\u00e4tzlichen Ladebuchsen und einem integrierten USB-C-Kabel kombinieren, das sich wie bei klassischen Staubsaugern ausziehen l\u00e4sst und sich nach dem Einsatz selbstst\u00e4ndig wieder aufrollt. Die Kabell\u00e4nge des Ladeturms betr\u00e4gt dabei brauchbare 80","inLanguage":"de-DE","isPartOf":{"@id":"https:\/\/www.ifun.de\/#website"},"breadcrumb":{"@id":"https:\/\/www.ifun.de\/prime-day-die-angebote-von-baseus-im-ueberblick-213813\/#breadcrumblist"},"author":{"@id":"https:\/\/www.ifun.de\/author\/admin\/#author"},"creator":{"@id":"https:\/\/www.ifun.de\/author\/admin\/#author"},"image":{"@type":"ImageObject","url":"https:\/\/images.ifun.de\/wp-content\/uploads\/2023\/07\/ladeturm-baseus.jpg","@id":"https:\/\/www.ifun.de\/prime-day-die-angebote-von-baseus-im-ueberblick-213813\/#mainImage","width":1493,"height":1383,"caption":"Ladeturm Baseus"},"primaryImageOfPage":{"@id":"https:\/\/www.ifun.de\/prime-day-die-angebote-von-baseus-im-ueberblick-213813\/#mainImage"},"datePublished":"2023-07-11T08:19:42+02:00","dateModified":"2023-07-11T08:19:42+02:00"},{"@type":"WebSite","@id":"https:\/\/www.ifun.de\/#website","url":"https:\/\/www.ifun.de\/","name":"ifun.de","description":"Apple-News seit 2001","inLanguage":"de-DE","publisher":{"@id":"https:\/\/www.ifun.de\/#organization"}}]},"og:locale":"de_DE","og:site_name":"ifun.de | Apple-News seit 2001","og:type":"article","og:title":"Prime Day: Die Angebote von BASEUS im \u00dcberblick | ifun.de","og:description":"Der Accessoires-AnbieterBASEUS ist im vergangenen Jahr mit ungew\u00f6hnlichen Lade-Komponenten aufgefallen, die wie im Fall des in wei\u00df und schwarz erh\u00e4ltlichen 65-Watt-Ladeturms eine Steckdosen-Verl\u00e4ngerung mit zus\u00e4tzlichen Ladebuchsen und einem integrierten USB-C-Kabel kombinieren, das sich wie bei klassischen Staubsaugern ausziehen l\u00e4sst und sich nach dem Einsatz selbstst\u00e4ndig wieder aufrollt. Die Kabell\u00e4nge des Ladeturms betr\u00e4gt dabei brauchbare 80","og:url":"https:\/\/www.ifun.de\/prime-day-die-angebote-von-baseus-im-ueberblick-213813\/","og:image":"https:\/\/images.ifun.de\/wp-content\/uploads\/2023\/07\/baseus-ladeturm.jpg","og:image:secure_url":"https:\/\/images.ifun.de\/wp-content\/uploads\/2023\/07\/baseus-ladeturm.jpg","og:image:width":960,"og:image:height":378,"article:published_time":"2023-07-11T06:19:42+00:00","article:modified_time":"2023-07-11T06:19:42+00:00","article:publisher":"https:\/\/facebook.com\/ifun.de","twitter:card":"summary_large_image","twitter:site":"@ifun_news","twitter:title":"Prime Day: Die Angebote von BASEUS im \u00dcberblick | ifun.de","twitter:description":"Der Accessoires-AnbieterBASEUS ist im vergangenen Jahr mit ungew\u00f6hnlichen Lade-Komponenten aufgefallen, die wie im Fall des in wei\u00df und schwarz erh\u00e4ltlichen 65-Watt-Ladeturms eine Steckdosen-Verl\u00e4ngerung mit zus\u00e4tzlichen Ladebuchsen und einem integrierten USB-C-Kabel kombinieren, das sich wie bei klassischen Staubsaugern ausziehen l\u00e4sst und sich nach dem Einsatz selbstst\u00e4ndig wieder aufrollt. Die Kabell\u00e4nge des Ladeturms betr\u00e4gt dabei brauchbare 80","twitter:creator":"@ifun_news","twitter:image":"https:\/\/images.ifun.de\/wp-content\/uploads\/2023\/07\/baseus-ladeturm.jpg"},"aioseo_meta_data":{"post_id":"213813","title":null,"description":null,"keywords":null,"keyphrases":null,"primary_term":null,"canonical_url":null,"og_title":null,"og_description":null,"og_object_type":"default","og_image_type":"default","og_image_url":null,"og_image_width":null,"og_image_height":null,"og_image_custom_url":null,"og_image_custom_fields":null,"og_video":null,"og_custom_url":null,"og_article_section":null,"og_article_tags":null,"twitter_use_og":false,"twitter_card":"default","twitter_image_type":"default","twitter_image_url":null,"twitter_image_custom_url":null,"twitter_image_custom_fields":null,"twitter_title":null,"twitter_description":null,"schema":{"blockGraphs":[],"customGraphs":[],"default":{"data":{"Article":[],"Course":[],"Dataset":[],"FAQPage":[],"Movie":[],"Person":[],"Product":[],"ProductReview":[],"Car":[],"Recipe":[],"Service":[],"SoftwareApplication":[],"WebPage":[]},"graphName":"Article","isEnabled":true},"graphs":[]},"schema_type":"default","schema_type_options":null,"pillar_content":false,"robots_default":true,"robots_noindex":false,"robots_noarchive":false,"robots_nosnippet":false,"robots_nofollow":false,"robots_noimageindex":false,"robots_noodp":false,"robots_notranslate":false,"robots_max_snippet":null,"robots_max_videopreview":null,"robots_max_imagepreview":"large","priority":null,"frequency":null,"local_seo":null,"seo_analyzer_scan_date":null,"breadcrumb_settings":null,"limit_modified_date":false,"reviewed_by":null,"open_ai":null,"ai":null,"created":"2026-02-24 02:23:10","updated":"2026-02-24 02:23:10","focus_keyword":null,"additional_keywords":null,"truseo_locale":null},"aioseo_breadcrumb":"<div class=\"aioseo-breadcrumbs\"><span class=\"aioseo-breadcrumb\">\n\t<a href=\"https:\/\/www.ifun.de\" title=\"Home\">Home<\/a>\n<\/span><span class=\"aioseo-breadcrumb-separator\">\u00bb<\/span><span class=\"aioseo-breadcrumb\">\n\t<a href=\"https:\/\/www.ifun.de\/category\/news\/\" title=\"News\">News<\/a>\n<\/span><span class=\"aioseo-breadcrumb-separator\">\u00bb<\/span><span class=\"aioseo-breadcrumb\">\n\tPrime Day: Die Angebote von BASEUS im \u00dcberblick\n<\/span><\/div>","aioseo_breadcrumb_json":[{"label":"Home","link":"https:\/\/www.ifun.de"},{"label":"News","link":"https:\/\/www.ifun.de\/category\/news\/"},{"label":"Prime Day: Die Angebote von BASEUS im \u00dcberblick","link":"https:\/\/www.ifun.de\/prime-day-die-angebote-von-baseus-im-ueberblick-213813\/"}],"subheadline":["Ungew\u00f6hnliche Lade-Accessoires","Ungew\u00f6hnliche Lade-Accessoires"],"featured_image":["https:\/\/images.ifun.de\/wp-content\/uploads\/2023\/07\/baseus-ladeturm.jpg"],"rest_api_enabler":{"subheadline":["Ungew\u00f6hnliche Lade-Accessoires","Ungew\u00f6hnliche Lade-Accessoires"],"featured_image":"https:\/\/images.ifun.de\/wp-content\/uploads\/2023\/07\/baseus-ladeturm.jpg"},"_links":{"self":[{"href":"https:\/\/www.ifun.de\/apiv2\/wp\/v2\/posts\/213813","targetHints":{"allow":["GET"]}}],"collection":[{"href":"https:\/\/www.ifun.de\/apiv2\/wp\/v2\/posts"}],"about":[{"href":"https:\/\/www.ifun.de\/apiv2\/wp\/v2\/types\/post"}],"author":[{"embeddable":true,"href":"https:\/\/www.ifun.de\/apiv2\/wp\/v2\/users\/1"}],"replies":[{"embeddable":true,"href":"https:\/\/www.ifun.de\/apiv2\/wp\/v2\/comments?post=213813"}],"version-history":[{"count":2,"href":"https:\/\/www.ifun.de\/apiv2\/wp\/v2\/posts\/213813\/revisions"}],"predecessor-version":[{"id":213817,"href":"https:\/\/www.ifun.de\/apiv2\/wp\/v2\/posts\/213813\/revisions\/213817"}],"wp:featuredmedia":[{"embeddable":true,"href":"https:\/\/www.ifun.de\/apiv2\/wp\/v2\/media\/213816"}],"wp:attachment":[{"href":"https:\/\/www.ifun.de\/apiv2\/wp\/v2\/media?parent=213813"}],"wp:term":[{"taxonomy":"category","embeddable":true,"href":"https:\/\/www.ifun.de\/apiv2\/wp\/v2\/categories?post=213813"},{"taxonomy":"post_tag","embeddable":true,"href":"https:\/\/www.ifun.de\/apiv2\/wp\/v2\/tags?post=213813"}],"curies":[{"name":"wp","href":"https:\/\/api.w.org\/{rel}","templated":true}]}}