{"id":21377,"date":"2012-01-25T13:37:27","date_gmt":"2012-01-25T12:37:27","guid":{"rendered":"http:\/\/www.ifun.de\/?p=21377"},"modified":"2013-04-19T16:53:07","modified_gmt":"2013-04-19T15:53:07","slug":"ical-erweiterung-fantastical-lernt-deutsch","status":"publish","type":"post","link":"https:\/\/www.ifun.de\/ical-erweiterung-fantastical-lernt-deutsch-21377\/","title":{"rendered":"iCal Erweiterung Fantastical lernt deutsch"},"content":{"rendered":"<p><img loading=\"lazy\" decoding=\"async\" class=\"alignright size-full wp-image-21381\" title=\"fantastical_icon\" src=\"http:\/\/images.ifun.de\/wp-content\/uploads\/2012\/01\/fantastical_icon.jpg\" alt=\"\" width=\"131\" height=\"126\" \/>Die Max OS X iCal Erweiterung &#8222;<a href=\"http:\/\/flexibits.com\/fantastical\">Fantastical<\/a>&#8220; wurde gestern auf Version 1.2 aktualisiert. Zu den wichtigsten Neuerungen z\u00e4hlt die vollst\u00e4ndige Lokalisierung in mehrere Sprachen, darunter deutsch, italienisch, franz\u00f6sisch und spanisch.<\/p>\n<p>Fantastical integriert sich in die Men\u00fcleiste von Mac OSX und erweitert die Funktionlit\u00e4t von iCal. Dadurch hat der Benutzer jederzeit und \u00fcberall Zugriff auf die bevorstehenden Termine mit nur einem Mausklick. Das Hinzuf\u00fcgen von neuen Kalendereintr\u00e4gen wird deutlich erleichtert. Hierzu gen\u00fcgen Texteinaben im Stil von &#8222;Fu\u00dfball-Training jeden Dienstag und Donnerstag um 17 Uhr&#8220; oder &#8222;Mittagessen jeden Mittwoch um 12 Uhr bis zum 10.2.&#8220;. Die daraus resultierenden Termine werden automatisch erstellt.<\/p>\n<p><img loading=\"lazy\" decoding=\"async\" class=\"aligncenter size-full wp-image-21385\" title=\"fantastical-screenshots\" src=\"http:\/\/images.ifun.de\/wp-content\/uploads\/2012\/01\/fantastical.jpeg\" alt=\"\" width=\"464\" height=\"278\" \/><br \/>\n<!--more--><br \/>\nNeben iCal funktioniert Fantastical auch mit anderen Kalender-Applikationen wie BusyCal, Entourage oder Outlook. Dar\u00fcber hinaus k\u00f6nnen Kalenderdienste wie iCloud, MobileMe, Google &amp; Yahoo Calendar in iCal integriert werden und sind dadurch ebenfalls mit Fantastical benutzbar. Das Programm kann 14 Tage kostenlos getestet werden. Die Vollversion schl\u00e4gt mit 17,99\u20ac zu Buche, der Kauf kann wahlweise \u00fcber den <a href=\"https:\/\/sites.fastspring.com\/flexibits\/instant\/fantastical?source=flexibits\">Online-Shop<\/a> von Flexibits oder \u00fcber den <a href=\"http:\/\/itunes.apple.com\/de\/app\/fantastical\/id435003921?mt=12&#038;uo=4&#038;at=10ltcU\">Mac AppStore<\/a> erfolgen.<\/p>\n<p>Version 1.2 enth\u00e4lt folgende Neuerungen:<\/p>\n<ul>\n<li>Lokalisierungen in deutsch, franz\u00f6sisch, italienisch und spanisch<\/li>\n<li>vergangene Termine werden ausgegraut dargestellt<\/li>\n<li>Endzeit von Ereignissen ist in der Ereignisliste sichtbar<\/li>\n<li>automatische URL-Erkennung<\/li>\n<li>klickbare Links in Notizen<\/li>\n<li>Deaktivierte iCal Benutzerkonten werden ausgeblendet<\/li>\n<li>automatische Aktualisierung von abonnierten Kalendern<\/li>\n<li>Kompatibilit\u00e4t mit Proxy-Servern verbessert<\/li>\n<li>diverse Problem- und Fehlerbehebungen<\/li>\n<\/ul>\n<p><div class=\"responsive-video\"><iframe loading=\"lazy\" src=\"http:\/\/www.youtube-nocookie.com\/embed\/JHiAH_xSiEE\" frameborder=\"0\" width=\"464\" height=\"300\"><\/iframe><\/div><br \/>\n(<a href=\"http:\/\/www.youtube.com\/watch?v=JHiAH_xSiEE\">YouTube Link<\/a>)<\/p>\n","protected":false},"excerpt":{"rendered":"<a href=\"https:\/\/www.ifun.de\/ical-erweiterung-fantastical-lernt-deutsch-21377\/\"><img width=\"150\" height=\"150\" src=\"https:\/\/images.ifun.de\/wp-content\/uploads\/2012\/01\/fantastical-screenshots-150x150.jpg\" class=\"alignright tfe wp-post-image\" alt=\"\" decoding=\"async\" loading=\"lazy\" \/><\/a><p>Die Max OS X iCal Erweiterung &#8222;Fantastical&#8220; wurde gestern auf Version 1.2 aktualisiert. Zu den wichtigsten Neuerungen z\u00e4hlt die vollst\u00e4ndige Lokalisierung in mehrere Sprachen, darunter deutsch, italienisch, franz\u00f6sisch und spanisch. Fantastical integriert sich in die Men\u00fcleiste von Mac OSX und erweitert die Funktionlit\u00e4t von iCal. Dadurch hat der Benutzer jederzeit und \u00fcberall Zugriff auf die [&hellip;]<\/p>\n","protected":false},"author":9,"featured_media":21385,"comment_status":"open","ping_status":"closed","sticky":false,"template":"","format":"standard","meta":{"_acf_changed":false,"footnotes":""},"categories":[16],"tags":[906,151,907,841],"class_list":["post-21377","post","type-post","status-publish","format-standard","has-post-thumbnail","hentry","category-mac","tag-ical","tag-kalender","tag-mas","tag-termine"],"acf":[],"aioseo_notices":[],"rest_api_enabler":[],"_links":{"self":[{"href":"https:\/\/www.ifun.de\/apiv2\/wp\/v2\/posts\/21377","targetHints":{"allow":["GET"]}}],"collection":[{"href":"https:\/\/www.ifun.de\/apiv2\/wp\/v2\/posts"}],"about":[{"href":"https:\/\/www.ifun.de\/apiv2\/wp\/v2\/types\/post"}],"author":[{"embeddable":true,"href":"https:\/\/www.ifun.de\/apiv2\/wp\/v2\/users\/9"}],"replies":[{"embeddable":true,"href":"https:\/\/www.ifun.de\/apiv2\/wp\/v2\/comments?post=21377"}],"version-history":[{"count":16,"href":"https:\/\/www.ifun.de\/apiv2\/wp\/v2\/posts\/21377\/revisions"}],"predecessor-version":[{"id":38442,"href":"https:\/\/www.ifun.de\/apiv2\/wp\/v2\/posts\/21377\/revisions\/38442"}],"wp:featuredmedia":[{"embeddable":true,"href":"https:\/\/www.ifun.de\/apiv2\/wp\/v2\/media\/21385"}],"wp:attachment":[{"href":"https:\/\/www.ifun.de\/apiv2\/wp\/v2\/media?parent=21377"}],"wp:term":[{"taxonomy":"category","embeddable":true,"href":"https:\/\/www.ifun.de\/apiv2\/wp\/v2\/categories?post=21377"},{"taxonomy":"post_tag","embeddable":true,"href":"https:\/\/www.ifun.de\/apiv2\/wp\/v2\/tags?post=21377"}],"curies":[{"name":"wp","href":"https:\/\/api.w.org\/{rel}","templated":true}]}}