{"id":213293,"date":"2023-07-04T13:56:13","date_gmt":"2023-07-04T11:56:13","guid":{"rendered":"https:\/\/www.ifun.de\/?p=213293"},"modified":"2023-07-10T17:32:19","modified_gmt":"2023-07-10T15:32:19","slug":"eugh-urteil-bundeskartellamt-darf-meta-auf-die-finger-klopfen","status":"publish","type":"post","link":"https:\/\/www.ifun.de\/eugh-urteil-bundeskartellamt-darf-meta-auf-die-finger-klopfen-213293\/","title":{"rendered":"EuGH-Urteil: Bundeskartellamt darf Meta auf die Finger klopfen"},"content":{"rendered":"<p>Das Bundeskartellamt freut sich aktuell \u00fcber eine Entscheidung des Europ\u00e4ischen Gerichtshofes, der mit seinem heutigen Urteil \u00fcber einen seit 2019 brodelnden Rechtsstreit die Befugnisse der Beh\u00f6rde faktisch ausgeweitet hat.<\/p>\n<p><a href=\"https:\/\/images.ifun.de\/wp-content\/uploads\/2022\/01\/andreas-mund-bundeskartellamt.jpg\"><img loading=\"lazy\" decoding=\"async\" class=\"aligncenter size-medium wp-image-180469\" src=\"https:\/\/images.ifun.de\/wp-content\/uploads\/2022\/01\/andreas-mund-bundeskartellamt-500x334.jpg\" alt=\"Andreas Mund Bundeskartellamt\" width=\"500\" height=\"334\" srcset=\"https:\/\/images.ifun.de\/wp-content\/uploads\/2022\/01\/andreas-mund-bundeskartellamt-500x334.jpg 500w, https:\/\/images.ifun.de\/wp-content\/uploads\/2022\/01\/andreas-mund-bundeskartellamt-700x467.jpg 700w, https:\/\/images.ifun.de\/wp-content\/uploads\/2022\/01\/andreas-mund-bundeskartellamt-768x512.jpg 768w, https:\/\/images.ifun.de\/wp-content\/uploads\/2022\/01\/andreas-mund-bundeskartellamt.jpg 1000w\" sizes=\"auto, (max-width: 500px) 100vw, 500px\" \/><\/a><\/p>\n<h6>Der Pr\u00e4sident des Bundeskartellamtes, Andreas Mundt<\/h6>\n<h2>Urteil st\u00e4rkt Beh\u00f6rde<\/h2>\n<p>Verhandelt wurde die Frage, welche Kriterien die Marktw\u00e4chter im Rahmen von kartellrechtlichen Abw\u00e4gungsentscheidungen ber\u00fccksichtigen d\u00fcrfen. Soll die Beh\u00f6rde hier ausschlie\u00dflich das Verhalten auff\u00e4lliger Marktteilnehmer im Kontext des Wettbewerbes beobachten und bewerten, oder geh\u00f6ren auch datenschutzrechtliche Bestimmungen zu den Feldern, in die das Bundeskartellamt per Beschluss eingreifen darf?<\/p>\n<p><strong>PDF-Download:<\/strong> <a href=\"https:\/\/curia.europa.eu\/jcms\/jcms\/p1_4029631\/de\/\">Rechtssache C-252\/21 <\/a><\/p>\n<p>Der Europ\u00e4ische Gerichtshof hat heute Fakten geschaffen und geurteilt, dass das Bundeskartellamt auch Verst\u00f6\u00dfe gegen die Datenschutz-Grundverordnung (DSGVO) feststellen und entsprechend ahnden darf.<\/p>\n<h2>Meta zurecht auf die Fingergeklopft<\/h2>\n<p>Im konkreten Fall bezog sich die Entscheidung auf einen Beschluss der Beh\u00f6rde, den diese im Jahr 2019 f\u00e4llte. Damals verbot das Bundeskartellamt der Facebook-Mutter Meta das Zusammenf\u00fchren von Nutzerdaten aus unterschiedlichen Quellen, wenn betroffene Anwender diesem Vorgang nicht ausdr\u00fccklich zugestimmt h\u00e4tten.<\/p>\n<p>Eine Ansage, die man bei Meta nicht akzeptieren wollte und sich daher beim Oberlandesgericht D\u00fcsseldorf beschwerte. Diesem war der Fall wegen der weitreichenden rechtlichen Konsequenzen zu hei\u00df, woraufhin das OLG D\u00fcsseldorf Meta an den Europ\u00e4ischen Gerichtshof verwies. Dessen Urteil liegt nun vor und best\u00e4tigt die Rechtsauffassung des Bundeskartellamtes.<\/p>\n<p>Die Marktw\u00e4chter d\u00fcrfen &#8222;im Rahmen der Pr\u00fcfung, ob ein Unternehmen eine beherrschende Stellung missbraucht&#8220; auch Datenschutzverst\u00f6\u00dfe feststellen. Der Pr\u00e4sident des Bundeskartellamtes, Andreas Mundt, sieht in dem Urteil ein positives Signal f\u00fcr die Kartellrechtsdurchsetzung.<\/p>\n<p><img loading=\"lazy\" decoding=\"async\" src=\"https:\/\/vg06.met.vgwort.de\/na\/f286056b57234d07abe6406393cd5275\" width=\"1\" height=\"1\" no-lazy class=\"tracking\"><\/p>\n","protected":false},"excerpt":{"rendered":"<a href=\"https:\/\/www.ifun.de\/eugh-urteil-bundeskartellamt-darf-meta-auf-die-finger-klopfen-213293\/\"><img width=\"150\" height=\"150\" src=\"https:\/\/images.ifun.de\/wp-content\/uploads\/2023\/07\/bundeskartellamt-facebook-150x150.jpg\" class=\"alignright tfe wp-post-image\" alt=\"Bundeskartellamt Facebook\" decoding=\"async\" loading=\"lazy\" \/><\/a><p>Das Bundeskartellamt freut sich aktuell \u00fcber eine Entscheidung des Europ\u00e4ischen Gerichtshofes, der mit seinem heutigen Urteil \u00fcber einen seit 2019 brodelnden Rechtsstreit die Befugnisse der Beh\u00f6rde faktisch ausgeweitet hat. Der Pr\u00e4sident des Bundeskartellamtes, Andreas Mundt Urteil st\u00e4rkt Beh\u00f6rde Verhandelt wurde die Frage, welche Kriterien die Marktw\u00e4chter im Rahmen von kartellrechtlichen Abw\u00e4gungsentscheidungen ber\u00fccksichtigen d\u00fcrfen. Soll die [&hellip;]<\/p>\n","protected":false},"author":1,"featured_media":213294,"comment_status":"open","ping_status":"closed","sticky":false,"template":"","format":"standard","meta":{"_acf_changed":false,"footnotes":""},"categories":[1,1783],"tags":[5134,990,2425,246,553],"class_list":["post-213293","post","type-post","status-publish","format-standard","has-post-thumbnail","hentry","category-news","category-feature","tag-bundeskartellamt","tag-datenschutz","tag-eugh","tag-europa","tag-recht"],"acf":[],"aioseo_notices":[],"subheadline":["Auch f\u00fcr Datenschutz zust\u00e4ndig"],"featured_image":["https:\/\/images.ifun.de\/wp-content\/uploads\/2023\/07\/bundeskartellamt-facebook.jpg"],"rest_api_enabler":{"subheadline":"Auch f\u00fcr Datenschutz zust\u00e4ndig","featured_image":"https:\/\/images.ifun.de\/wp-content\/uploads\/2023\/07\/bundeskartellamt-facebook.jpg"},"_links":{"self":[{"href":"https:\/\/www.ifun.de\/apiv2\/wp\/v2\/posts\/213293","targetHints":{"allow":["GET"]}}],"collection":[{"href":"https:\/\/www.ifun.de\/apiv2\/wp\/v2\/posts"}],"about":[{"href":"https:\/\/www.ifun.de\/apiv2\/wp\/v2\/types\/post"}],"author":[{"embeddable":true,"href":"https:\/\/www.ifun.de\/apiv2\/wp\/v2\/users\/1"}],"replies":[{"embeddable":true,"href":"https:\/\/www.ifun.de\/apiv2\/wp\/v2\/comments?post=213293"}],"version-history":[{"count":1,"href":"https:\/\/www.ifun.de\/apiv2\/wp\/v2\/posts\/213293\/revisions"}],"predecessor-version":[{"id":213295,"href":"https:\/\/www.ifun.de\/apiv2\/wp\/v2\/posts\/213293\/revisions\/213295"}],"wp:featuredmedia":[{"embeddable":true,"href":"https:\/\/www.ifun.de\/apiv2\/wp\/v2\/media\/213294"}],"wp:attachment":[{"href":"https:\/\/www.ifun.de\/apiv2\/wp\/v2\/media?parent=213293"}],"wp:term":[{"taxonomy":"category","embeddable":true,"href":"https:\/\/www.ifun.de\/apiv2\/wp\/v2\/categories?post=213293"},{"taxonomy":"post_tag","embeddable":true,"href":"https:\/\/www.ifun.de\/apiv2\/wp\/v2\/tags?post=213293"}],"curies":[{"name":"wp","href":"https:\/\/api.w.org\/{rel}","templated":true}]}}