{"id":21292,"date":"2012-01-23T08:39:13","date_gmt":"2012-01-23T07:39:13","guid":{"rendered":"http:\/\/www.ifun.de\/?p=21292"},"modified":"2012-01-23T08:39:13","modified_gmt":"2012-01-23T07:39:13","slug":"macbook-pro-ladegeraet-stecker-neu","status":"publish","type":"post","link":"https:\/\/www.ifun.de\/macbook-pro-ladegeraet-stecker-neu-21292\/","title":{"rendered":"Liebe zum Detail: Kleinerer Netzstecker beim MacBook Pro"},"content":{"rendered":"<p>Die Ladenetzteile von Apple-Notebooks sind ja grunds\u00e4tzlich schon ausgesprochen kompakt und pfiffig. Insbesondere die Tatsache, dass sich die Magnetverbindung unter Zug l\u00f6st, hat sicher schon einige MacBooks vor dem Absturz vom Tisch bewahrt.<br \/>\nBesonders erfreulich zu sehen ist es, dass Apple nicht nur die Computer selbst, sondern auch f\u00fcr andere Hersteller eher unwichtige Zubeh\u00f6rdetails wie beispielsweise das Ladeger\u00e4t stetig weiter verbessert. So findet sich am Verl\u00e4ngerungskabel f\u00fcr das Ladeger\u00e4t des aktuellen MacBook Pro beispielsweise ein etwas kompakterer Stecker als bei den Vorg\u00e4ngermodellen. Abgesehen von der vielleicht etwas schickeren Optik spart dieser dann auch wieder ein klein wenig mehr Platz im Backpack oder Koffer.<\/p>\n<p><img loading=\"lazy\" decoding=\"async\" src=\"http:\/\/images.ifun.de\/wp-content\/uploads\/2012\/01\/stecker.jpg\" alt=\"\" title=\"stecker\" width=\"464\" height=\"243\" class=\"alignnone size-full wp-image-21293\" srcset=\"https:\/\/images.ifun.de\/wp-content\/uploads\/2012\/01\/stecker.jpg 464w, https:\/\/images.ifun.de\/wp-content\/uploads\/2012\/01\/stecker-300x157.jpg 300w\" sizes=\"auto, (max-width: 464px) 100vw, 464px\" \/><\/p>\n<p>Das ist es, was wir an Apple m\u00f6gen: Bei all den Gedanken an die n\u00e4chste gro\u00dfen Schritte k\u00fcmmert man sich immer wieder auch um Verbesserungen an den Dingen, die von anderen Herstellern oft als unwichtiges oder gar l\u00e4stiges Beiwerk angesehenen werden. (Danke Fabian)<\/p>\n","protected":false},"excerpt":{"rendered":"<a href=\"https:\/\/www.ifun.de\/macbook-pro-ladegeraet-stecker-neu-21292\/\"><img width=\"150\" height=\"150\" src=\"https:\/\/images.ifun.de\/wp-content\/uploads\/2012\/01\/stecker-150x150.jpg\" class=\"alignright tfe wp-post-image\" alt=\"\" decoding=\"async\" loading=\"lazy\" \/><\/a><p>Die Ladenetzteile von Apple-Notebooks sind ja grunds\u00e4tzlich schon ausgesprochen kompakt und pfiffig. Insbesondere die Tatsache, dass sich die Magnetverbindung unter Zug l\u00f6st, hat sicher schon einige MacBooks vor dem Absturz vom Tisch bewahrt. Besonders erfreulich zu sehen ist es, dass Apple nicht nur die Computer selbst, sondern auch f\u00fcr andere Hersteller eher unwichtige Zubeh\u00f6rdetails wie [&hellip;]<\/p>\n","protected":false},"author":2,"featured_media":21293,"comment_status":"open","ping_status":"closed","sticky":false,"template":"","format":"standard","meta":{"_acf_changed":false,"footnotes":""},"categories":[16],"tags":[136,6321,900,232,6325],"class_list":["post-21292","post","type-post","status-publish","format-standard","has-post-thumbnail","hentry","category-mac","tag-ladegerat","tag-mac","tag-stecker","tag-strom","tag-zubehor"],"acf":[],"aioseo_notices":[],"rest_api_enabler":[],"_links":{"self":[{"href":"https:\/\/www.ifun.de\/apiv2\/wp\/v2\/posts\/21292","targetHints":{"allow":["GET"]}}],"collection":[{"href":"https:\/\/www.ifun.de\/apiv2\/wp\/v2\/posts"}],"about":[{"href":"https:\/\/www.ifun.de\/apiv2\/wp\/v2\/types\/post"}],"author":[{"embeddable":true,"href":"https:\/\/www.ifun.de\/apiv2\/wp\/v2\/users\/2"}],"replies":[{"embeddable":true,"href":"https:\/\/www.ifun.de\/apiv2\/wp\/v2\/comments?post=21292"}],"version-history":[{"count":2,"href":"https:\/\/www.ifun.de\/apiv2\/wp\/v2\/posts\/21292\/revisions"}],"predecessor-version":[{"id":21295,"href":"https:\/\/www.ifun.de\/apiv2\/wp\/v2\/posts\/21292\/revisions\/21295"}],"wp:featuredmedia":[{"embeddable":true,"href":"https:\/\/www.ifun.de\/apiv2\/wp\/v2\/media\/21293"}],"wp:attachment":[{"href":"https:\/\/www.ifun.de\/apiv2\/wp\/v2\/media?parent=21292"}],"wp:term":[{"taxonomy":"category","embeddable":true,"href":"https:\/\/www.ifun.de\/apiv2\/wp\/v2\/categories?post=21292"},{"taxonomy":"post_tag","embeddable":true,"href":"https:\/\/www.ifun.de\/apiv2\/wp\/v2\/tags?post=21292"}],"curies":[{"name":"wp","href":"https:\/\/api.w.org\/{rel}","templated":true}]}}