{"id":212859,"date":"2023-06-28T18:02:34","date_gmt":"2023-06-28T16:02:34","guid":{"rendered":"https:\/\/www.ifun.de\/?p=212859"},"modified":"2023-06-28T18:06:04","modified_gmt":"2023-06-28T16:06:04","slug":"11-preisanpassung-preiserhoehung-oder-kuendigung-bestandskunden-sollen-sich-entscheiden","status":"publish","type":"post","link":"https:\/\/www.ifun.de\/11-preisanpassung-preiserhoehung-oder-kuendigung-bestandskunden-sollen-sich-entscheiden-212859\/","title":{"rendered":"1&#038;1 Preisanpassung: Preiserh\u00f6hung oder K\u00fcndigung, Bestandskunden sollen sich entscheiden"},"content":{"rendered":"<p>Kunden von 1&amp;1 melden pl\u00f6tzlich eingehende Preiserh\u00f6hungen f\u00fcr ihre Internetanschl\u00fcsse. Erstmals aufgetaucht waren entsprechende Schreiben des Netzbetreibers bereits Ende Mai. Nun berichten weitere ifun.de-Leser \u00fcber pl\u00f6tzliche Preiserh\u00f6hungen f\u00fcr laufende Tarife. Anders als bei vergleichbaren Aktionen konkurrierender Netzbetreiber scheinen die Bestandskunden von 1&amp;1 aber immerhin nicht schon vor Ablauf der Mindestvertragslaufzeit kontaktiert zu werden.<\/p>\n<h2>Mehr zahlen oder K\u00fcndigen<\/h2>\n<p>Betroffen sind <a href=\"https:\/\/dsl.1und1.de\/\">DSL-Kunden des Internetproviders<\/a>. Diese sollen sich nach Erhalt der per E-Mail zugestellten Schreiben entscheiden: Entweder sollen die Mehrkosten akzeptiert oder eine au\u00dferordentliche K\u00fcndigung verfasst werden.<\/p>\n<p>Dabei geht es nicht um viel Geld, aber immerhin: Betroffene Kunden sollen f\u00fcr die aktuellen Tarife zuk\u00fcnftig f\u00fcnf Euro mehr pro Monat zahlen. Die konkreten Preisanpassungen sollen dabei im August durchgef\u00fchrt werden.<\/p>\n<p><a href=\"https:\/\/images.ifun.de\/wp-content\/uploads\/2023\/06\/preisanpassung-dsl.jpg\"><img loading=\"lazy\" decoding=\"async\" class=\"aligncenter size-large wp-image-212860\" src=\"https:\/\/images.ifun.de\/wp-content\/uploads\/2023\/06\/preisanpassung-dsl-700x475.jpg\" alt=\"Preisanpassung Dsl\" width=\"700\" height=\"475\" srcset=\"https:\/\/images.ifun.de\/wp-content\/uploads\/2023\/06\/preisanpassung-dsl-700x475.jpg 700w, https:\/\/images.ifun.de\/wp-content\/uploads\/2023\/06\/preisanpassung-dsl-500x339.jpg 500w, https:\/\/images.ifun.de\/wp-content\/uploads\/2023\/06\/preisanpassung-dsl-768x521.jpg 768w, https:\/\/images.ifun.de\/wp-content\/uploads\/2023\/06\/preisanpassung-dsl-1536x1042.jpg 1536w, https:\/\/images.ifun.de\/wp-content\/uploads\/2023\/06\/preisanpassung-dsl.jpg 1784w\" sizes=\"auto, (max-width: 700px) 100vw, 700px\" \/><\/a><\/p>\n<h2>Monatlich 5 Euro mehr<\/h2>\n<p>Bei 1&amp;1 bem\u00fcht man f\u00fcr die ungew\u00f6hnliche Kundenansprache einen vertraglichen Sonderfall. So scheinen ausschlie\u00dflich Anwender von der Preiserh\u00f6hung betroffen zu sein, die Tarife zu so genannten &#8222;Sonderpreisen&#8220; erworben haben. 1&amp;1 argumentiert hier nun mit dem gew\u00f6hnlichen Listenpreis, den man wieder erreichen m\u00fcsste und sich daher dazu gezwungen sehe, die gew\u00e4hrten Sonderkonditionen zu streichen.<\/p>\n<p>Kunden die sich mit der pl\u00f6tzlichen Preiserh\u00f6hung nicht einverstanden zeigen, sind dazu aufgerufen mit einer K\u00fcndigungsfrist von drei Monaten selbst zu k\u00fcndigen. Die K\u00fcndigung gilt dann zum Zeitpunkt der Preisanpassung.<\/p>\n<p><a href=\"https:\/\/images.ifun.de\/wp-content\/uploads\/2023\/06\/tarife-mbit-monate.jpg\"><img loading=\"lazy\" decoding=\"async\" class=\"aligncenter size-large wp-image-212861\" src=\"https:\/\/images.ifun.de\/wp-content\/uploads\/2023\/06\/tarife-mbit-monate-700x190.jpg\" alt=\"Tarife Mbit Monate\" width=\"700\" height=\"190\" srcset=\"https:\/\/images.ifun.de\/wp-content\/uploads\/2023\/06\/tarife-mbit-monate-700x190.jpg 700w, https:\/\/images.ifun.de\/wp-content\/uploads\/2023\/06\/tarife-mbit-monate-500x136.jpg 500w, https:\/\/images.ifun.de\/wp-content\/uploads\/2023\/06\/tarife-mbit-monate-768x208.jpg 768w, https:\/\/images.ifun.de\/wp-content\/uploads\/2023\/06\/tarife-mbit-monate-1536x416.jpg 1536w, https:\/\/images.ifun.de\/wp-content\/uploads\/2023\/06\/tarife-mbit-monate-2048x555.jpg 2048w\" sizes=\"auto, (max-width: 700px) 100vw, 700px\" \/><\/a><\/p>\n<p>Im Schreiben des Netzbetreibers hei\u00dft es dazu unter anderem:<\/p>\n<blockquote><p>[&#8230;] Sie haben Ihren DSL-Anschluss vor einiger Zeit im Rahmen einer Preisaktion bestellt und Ihr monatlicher Grundpreis liegt 5 EUR unter unserem Listenpreis. Diesen Preisvorteil k\u00f6nnen wir zuk\u00fcnftig leider nicht mehr gew\u00e4hren. Der monatliche Grundpreis f\u00fcr Ihren 1&amp;1 DSL-Anschluss entspricht daher ab dem 08.08.2023 unserem \u00fcblichen Angebot von 44,99 EUR statt des bisherigen Sonderpreises von 39,99 EUR. Es \u00e4ndert sich somit nur Ihr Grundpreis. Ihr Vertrag l\u00e4uft zu diesen Konditionen einfach weiter und Sie m\u00fcssen nichts tun. Wenn Sie aktuell von Rabatten profitieren, so gelten diese f\u00fcr den vereinbarten Zeitraum auch weiterhin. [&#8230;]<\/p><\/blockquote>\n<p>Die aktuellen DSL-Tarife bei 1&amp;1 kosten 34,99 Euro f\u00fcr 16 MBit\/s, 39,99 Euro f\u00fcr 50 MBit\/s, 44,99 Euro f\u00fcr 100 MBit\/s und 49,99 Euro f\u00fcr 250 MBit\/s. Alle Tariflinien werden dabei mit einer Monatsgeb\u00fchr von 9,99 Euro w\u00e4hrend der ersten 12 Monate beworben.<\/p>\n<p><img loading=\"lazy\" decoding=\"async\" src=\"https:\/\/vg06.met.vgwort.de\/na\/50cd518a25d141c6b67a66ab57bb0ac9\" width=\"1\" height=\"1\" no-lazy class=\"tracking\"><br \/>\n<h8>Mit Dank an alle Tippgeber!<\/h8><\/p>\n","protected":false},"excerpt":{"rendered":"<a href=\"https:\/\/www.ifun.de\/11-preisanpassung-preiserhoehung-oder-kuendigung-bestandskunden-sollen-sich-entscheiden-212859\/\"><img width=\"150\" height=\"150\" src=\"https:\/\/images.ifun.de\/wp-content\/uploads\/2023\/06\/preisanpassung-1un1-dsl-150x150.jpg\" class=\"alignright tfe wp-post-image\" alt=\"Preisanpassung 1un1 Dsl\" decoding=\"async\" loading=\"lazy\" \/><\/a><p>Kunden von 1&amp;1 melden pl\u00f6tzlich eingehende Preiserh\u00f6hungen f\u00fcr ihre Internetanschl\u00fcsse. Erstmals aufgetaucht waren entsprechende Schreiben des Netzbetreibers bereits Ende Mai. Nun berichten weitere ifun.de-Leser \u00fcber pl\u00f6tzliche Preiserh\u00f6hungen f\u00fcr laufende Tarife. Anders als bei vergleichbaren Aktionen konkurrierender Netzbetreiber scheinen die Bestandskunden von 1&amp;1 aber immerhin nicht schon vor Ablauf der Mindestvertragslaufzeit kontaktiert zu werden. Mehr zahlen [&hellip;]<\/p>\n","protected":false},"author":1,"featured_media":212863,"comment_status":"open","ping_status":"closed","sticky":false,"template":"","format":"standard","meta":{"_acf_changed":false,"footnotes":""},"categories":[1],"tags":[3966,1022,1023],"class_list":["post-212859","post","type-post","status-publish","format-standard","has-post-thumbnail","hentry","category-news","tag-3966","tag-tarif","tag-vertrag"],"acf":[],"aioseo_notices":[],"subheadline":["Mehr zahlen oder k\u00fcndigen"],"featured_image":["https:\/\/images.ifun.de\/wp-content\/uploads\/2023\/06\/preisanpassung-1un1-dsl.jpg"],"rest_api_enabler":{"subheadline":"Mehr zahlen oder k\u00fcndigen","featured_image":"https:\/\/images.ifun.de\/wp-content\/uploads\/2023\/06\/preisanpassung-1un1-dsl.jpg"},"_links":{"self":[{"href":"https:\/\/www.ifun.de\/apiv2\/wp\/v2\/posts\/212859","targetHints":{"allow":["GET"]}}],"collection":[{"href":"https:\/\/www.ifun.de\/apiv2\/wp\/v2\/posts"}],"about":[{"href":"https:\/\/www.ifun.de\/apiv2\/wp\/v2\/types\/post"}],"author":[{"embeddable":true,"href":"https:\/\/www.ifun.de\/apiv2\/wp\/v2\/users\/1"}],"replies":[{"embeddable":true,"href":"https:\/\/www.ifun.de\/apiv2\/wp\/v2\/comments?post=212859"}],"version-history":[{"count":3,"href":"https:\/\/www.ifun.de\/apiv2\/wp\/v2\/posts\/212859\/revisions"}],"predecessor-version":[{"id":212868,"href":"https:\/\/www.ifun.de\/apiv2\/wp\/v2\/posts\/212859\/revisions\/212868"}],"wp:featuredmedia":[{"embeddable":true,"href":"https:\/\/www.ifun.de\/apiv2\/wp\/v2\/media\/212863"}],"wp:attachment":[{"href":"https:\/\/www.ifun.de\/apiv2\/wp\/v2\/media?parent=212859"}],"wp:term":[{"taxonomy":"category","embeddable":true,"href":"https:\/\/www.ifun.de\/apiv2\/wp\/v2\/categories?post=212859"},{"taxonomy":"post_tag","embeddable":true,"href":"https:\/\/www.ifun.de\/apiv2\/wp\/v2\/tags?post=212859"}],"curies":[{"name":"wp","href":"https:\/\/api.w.org\/{rel}","templated":true}]}}