{"id":212293,"date":"2023-06-20T15:21:25","date_gmt":"2023-06-20T13:21:25","guid":{"rendered":"https:\/\/www.ifun.de\/?p=212293"},"modified":"2023-06-20T15:21:25","modified_gmt":"2023-06-20T13:21:25","slug":"apple-baut-reparaturprogramm-aus-mehr-geraete-neue-werkzeuge-und-dennoch-kritik","status":"publish","type":"post","link":"https:\/\/www.ifun.de\/apple-baut-reparaturprogramm-aus-mehr-geraete-neue-werkzeuge-und-dennoch-kritik-212293\/","title":{"rendered":"Apple baut Reparaturprogramm aus: Mehr Ger\u00e4te, neue Werkzeuge und dennoch Kritik"},"content":{"rendered":"<p>Die von Apple angebotenen Self-Service-Reparaturen haben sich erst gestern wieder auf unserem Radar geschoben &#8211; Anlass war hier der Deutschlandstart <a href=\"https:\/\/www.iphone-ticker.de\/6-monate-nach-apple-samsung-startet-self-repair-programm-215052\/\">eines vergleichbaren Angebotes<\/a> des koreanischen Technologiekonzerns Samsung.<\/p>\n<p><a href=\"https:\/\/images.ifun.de\/wp-content\/uploads\/2022\/12\/apple-reparaturen-mac-ablauf.jpg\"><img loading=\"lazy\" decoding=\"async\" class=\"aligncenter size-medium wp-image-200813\" src=\"https:\/\/images.ifun.de\/wp-content\/uploads\/2022\/12\/apple-reparaturen-mac-ablauf-500x331.jpg\" alt=\"Apple Reparaturen Mac Ablauf\" width=\"500\" height=\"331\" srcset=\"https:\/\/images.ifun.de\/wp-content\/uploads\/2022\/12\/apple-reparaturen-mac-ablauf-500x331.jpg 500w, https:\/\/images.ifun.de\/wp-content\/uploads\/2022\/12\/apple-reparaturen-mac-ablauf-700x463.jpg 700w, https:\/\/images.ifun.de\/wp-content\/uploads\/2022\/12\/apple-reparaturen-mac-ablauf-768x508.jpg 768w, https:\/\/images.ifun.de\/wp-content\/uploads\/2022\/12\/apple-reparaturen-mac-ablauf.jpg 1164w\" sizes=\"auto, (max-width: 500px) 100vw, 500px\" \/><\/a><\/p>\n<h2>Neue Apple-Ger\u00e4te ab morgen<\/h2>\n<p>Heute nun meldet sich auch Apple zum Thema Reparaturen zu Wort und hat einen Ausbau das hauseigenen Serviceangebotes <a href=\"https:\/\/www.apple.com\/newsroom\/2023\/06\/apple-expands-self-service-repair-and-updates-system-configuration-process\/\">angek\u00fcndigt<\/a>. Wichtigste Info: Ab morgen sollen erste Anleitungen und Ersatzteile auch f\u00fcr die Produktfamilie des iPhone 14 angeboten werden. Bislang stellte Apple die DIY-Reparaturoptionen nur f\u00fcr das iPhone SE der 3. Generation, das iPhone 12 und das iPhone 13 zur Verf\u00fcgung.<\/p>\n<p>Neben der Unterst\u00fctzung f\u00fcr die iPhone-Neuerscheinungen des vergangenen Jahres werden auch mehrere Mac-Modelle neu in das Reparaturprogramm aufgenommen. Anwender sollen die M\u00f6glichkeit bekommen neuere Modelle des MacBook Air (M2, 13 Zoll) und des MacBook Pro (Modelle mit M2-Pro- und M2-Max-Prozessor) in Eigenregie zu reparieren.<\/p>\n<h2>Systemkonfiguration zum Download<\/h2>\n<p>Neben der Ausweitung des Ersatzteil-Angebotes wird Apple auch die zwingend erforderliche Durchf\u00fchrung der so genannten Systemkonfiguration vereinfachen. Dabei handelt es sich um ein Software-Verfahren, das Ger\u00e4te und Ersatzteile aneinander bindet und so daf\u00fcr sorgt, dass deren Nutzung nicht von andauernd eingeblendeten Warnmeldungen begleitet wird.<\/p>\n<p><a href=\"https:\/\/images.ifun.de\/wp-content\/uploads\/2023\/06\/ios-14-4-kamera-warnung-ersatzteil-1.jpg\"><img loading=\"lazy\" decoding=\"async\" class=\"aligncenter size-full wp-image-212295\" src=\"https:\/\/images.ifun.de\/wp-content\/uploads\/2023\/06\/ios-14-4-kamera-warnung-ersatzteil-1.jpg\" alt=\"Ios 14 4 Kamera Warnung Ersatzteil 1\" width=\"700\" height=\"269\" srcset=\"https:\/\/images.ifun.de\/wp-content\/uploads\/2023\/06\/ios-14-4-kamera-warnung-ersatzteil-1.jpg 700w, https:\/\/images.ifun.de\/wp-content\/uploads\/2023\/06\/ios-14-4-kamera-warnung-ersatzteil-1-500x192.jpg 500w\" sizes=\"auto, (max-width: 700px) 100vw, 700px\" \/><\/a><\/p>\n<p>Laut Apple sollen Anwender damit vor F\u00e4lschungen gesch\u00fctzt werden, Kritiker hingegen vermuten, dass das Software-Pairing den freien Handel mit Ersatzteilen unterbinden soll, um Apple die volle Kontrolle \u00fcber Preise und Service-Partner zu erm\u00f6glichen.<\/p>\n<p>Auch das Reparaturprogramm selbst ist umstritten, da sich dieses lediglich an Privatnutzer und nicht an interessierte Reparaturanbieter richtet.<\/p>\n<p><img loading=\"lazy\" decoding=\"async\" src=\"https:\/\/vg09.met.vgwort.de\/na\/9a29e20f642f4298adbe756ba25fbae9\" width=\"1\" height=\"1\" no-lazy class=\"tracking\"><\/p>\n","protected":false},"excerpt":{"rendered":"<a href=\"https:\/\/www.ifun.de\/apple-baut-reparaturprogramm-aus-mehr-geraete-neue-werkzeuge-und-dennoch-kritik-212293\/\"><img width=\"150\" height=\"150\" src=\"https:\/\/images.ifun.de\/wp-content\/uploads\/2023\/06\/ios-14-4-kamera-warnung-ersatzteil-1-150x150.jpg\" class=\"alignright tfe wp-post-image\" alt=\"Ios 14 4 Kamera Warnung Ersatzteil 1\" decoding=\"async\" loading=\"lazy\" \/><\/a><p>Die von Apple angebotenen Self-Service-Reparaturen haben sich erst gestern wieder auf unserem Radar geschoben &#8211; Anlass war hier der Deutschlandstart eines vergleichbaren Angebotes des koreanischen Technologiekonzerns Samsung. Neue Apple-Ger\u00e4te ab morgen Heute nun meldet sich auch Apple zum Thema Reparaturen zu Wort und hat einen Ausbau das hauseigenen Serviceangebotes angek\u00fcndigt. Wichtigste Info: Ab morgen sollen [&hellip;]<\/p>\n","protected":false},"author":1,"featured_media":212295,"comment_status":"open","ping_status":"closed","sticky":false,"template":"","format":"standard","meta":{"_acf_changed":false,"footnotes":""},"categories":[3],"tags":[4736,123],"class_list":["post-212293","post","type-post","status-publish","format-standard","has-post-thumbnail","hentry","category-apple","tag-apple","tag-reparatur"],"acf":[],"aioseo_notices":[],"subheadline":["Umstrittene Self-Service-Reparaturen","Umstrittene Self-Service-Reparaturen"],"featured_image":["https:\/\/images.ifun.de\/wp-content\/uploads\/2022\/08\/macook-reparatur.jpg"],"rest_api_enabler":{"subheadline":["Umstrittene Self-Service-Reparaturen","Umstrittene Self-Service-Reparaturen"],"featured_image":"https:\/\/images.ifun.de\/wp-content\/uploads\/2022\/08\/macook-reparatur.jpg"},"_links":{"self":[{"href":"https:\/\/www.ifun.de\/apiv2\/wp\/v2\/posts\/212293","targetHints":{"allow":["GET"]}}],"collection":[{"href":"https:\/\/www.ifun.de\/apiv2\/wp\/v2\/posts"}],"about":[{"href":"https:\/\/www.ifun.de\/apiv2\/wp\/v2\/types\/post"}],"author":[{"embeddable":true,"href":"https:\/\/www.ifun.de\/apiv2\/wp\/v2\/users\/1"}],"replies":[{"embeddable":true,"href":"https:\/\/www.ifun.de\/apiv2\/wp\/v2\/comments?post=212293"}],"version-history":[{"count":2,"href":"https:\/\/www.ifun.de\/apiv2\/wp\/v2\/posts\/212293\/revisions"}],"predecessor-version":[{"id":212296,"href":"https:\/\/www.ifun.de\/apiv2\/wp\/v2\/posts\/212293\/revisions\/212296"}],"wp:featuredmedia":[{"embeddable":true,"href":"https:\/\/www.ifun.de\/apiv2\/wp\/v2\/media\/212295"}],"wp:attachment":[{"href":"https:\/\/www.ifun.de\/apiv2\/wp\/v2\/media?parent=212293"}],"wp:term":[{"taxonomy":"category","embeddable":true,"href":"https:\/\/www.ifun.de\/apiv2\/wp\/v2\/categories?post=212293"},{"taxonomy":"post_tag","embeddable":true,"href":"https:\/\/www.ifun.de\/apiv2\/wp\/v2\/tags?post=212293"}],"curies":[{"name":"wp","href":"https:\/\/api.w.org\/{rel}","templated":true}]}}