{"id":211585,"date":"2023-06-09T08:36:46","date_gmt":"2023-06-09T06:36:46","guid":{"rendered":"https:\/\/www.ifun.de\/?p=211585"},"modified":"2023-06-14T07:01:12","modified_gmt":"2023-06-14T05:01:12","slug":"macos-sonoma-diese-funktionen-benoetigen-einen-apple-prozessor","status":"publish","type":"post","link":"https:\/\/www.ifun.de\/macos-sonoma-diese-funktionen-benoetigen-einen-apple-prozessor-211585\/","title":{"rendered":"macOS Sonoma: Diese Funktionen ben\u00f6tigen einen Apple-Prozessor"},"content":{"rendered":"<p>W\u00e4hrend Apple die neuen Funktionen des mobilen iOS-Betriebssystems vor allem von der eingesetzten iPhone-Generation abh\u00e4ngig macht und f\u00fcr viele der neuen iOS 17-Funktionen <a href=\"https:\/\/www.iphone-ticker.de\/ios-17-diese-funktionen-laufen-nur-auf-neugeraeten-214259\/\">mindestens ein iPhone 12<\/a> voraussetzt (obwohl sich iOS 17 auch auf einem iPhone Xs installieren lassen wird) differenziert der Konzern in Sachen Mac etwas anders.<\/p>\n<p><a href=\"https:\/\/images.ifun.de\/wp-content\/uploads\/2023\/06\/mac-effekte.png\"><img loading=\"lazy\" decoding=\"async\" class=\"aligncenter size-medium wp-image-211587\" src=\"https:\/\/images.ifun.de\/wp-content\/uploads\/2023\/06\/mac-effekte-500x304.png\" alt=\"Mac Effekte\" width=\"500\" height=\"304\" srcset=\"https:\/\/images.ifun.de\/wp-content\/uploads\/2023\/06\/mac-effekte-500x304.png 500w, https:\/\/images.ifun.de\/wp-content\/uploads\/2023\/06\/mac-effekte-700x425.png 700w, https:\/\/images.ifun.de\/wp-content\/uploads\/2023\/06\/mac-effekte-768x466.png 768w, https:\/\/images.ifun.de\/wp-content\/uploads\/2023\/06\/mac-effekte.png 1324w\" sizes=\"auto, (max-width: 500px) 100vw, 500px\" \/><\/a><\/p>\n<h2>Beim iPhone entscheidet das Baujahr<\/h2>\n<p>Zwar zieht Apple hier auch eine Hardware-Trennlinie zwischen unterschiedlichen Ger\u00e4te-Generationen und setzt etwa zum Einsatz des neuen &#8222;Personal Voice&#8220;-Features mindestens ein 14-Zoll MacBook Pro von 2021, ein 16-Zoll MacBook Pro von 2021, einen Mac Studio oder einen Mac mit M2-Prozessor voraus, unterscheidet ansonsten jedoch vor allem auf Prozessor-Basis.<\/p>\n<p>So sind viele der neuen Funktionen von macOS Sonoma nicht f\u00fcr Intel-Macs verf\u00fcgbar, sondern werden nur Nutzern angeboten, die bereits <a href=\"https:\/\/support.apple.com\/de-de\/HT211814\">einen Mac mit Apple-Prozessor<\/a> besitzen.<\/p>\n<p><a href=\"https:\/\/images.ifun.de\/wp-content\/uploads\/2023\/06\/game-mode-2000.jpg\"><img loading=\"lazy\" decoding=\"async\" class=\"aligncenter size-large wp-image-211588\" src=\"https:\/\/images.ifun.de\/wp-content\/uploads\/2023\/06\/game-mode-2000-700x331.jpg\" alt=\"Game Mode 2000\" width=\"700\" height=\"331\" srcset=\"https:\/\/images.ifun.de\/wp-content\/uploads\/2023\/06\/game-mode-2000-700x331.jpg 700w, https:\/\/images.ifun.de\/wp-content\/uploads\/2023\/06\/game-mode-2000-500x236.jpg 500w, https:\/\/images.ifun.de\/wp-content\/uploads\/2023\/06\/game-mode-2000-768x363.jpg 768w, https:\/\/images.ifun.de\/wp-content\/uploads\/2023\/06\/game-mode-2000-1536x726.jpg 1536w, https:\/\/images.ifun.de\/wp-content\/uploads\/2023\/06\/game-mode-2000.jpg 2000w\" sizes=\"auto, (max-width: 700px) 100vw, 700px\" \/><\/a><\/p>\n<h2>Apple-Prozessor vorausgesetzt<\/h2>\n<ul>\n<li><strong>Video-Chat-Effekte<\/strong>: Diese Voraussetzung gilt etwa f\u00fcr die neuen Video-Chat-Effekte, mit denen macOS Sonoma vortragende Personen freistellen und diese vor den laufenden Vortragsfolien pr\u00e4sentieren kann.<br \/>\nGleiches gilt f\u00fcr die neuen Hand-, Konfetti- und Feuerwerks-Effekte,<\/li>\n<li><strong>Siri ohne Hey<\/strong>: Auch die Kurze Aktivierung der Sprachassistenz Siri durch das Aktivierungswort Siri (anstatt &#8222;Hey Siri&#8220;) ist Macs mit Apple-Prozessoren vorbehalten.<\/li>\n<li><strong>Screen Sharing<\/strong>: Der neueHigh-Performance-Modus der Bildschirmfreigabe ist ebenfalls Macs mit Apple-Prozessoren vorbehalten.<\/li>\n<li><strong>Game Mode<\/strong>: Der Game-Modus, der daf\u00fcr sorgt das laufende Spiele mit h\u00f6chster Priorit\u00e4t vom Grafik-System und der CPU versorgt werden, steht auf Intel-Macs nicht zur Verf\u00fcgung.<\/li>\n<\/ul>\n<p>Weitere Einschr\u00e4nkungen lassen sich f\u00fcr gew\u00f6hnlich erst nach Freigabe der neuen macOS-Version und dem Sichten der zugeh\u00f6rigen Support-Dokumente in Erfahrung bringen.<\/p>\n<p><a href=\"https:\/\/images.ifun.de\/wp-content\/uploads\/2023\/06\/continuity-camera.jpg\"><img loading=\"lazy\" decoding=\"async\" class=\"aligncenter size-large wp-image-211589\" src=\"https:\/\/images.ifun.de\/wp-content\/uploads\/2023\/06\/continuity-camera-700x385.jpg\" alt=\"Continuity Camera\" width=\"700\" height=\"385\" srcset=\"https:\/\/images.ifun.de\/wp-content\/uploads\/2023\/06\/continuity-camera-700x385.jpg 700w, https:\/\/images.ifun.de\/wp-content\/uploads\/2023\/06\/continuity-camera-500x275.jpg 500w, https:\/\/images.ifun.de\/wp-content\/uploads\/2023\/06\/continuity-camera-768x422.jpg 768w, https:\/\/images.ifun.de\/wp-content\/uploads\/2023\/06\/continuity-camera-1536x845.jpg 1536w, https:\/\/images.ifun.de\/wp-content\/uploads\/2023\/06\/continuity-camera.jpg 2000w\" sizes=\"auto, (max-width: 700px) 100vw, 700px\" \/><\/a><\/p>\n<p><img loading=\"lazy\" decoding=\"async\" src=\"https:\/\/vg02.met.vgwort.de\/na\/40446e07fc344228a83bea07aad06e59\" width=\"1\" height=\"1\" no-lazy class=\"tracking\"><\/p>\n","protected":false},"excerpt":{"rendered":"<a href=\"https:\/\/www.ifun.de\/macos-sonoma-diese-funktionen-benoetigen-einen-apple-prozessor-211585\/\"><img width=\"150\" height=\"150\" src=\"https:\/\/images.ifun.de\/wp-content\/uploads\/2023\/06\/apple-prozessor-feature-150x150.jpg\" class=\"alignright tfe wp-post-image\" alt=\"Apple Prozessor Feature\" decoding=\"async\" loading=\"lazy\" \/><\/a><p>W\u00e4hrend Apple die neuen Funktionen des mobilen iOS-Betriebssystems vor allem von der eingesetzten iPhone-Generation abh\u00e4ngig macht und f\u00fcr viele der neuen iOS 17-Funktionen mindestens ein iPhone 12 voraussetzt (obwohl sich iOS 17 auch auf einem iPhone Xs installieren lassen wird) differenziert der Konzern in Sachen Mac etwas anders. Beim iPhone entscheidet das Baujahr Zwar zieht [&hellip;]<\/p>\n","protected":false},"author":1,"featured_media":211590,"comment_status":"open","ping_status":"closed","sticky":false,"template":"","format":"standard","meta":{"_acf_changed":false,"footnotes":""},"categories":[3,1783],"tags":[5158,6168,6174],"class_list":["post-211585","post","type-post","status-publish","format-standard","has-post-thumbnail","hentry","category-apple","category-feature","tag-apple-prozessor","tag-macos-sonoma","tag-neu-in-macos-sonoma"],"acf":[],"aioseo_notices":[],"subheadline":["Nicht f\u00fcr Intel-Macs","Nicht f\u00fcr Intel-Macs"],"featured_image":["https:\/\/images.ifun.de\/wp-content\/uploads\/2023\/06\/apple-prozessor-feature.jpg"],"rest_api_enabler":{"subheadline":["Nicht f\u00fcr Intel-Macs","Nicht f\u00fcr Intel-Macs"],"featured_image":"https:\/\/images.ifun.de\/wp-content\/uploads\/2023\/06\/apple-prozessor-feature.jpg"},"_links":{"self":[{"href":"https:\/\/www.ifun.de\/apiv2\/wp\/v2\/posts\/211585","targetHints":{"allow":["GET"]}}],"collection":[{"href":"https:\/\/www.ifun.de\/apiv2\/wp\/v2\/posts"}],"about":[{"href":"https:\/\/www.ifun.de\/apiv2\/wp\/v2\/types\/post"}],"author":[{"embeddable":true,"href":"https:\/\/www.ifun.de\/apiv2\/wp\/v2\/users\/1"}],"replies":[{"embeddable":true,"href":"https:\/\/www.ifun.de\/apiv2\/wp\/v2\/comments?post=211585"}],"version-history":[{"count":2,"href":"https:\/\/www.ifun.de\/apiv2\/wp\/v2\/posts\/211585\/revisions"}],"predecessor-version":[{"id":211591,"href":"https:\/\/www.ifun.de\/apiv2\/wp\/v2\/posts\/211585\/revisions\/211591"}],"wp:featuredmedia":[{"embeddable":true,"href":"https:\/\/www.ifun.de\/apiv2\/wp\/v2\/media\/211590"}],"wp:attachment":[{"href":"https:\/\/www.ifun.de\/apiv2\/wp\/v2\/media?parent=211585"}],"wp:term":[{"taxonomy":"category","embeddable":true,"href":"https:\/\/www.ifun.de\/apiv2\/wp\/v2\/categories?post=211585"},{"taxonomy":"post_tag","embeddable":true,"href":"https:\/\/www.ifun.de\/apiv2\/wp\/v2\/tags?post=211585"}],"curies":[{"name":"wp","href":"https:\/\/api.w.org\/{rel}","templated":true}]}}