{"id":211357,"date":"2023-06-06T16:17:28","date_gmt":"2023-06-06T14:17:28","guid":{"rendered":"https:\/\/www.ifun.de\/?p=211357"},"modified":"2023-06-09T18:06:06","modified_gmt":"2023-06-09T16:06:06","slug":"apple-vision-pro-zwei-stunden-mit-einer-akkuladung","status":"publish","type":"post","link":"https:\/\/www.ifun.de\/apple-vision-pro-zwei-stunden-mit-einer-akkuladung-211357\/","title":{"rendered":"Apple Vision Pro: Zwei Stunden mit einer Akkuladung"},"content":{"rendered":"<p>Apples Hinweis auf die voraussichtliche Batterielaufzeit der Apple Vision Pro war nicht nur Bestandteil der gestrigen WWDC-Keynote, sondern l\u00e4sst sich auch <a href=\"https:\/\/www.apple.com\/apple-vision-pro\">auf der Produktseite<\/a> des neuen Mixed-Reality-Headsets nachlesen und verdient eine Wiederholung.<\/p>\n<p><a href=\"https:\/\/images.ifun.de\/wp-content\/uploads\/2023\/06\/apple-vision-pro-power.png\"><img loading=\"lazy\" decoding=\"async\" class=\"aligncenter size-medium wp-image-211360\" src=\"https:\/\/images.ifun.de\/wp-content\/uploads\/2023\/06\/apple-vision-pro-power-500x430.png\" alt=\"Apple Vision Pro Power\" width=\"500\" height=\"430\" srcset=\"https:\/\/images.ifun.de\/wp-content\/uploads\/2023\/06\/apple-vision-pro-power-500x430.png 500w, https:\/\/images.ifun.de\/wp-content\/uploads\/2023\/06\/apple-vision-pro-power-700x602.png 700w, https:\/\/images.ifun.de\/wp-content\/uploads\/2023\/06\/apple-vision-pro-power-768x660.png 768w, https:\/\/images.ifun.de\/wp-content\/uploads\/2023\/06\/apple-vision-pro-power-1536x1321.png 1536w, https:\/\/images.ifun.de\/wp-content\/uploads\/2023\/06\/apple-vision-pro-power.png 1598w\" sizes=\"auto, (max-width: 500px) 100vw, 500px\" \/><\/a><br \/>\nIst die Brille lediglich mit dem externen Akkupack und nicht mit dem Netzteil verbunden, dann soll sich die Akkulaufzeit auf gerade mal zwei Stunden beschr\u00e4nken.<\/p>\n<p>Dies hat Apple in eigenen Praxis-Tests ermittelt und gibt an, den Wert bei normaler Nutzung des Headsets erreicht zu haben. Die Tester h\u00e4tten im Internet gesurft und dabei die 20 popul\u00e4rsten Webseiten weltweit angesteuert, FaceTime-Telefonate gef\u00fchrt, Videos abgespielt, eigene Video-Aufnahmen mit dem Headset erstellt und seien w\u00e4hrenddessen mit einem vorhandenen WLAN-Netz verbunden gewesen.<\/p>\n<h2>120 Minuten sind m\u00f6glich, nicht garantiert<\/h2>\n<p>Allerdings macht Apple gleichzeitig auch darauf aufmerksam, dass die Laufzeit des Akkus stark von den Ger\u00e4teeinstellungen, der Nutzung, der Netzwerkumgebung und vielen anderen Faktoren abh\u00e4ngt. Anders formuliert: 120 Minuten sind m\u00f6glich, aber nicht garantiert.<\/p>\n<p><a href=\"https:\/\/images.ifun.de\/wp-content\/uploads\/2023\/06\/apple-vision-pro-akku-large.jpg\"><img loading=\"lazy\" decoding=\"async\" class=\"aligncenter size-large wp-image-211359\" src=\"https:\/\/images.ifun.de\/wp-content\/uploads\/2023\/06\/apple-vision-pro-akku-large-700x452.jpg\" alt=\"Apple Vision Pro Akku Large\" width=\"700\" height=\"452\" srcset=\"https:\/\/images.ifun.de\/wp-content\/uploads\/2023\/06\/apple-vision-pro-akku-large-700x452.jpg 700w, https:\/\/images.ifun.de\/wp-content\/uploads\/2023\/06\/apple-vision-pro-akku-large-500x323.jpg 500w, https:\/\/images.ifun.de\/wp-content\/uploads\/2023\/06\/apple-vision-pro-akku-large-768x496.jpg 768w, https:\/\/images.ifun.de\/wp-content\/uploads\/2023\/06\/apple-vision-pro-akku-large-1536x993.jpg 1536w, https:\/\/images.ifun.de\/wp-content\/uploads\/2023\/06\/apple-vision-pro-akku-large.jpg 1640w\" sizes=\"auto, (max-width: 700px) 100vw, 700px\" \/><\/a><\/p>\n<p>Die 120-Minuten-Vorgabe sollten vor allem Privatanwender im Hinterkopf behalten und den Preis eines zus\u00e4tzlichen Akkus (diese d\u00fcrften zum Verkaufsstart Anfang des kommenden Jahres feststehen) eventuell noch auf die Anschaffungskosten der Apple Vision Pro addieren.<\/p>\n<p>Gerade die von Apple herausgearbeitete Nutzungsm\u00f6glichkeit der Brille f\u00fcr solit\u00e4re Kinoabende und Video-Streaming-Sitzungen d\u00fcrfte von der Einschr\u00e4nkung doch erheblich in Mitleidenschaft gezogen werden. Die durchschnittliche Laufzeit der umsatzst\u00e4rksten Kinofilme lag 2021 bei knapp 131 Minuten.<\/p>\n<p><a href=\"https:\/\/images.ifun.de\/wp-content\/uploads\/2023\/06\/kinofilme-2021.png\"><img loading=\"lazy\" decoding=\"async\" class=\"aligncenter size-large wp-image-211361\" src=\"https:\/\/images.ifun.de\/wp-content\/uploads\/2023\/06\/kinofilme-2021-700x520.png\" alt=\"Kinofilme 2021\" width=\"700\" height=\"520\" srcset=\"https:\/\/images.ifun.de\/wp-content\/uploads\/2023\/06\/kinofilme-2021-700x520.png 700w, https:\/\/images.ifun.de\/wp-content\/uploads\/2023\/06\/kinofilme-2021-500x372.png 500w, https:\/\/images.ifun.de\/wp-content\/uploads\/2023\/06\/kinofilme-2021-768x571.png 768w, https:\/\/images.ifun.de\/wp-content\/uploads\/2023\/06\/kinofilme-2021.png 1000w\" sizes=\"auto, (max-width: 700px) 100vw, 700px\" \/><\/a><\/p>\n<p>Wir jedenfalls k\u00f6nnen uns den Einsatz der Brille zum Besuch virtueller Kinos\u00e4le wesentlich besser vorstellen als die von Apple ebenfalls demonstrierte Nutzung des Headsets zum Abfilmen im Raum anwesender Familienmitglieder. Hier wirkt das Headset eher wie ein Distanzst\u00fcck, das den Dialog mit der restlichen Familie nicht gerade f\u00f6rdert.<\/p>\n<p><img loading=\"lazy\" decoding=\"async\" src=\"https:\/\/vg02.met.vgwort.de\/na\/bd8bbf836da94a0b83a7a036989113ea\" width=\"1\" height=\"1\" no-lazy class=\"tracking\"><\/p>\n","protected":false},"excerpt":{"rendered":"<a href=\"https:\/\/www.ifun.de\/apple-vision-pro-zwei-stunden-mit-einer-akkuladung-211357\/\"><img width=\"150\" height=\"150\" src=\"https:\/\/images.ifun.de\/wp-content\/uploads\/2023\/06\/kinofilme-2021-150x150.png\" class=\"alignright tfe wp-post-image\" alt=\"Kinofilme 2021\" decoding=\"async\" loading=\"lazy\" \/><\/a><p>Apples Hinweis auf die voraussichtliche Batterielaufzeit der Apple Vision Pro war nicht nur Bestandteil der gestrigen WWDC-Keynote, sondern l\u00e4sst sich auch auf der Produktseite des neuen Mixed-Reality-Headsets nachlesen und verdient eine Wiederholung. Ist die Brille lediglich mit dem externen Akkupack und nicht mit dem Netzteil verbunden, dann soll sich die Akkulaufzeit auf gerade mal zwei [&hellip;]<\/p>\n","protected":false},"author":1,"featured_media":211361,"comment_status":"open","ping_status":"closed","sticky":false,"template":"","format":"standard","meta":{"_acf_changed":false,"footnotes":""},"categories":[1,1783],"tags":[137,6169],"class_list":["post-211357","post","type-post","status-publish","format-standard","has-post-thumbnail","hentry","category-news","category-feature","tag-akku","tag-apple-vision-pro"],"acf":[],"aioseo_notices":[],"featured_image":["https:\/\/images.ifun.de\/wp-content\/uploads\/2023\/06\/apple-vision-pro-akku.jpg"],"subheadline":["120 Minuten sind m\u00f6glich, nicht garantiert"],"rest_api_enabler":{"featured_image":"https:\/\/images.ifun.de\/wp-content\/uploads\/2023\/06\/apple-vision-pro-akku.jpg","subheadline":"120 Minuten sind m\u00f6glich, nicht garantiert"},"_links":{"self":[{"href":"https:\/\/www.ifun.de\/apiv2\/wp\/v2\/posts\/211357","targetHints":{"allow":["GET"]}}],"collection":[{"href":"https:\/\/www.ifun.de\/apiv2\/wp\/v2\/posts"}],"about":[{"href":"https:\/\/www.ifun.de\/apiv2\/wp\/v2\/types\/post"}],"author":[{"embeddable":true,"href":"https:\/\/www.ifun.de\/apiv2\/wp\/v2\/users\/1"}],"replies":[{"embeddable":true,"href":"https:\/\/www.ifun.de\/apiv2\/wp\/v2\/comments?post=211357"}],"version-history":[{"count":2,"href":"https:\/\/www.ifun.de\/apiv2\/wp\/v2\/posts\/211357\/revisions"}],"predecessor-version":[{"id":211391,"href":"https:\/\/www.ifun.de\/apiv2\/wp\/v2\/posts\/211357\/revisions\/211391"}],"wp:featuredmedia":[{"embeddable":true,"href":"https:\/\/www.ifun.de\/apiv2\/wp\/v2\/media\/211361"}],"wp:attachment":[{"href":"https:\/\/www.ifun.de\/apiv2\/wp\/v2\/media?parent=211357"}],"wp:term":[{"taxonomy":"category","embeddable":true,"href":"https:\/\/www.ifun.de\/apiv2\/wp\/v2\/categories?post=211357"},{"taxonomy":"post_tag","embeddable":true,"href":"https:\/\/www.ifun.de\/apiv2\/wp\/v2\/tags?post=211357"}],"curies":[{"name":"wp","href":"https:\/\/api.w.org\/{rel}","templated":true}]}}