{"id":211279,"date":"2023-06-06T07:07:09","date_gmt":"2023-06-06T05:07:09","guid":{"rendered":"https:\/\/www.ifun.de\/?p=211279"},"modified":"2023-06-09T18:06:01","modified_gmt":"2023-06-09T16:06:01","slug":"apple-vision-pro-neue-prozessoren-sehstaerke-linsen-und-vollverschluesselung","status":"publish","type":"post","link":"https:\/\/www.ifun.de\/apple-vision-pro-neue-prozessoren-sehstaerke-linsen-und-vollverschluesselung-211279\/","title":{"rendered":"Apple Vision Pro: Neue Prozessoren, Sehst\u00e4rke-Linsen und Vollverschl\u00fcsselung"},"content":{"rendered":"<p>Apple hat auf der Er\u00f6ffnungskonferenz zur <a href=\"https:\/\/www.ifun.de\/apples-wwdc-keynote-alle-neuigkeiten-im-ueberblick-3-211119\/\">Entwicklerkonferenz WWDC<\/a> wie erwartet seine erste Mixed-Reality-Brille <a href=\"https:\/\/www.ifun.de\/apple-vision-pro-die-apple-brille-ist-jetzt-offiziell-211057\/\">vorgestellt<\/a>. Die Produktneuheit h\u00f6rt auf den Namen <a href=\"https:\/\/www.apple.com\/apple-vision-pro\/\" title=\"Apple Vision Pro\">Apple Vision Pro<\/a> und soll im Fr\u00fchjahr 2024 zun\u00e4chst im Heimatland von Apple erh\u00e4ltlich sein. Weitere L\u00e4nder sollen sp\u00e4ter im kommenden Jahr folgen. Wenn Apple Vision Pro dann auch in Deutschland startet, werden hierzulande wohl gut 4.000 Euro auf dem Preisschild stehen. F\u00fcr die USA hat Apple einen Verkaufspreis von 3.499 Dollar angek\u00fcndigt.<\/p>\n<p><a href=\"https:\/\/images.ifun.de\/wp-content\/uploads\/2023\/06\/apple-visions-pro-square.jpg\"><img loading=\"lazy\" decoding=\"async\" src=\"https:\/\/images.ifun.de\/wp-content\/uploads\/2023\/06\/apple-visions-pro-square-500x284.jpg\" alt=\"Apple Visions Pro Square\" width=\"500\" height=\"284\" class=\"alignnone size-medium wp-image-211199\" srcset=\"https:\/\/images.ifun.de\/wp-content\/uploads\/2023\/06\/apple-visions-pro-square-500x284.jpg 500w, https:\/\/images.ifun.de\/wp-content\/uploads\/2023\/06\/apple-visions-pro-square-700x397.jpg 700w, https:\/\/images.ifun.de\/wp-content\/uploads\/2023\/06\/apple-visions-pro-square-768x436.jpg 768w, https:\/\/images.ifun.de\/wp-content\/uploads\/2023\/06\/apple-visions-pro-square.jpg 1100w\" sizes=\"auto, (max-width: 500px) 100vw, 500px\" \/><\/a><\/p>\n<p>Apple erg\u00e4nzt die im Rahmen der Vorstellung genannten Eckdaten auf einer derzeit noch ausschlie\u00dflich in englischer Sprache erh\u00e4ltlichen <a href=\"https:\/\/www.apple.com\/apple-vision-pro\/\">Produktseite zu Apple Vision Pro<\/a> um weiterf\u00fchrende Details. Die hier genannten technischen Hintergrundinformationen tragen vor allem auch nochmal dazu bei, den auf den ersten Blick hohen Preis f\u00fcr die Brille in Relation zu setzen. Der damit verbundene enorme technische Aufwand macht Apples Preisgestaltung nachvollziehbar, spannend bleibt nat\u00fcrlich die Frage, in welchem Umfang sich f\u00fcr Apples T\u00fcr\u00f6ffner in eine neue Produktwelt am Ende dann auch K\u00e4ufer finden. <\/p>\n<h2>Apple Vision Pro setzt auf bestechende Hardware-Leistung<\/h2>\n<p>Es war bereits im Vorfeld der Ank\u00fcndigung von Apple Vision Pro klar, dass Apple sich hier nicht mit den Branchenstandards zufrieden gibt, sondern etwas Au\u00dfergew\u00f6hnliches abliefern will. So setzen sich die beiden in der Brille verbauten briefmarkengro\u00dfen Mikro-OLED-Displays aus insgesamt 23 Millionen Pixeln zusammen und bieten somit pro Auge eine h\u00f6here Aufl\u00f6sung als der mit knapp 8,3 Millionen Pixeln definierte 4K-Standard.<\/p>\n<p><a href=\"https:\/\/images.ifun.de\/wp-content\/uploads\/2023\/06\/apple-vision-pro-sensoren.jpg\"><img loading=\"lazy\" decoding=\"async\" src=\"https:\/\/images.ifun.de\/wp-content\/uploads\/2023\/06\/apple-vision-pro-sensoren-700x376.jpg\" alt=\"Apple Vision Pro Sensoren\" width=\"700\" height=\"376\" class=\"alignnone size-large wp-image-211283\" srcset=\"https:\/\/images.ifun.de\/wp-content\/uploads\/2023\/06\/apple-vision-pro-sensoren-700x376.jpg 700w, https:\/\/images.ifun.de\/wp-content\/uploads\/2023\/06\/apple-vision-pro-sensoren-500x268.jpg 500w, https:\/\/images.ifun.de\/wp-content\/uploads\/2023\/06\/apple-vision-pro-sensoren-768x412.jpg 768w, https:\/\/images.ifun.de\/wp-content\/uploads\/2023\/06\/apple-vision-pro-sensoren.jpg 1400w\" sizes=\"auto, (max-width: 700px) 100vw, 700px\" \/><\/a><\/p>\n<p>Mithilfe eines speziellen Linsenkonstrukts erzeugt Apple dabei einen r\u00e4umlichen Effekt und das Gef\u00fchl, dass man nicht auf ein Display vor sich schauen muss, sondern das Display \u00fcberall dort ist, wo ma gerade hinsieht.<\/p>\n<p>Brillentr\u00e4ger k\u00f6nnen damit verbunden optische Eins\u00e4tze verwenden. Apple Vision Pro ist nicht darauf ausgelegt, zus\u00e4tzlich eine Brille als Sehhilfe zu tragen, stattdessen kooperiert Apple mit dem Hersteller Zeiss und bietet die M\u00f6glichkeit an, die Vision-Pro-Brille um optische Eins\u00e4tze mit Sehkorrektur zu erweitern.<\/p>\n<h2>Zwei Prozessoren und thermische K\u00fchlung<\/h2>\n<p>Um die im Zusammenhang mit der Brille n\u00f6tige Rechenleistung zu gew\u00e4hrleisten, finden sich in Apple Vision Pro zwei verschiedene Prozessoren verbaut. Ein aktueller Apple-Chip vom Typ M2 sorgt f\u00fcr ausreichend Leistung, um Apples neues Betriebssystem visionOS und die allgemeinen Rechen- und Grafikfunktionen des Headsets auszuf\u00fchren.<\/p>\n<p>Dar\u00fcber hinaus hat Apple mit dem R1-Chip einen neuen \u201eReality-Prozessor\u201c konzipiert, der sich im Speziellen f\u00fcr die Verarbeitung der von den in der Apple-Brille verbauten Kameras, Sensoren und Mikrofone k\u00fcmmert. Die Bild\u00fcbertragung auf die beiden Displays des Apple Vision Pro erfolgt innerhalb von zw\u00f6lf Millisekunden und ist damit achtmal schneller als ein Augenzwinkern. <\/p>\n<p><a href=\"https:\/\/images.ifun.de\/wp-content\/uploads\/2023\/06\/apple-vision-pro-prozessoren.jpg\"><img loading=\"lazy\" decoding=\"async\" src=\"https:\/\/images.ifun.de\/wp-content\/uploads\/2023\/06\/apple-vision-pro-prozessoren-700x364.jpg\" alt=\"Apple Vision Pro Prozessoren\" width=\"700\" height=\"364\" class=\"alignnone size-large wp-image-211284\" srcset=\"https:\/\/images.ifun.de\/wp-content\/uploads\/2023\/06\/apple-vision-pro-prozessoren-700x364.jpg 700w, https:\/\/images.ifun.de\/wp-content\/uploads\/2023\/06\/apple-vision-pro-prozessoren-500x260.jpg 500w, https:\/\/images.ifun.de\/wp-content\/uploads\/2023\/06\/apple-vision-pro-prozessoren-768x399.jpg 768w, https:\/\/images.ifun.de\/wp-content\/uploads\/2023\/06\/apple-vision-pro-prozessoren.jpg 1400w\" sizes=\"auto, (max-width: 700px) 100vw, 700px\" \/><\/a><\/p>\n<p>Um ausreichend K\u00fchlung f\u00fcr diese Rechenarbeiten bereitzustellen, wurde Apple zufolge ein thermisches System konzipiert, das die erforderliche Luft sanft und vor allem auch ger\u00e4uschlos durch die Vision-Pro-Brille bewegt.<\/p>\n<p>Um die von Apple verwendete Technologie mit Strom zu versorgen, kann man entweder den mitgelieferten Akku mit bis zu zwei Stunden Laufzeit verwenden oder Apple Vision Pro dauerhaft mit einer Stromquelle verbinden. Auf diese Weise ist Apple zufolge dann auch eine ganzt\u00e4gige Nutzung der Brille m\u00f6glich.<\/p>\n<h2>Kamera- und Sensordaten lokal und verschl\u00fcsselt<\/h2>\n<p>Apples System zur Erfassung der Augenbewegungen basiert aus einer Kombination aus leistungsf\u00e4higen Kameras und einem Ring aus LEDs, der unsichtbare Lichtmuster auf die Augen der Tr\u00e4ger projiziert. Damit verbunden verf\u00fcgt Apple Vision Pro mit Optic ID auch \u00fcber ein neues Authentifizierungsverfahren, das die Iris der Nutzer analysiert, um die Brille zu entsperren.<\/p>\n<p><a href=\"https:\/\/images.ifun.de\/wp-content\/uploads\/2023\/06\/apple-vision-pro-augentracking.jpg\"><img loading=\"lazy\" decoding=\"async\" src=\"https:\/\/images.ifun.de\/wp-content\/uploads\/2023\/06\/apple-vision-pro-augentracking-700x399.jpg\" alt=\"Apple Vision Pro Augentracking\" width=\"700\" height=\"399\" class=\"alignnone size-large wp-image-211282\" srcset=\"https:\/\/images.ifun.de\/wp-content\/uploads\/2023\/06\/apple-vision-pro-augentracking-700x399.jpg 700w, https:\/\/images.ifun.de\/wp-content\/uploads\/2023\/06\/apple-vision-pro-augentracking-500x285.jpg 500w, https:\/\/images.ifun.de\/wp-content\/uploads\/2023\/06\/apple-vision-pro-augentracking-768x438.jpg 768w, https:\/\/images.ifun.de\/wp-content\/uploads\/2023\/06\/apple-vision-pro-augentracking.jpg 1400w\" sizes=\"auto, (max-width: 700px) 100vw, 700px\" \/><\/a><\/p>\n<p>Apple betont in diesem Zusammenhang, dass sowohl die Daten rund um Optic ID als auch die Informationen des Augentrackings verschl\u00fcsselt sind und das Ger\u00e4t nicht verlassen. Damit verbunden haben die Anwendungen keinerlei Zugriff auf erfassten Daten.<\/p>\n<p><div class=\"responsive-video\"><iframe loading=\"lazy\" title=\"Introducing Apple Vision Pro\" width=\"500\" height=\"281\" src=\"https:\/\/www.youtube-nocookie.com\/embed\/TX9qSaGXFyg?feature=oembed\" frameborder=\"0\" allow=\"accelerometer; autoplay; clipboard-write; encrypted-media; gyroscope; picture-in-picture; web-share\" referrerpolicy=\"strict-origin-when-cross-origin\" allowfullscreen><\/iframe><\/div><br \/>\n<img loading=\"lazy\" decoding=\"async\" src=\"https:\/\/vg06.met.vgwort.de\/na\/900b70f6e4464786b87210eedd84df54\" width=\"1\" height=\"1\" no-lazy class=\"tracking\"><\/p>\n","protected":false},"excerpt":{"rendered":"<a href=\"https:\/\/www.ifun.de\/apple-vision-pro-neue-prozessoren-sehstaerke-linsen-und-vollverschluesselung-211279\/\"><img width=\"150\" height=\"150\" src=\"https:\/\/images.ifun.de\/wp-content\/uploads\/2023\/06\/apple-vison-pro-feature-150x150.jpg\" class=\"alignright tfe wp-post-image\" alt=\"Apple Vison Pro Feature\" decoding=\"async\" loading=\"lazy\" \/><\/a><p>Apple hat auf der Er\u00f6ffnungskonferenz zur Entwicklerkonferenz WWDC wie erwartet seine erste Mixed-Reality-Brille vorgestellt. Die Produktneuheit h\u00f6rt auf den Namen Apple Vision Pro und soll im Fr\u00fchjahr 2024 zun\u00e4chst im Heimatland von Apple erh\u00e4ltlich sein. Weitere L\u00e4nder sollen sp\u00e4ter im kommenden Jahr folgen. Wenn Apple Vision Pro dann auch in Deutschland startet, werden hierzulande wohl [&hellip;]<\/p>\n","protected":false},"author":2,"featured_media":211285,"comment_status":"open","ping_status":"closed","sticky":false,"template":"","format":"standard","meta":{"_acf_changed":false,"footnotes":""},"categories":[1,1783],"tags":[6169,6170],"class_list":["post-211279","post","type-post","status-publish","format-standard","has-post-thumbnail","hentry","category-news","category-feature","tag-apple-vision-pro","tag-visionos"],"acf":[],"aioseo_notices":[],"subheadline":["Details rund um die Apple-Brille"],"featured_image":["https:\/\/images.ifun.de\/wp-content\/uploads\/2023\/06\/apple-vison-pro-feature.jpg","https:\/\/images.ifun.de\/wp-content\/uploads\/2023\/06\/apple-vison-pro-feature.jpg","https:\/\/images.ifun.de\/wp-content\/uploads\/2023\/06\/apple-vison-pro-feature.jpg","https:\/\/images.ifun.de\/wp-content\/uploads\/2023\/06\/apple-vison-pro-feature.jpg"],"rest_api_enabler":{"subheadline":"Details rund um die Apple-Brille","featured_image":["https:\/\/images.ifun.de\/wp-content\/uploads\/2023\/06\/apple-vison-pro-feature.jpg","https:\/\/images.ifun.de\/wp-content\/uploads\/2023\/06\/apple-vison-pro-feature.jpg","https:\/\/images.ifun.de\/wp-content\/uploads\/2023\/06\/apple-vison-pro-feature.jpg","https:\/\/images.ifun.de\/wp-content\/uploads\/2023\/06\/apple-vison-pro-feature.jpg"]},"_links":{"self":[{"href":"https:\/\/www.ifun.de\/apiv2\/wp\/v2\/posts\/211279","targetHints":{"allow":["GET"]}}],"collection":[{"href":"https:\/\/www.ifun.de\/apiv2\/wp\/v2\/posts"}],"about":[{"href":"https:\/\/www.ifun.de\/apiv2\/wp\/v2\/types\/post"}],"author":[{"embeddable":true,"href":"https:\/\/www.ifun.de\/apiv2\/wp\/v2\/users\/2"}],"replies":[{"embeddable":true,"href":"https:\/\/www.ifun.de\/apiv2\/wp\/v2\/comments?post=211279"}],"version-history":[{"count":12,"href":"https:\/\/www.ifun.de\/apiv2\/wp\/v2\/posts\/211279\/revisions"}],"predecessor-version":[{"id":211300,"href":"https:\/\/www.ifun.de\/apiv2\/wp\/v2\/posts\/211279\/revisions\/211300"}],"wp:featuredmedia":[{"embeddable":true,"href":"https:\/\/www.ifun.de\/apiv2\/wp\/v2\/media\/211285"}],"wp:attachment":[{"href":"https:\/\/www.ifun.de\/apiv2\/wp\/v2\/media?parent=211279"}],"wp:term":[{"taxonomy":"category","embeddable":true,"href":"https:\/\/www.ifun.de\/apiv2\/wp\/v2\/categories?post=211279"},{"taxonomy":"post_tag","embeddable":true,"href":"https:\/\/www.ifun.de\/apiv2\/wp\/v2\/tags?post=211279"}],"curies":[{"name":"wp","href":"https:\/\/api.w.org\/{rel}","templated":true}]}}