{"id":211051,"date":"2023-06-05T09:36:52","date_gmt":"2023-06-05T07:36:52","guid":{"rendered":"https:\/\/www.ifun.de\/?p=211051"},"modified":"2023-06-05T09:36:52","modified_gmt":"2023-06-05T07:36:52","slug":"apples-wwdc-keynote-heute-abend-erwartungen-und-fragezeichen","status":"publish","type":"post","link":"https:\/\/www.ifun.de\/apples-wwdc-keynote-heute-abend-erwartungen-und-fragezeichen-211051\/","title":{"rendered":"Apples WWDC-Keynote heute Abend: Erwartungen und Fragezeichen"},"content":{"rendered":"<p>Die grobe Zusammensetzung der Apple-Keynote, die heute Abend um 19 Uhr deutscher Zeit sowohl auf dem <a href=\"https:\/\/www.youtube.com\/watch?v=GYkq9Rgoj8E\">Videoportal YouTube<\/a> als auch auf Apples <a href=\"https:\/\/www.apple.com\/apple-events\/\">Events-Webseite<\/a> und in der TV-Applikation des Unternehmens ausgestrahlt wird, steht inzwischen nicht mehr zur Debatte.<\/p>\n<p><a href=\"https:\/\/images.ifun.de\/wp-content\/uploads\/2021\/12\/tim-cook-aple-park.jpg\"><img loading=\"lazy\" decoding=\"async\" class=\"aligncenter size-medium wp-image-180296\" src=\"https:\/\/images.ifun.de\/wp-content\/uploads\/2021\/12\/tim-cook-aple-park-500x321.jpg\" alt=\"Tim Cook Aple Park\" width=\"500\" height=\"321\" srcset=\"https:\/\/images.ifun.de\/wp-content\/uploads\/2021\/12\/tim-cook-aple-park-500x321.jpg 500w, https:\/\/images.ifun.de\/wp-content\/uploads\/2021\/12\/tim-cook-aple-park-700x450.jpg 700w, https:\/\/images.ifun.de\/wp-content\/uploads\/2021\/12\/tim-cook-aple-park-768x493.jpg 768w, https:\/\/images.ifun.de\/wp-content\/uploads\/2021\/12\/tim-cook-aple-park.jpg 1400w\" sizes=\"auto, (max-width: 500px) 100vw, 500px\" \/><\/a><\/p>\n<p>Die meisten Apple-Beobachter gehen davon aus, dass wir sowohl neue Hardware als auch neue Software sehen werden.<\/p>\n<p><strong>In Sachen Hardware<\/strong> wird allen voran das <a href=\"https:\/\/www.ifun.de\/das-ist-apples-headset-alle-details-zur-reality-pro-202780\/\">Mixed-Reality-Headset<\/a> Apples mit Spannung erwartet, dass Tim Cooks letzte gro\u00dfe Produkteinf\u00fchrung werden d\u00fcrfte. Zudem soll Apple eine <a href=\"https:\/\/www.ifun.de\/macbook-air-neues-15-zoll-modell-in-zwei-wochen-210132\/\">15-Zoll-Variante<\/a> des beliebten MacBook Air vorstellen und seinen Desktop-Rechner, den erst im M\u00e4rz 2022 gestarteten <a href=\"https:\/\/www.ifun.de\/tag\/mac-studio\/\">Mac Studio<\/a> in einer \u00fcberarbeiteten Version pr\u00e4sentieren.<\/p>\n<p><strong>In Sachen Software<\/strong> steht der traditionelle Versionssprung aller wichtigen Betriebssysteme Apples an. Nehmen wir den <a href=\"https:\/\/www.ifun.de\/xros-fuer-die-wunderbrille-apple-sichert-sich-wortmarke-209842\/\">Neuzugang xrOS<\/a> aus, mit dem Apples Headset angetrieben werden soll, scheint das Rampenlicht in diesem Jahr vor allem auf das Apple-Watch-Betriebssystem watchOS gerichtet zu sein.<\/p>\n<p>W\u00e4hrend watchOS 10 viele neue Funktionen und ein Facelift erhalten soll, steht f\u00fcr iOS 17, iPadOS 17, tvOS 17 klassische Systempflege an. Hier sollen vorhandene Funktionen vornehmlich erweitert und mit Hinblick auf Performance und Stabilit\u00e4t optimiert werden.<\/p>\n<p><strong>Die Fragezeichen<\/strong>, auf deren Kl\u00e4rung wir im Laufe der B\u00fchnenpr\u00e4sentation besonders gespannt blicken werden:<\/p>\n<ul>\n<li>Welche Rolle spielt <a href=\"https:\/\/www.apple.com\/leadership\/jeff-williams\/\">Jeff Williams<\/a> im Rahmen der heutigen Veranstaltung? Apples Chief Operating Officer steht bei vielen Apple-Kennern als wahrscheinlichster Tim Cook-Nachfolger fest. Ist Williams heute pr\u00e4senter als sonst?<\/li>\n<li>Zeigt uns Apple heute den ersten Mac Pro mit Apples Prozessoren beziehungsweise wenigstens einen Vorgeschmack auf diesen?<\/li>\n<li>Wird die Laufzeit der Keynote (signifikant) l\u00e4nger als zwei Stunden ausfallen?<\/li>\n<li>Hat Apple irgendwelche Neuerungen in Sachen KI zu vermelden, die als Antwort auf den durchschlagenden Erfolgt von ChatGTP gewertet werden k\u00f6nnten?<\/li>\n<li>Wird das Apple-Headset zum Verkaufsstart auch in Deutschland angeboten? Und falls ja: Liegt der Verkaufspreis deutlich \u00fcber 2000 Euro?<\/li>\n<\/ul>\n<p><div class=\"responsive-video\"><iframe loading=\"lazy\" title=\"WWDC 2023 \u2014 June 5 | Apple\" width=\"500\" height=\"281\" src=\"https:\/\/www.youtube-nocookie.com\/embed\/GYkq9Rgoj8E?feature=oembed\" frameborder=\"0\" allow=\"accelerometer; autoplay; clipboard-write; encrypted-media; gyroscope; picture-in-picture; web-share\" referrerpolicy=\"strict-origin-when-cross-origin\" allowfullscreen><\/iframe><\/div><\/p>\n<p><img loading=\"lazy\" decoding=\"async\" src=\"https:\/\/vg02.met.vgwort.de\/na\/41e25a6c69124aec81b468b3de69a092\" width=\"1\" height=\"1\" no-lazy class=\"tracking\"><\/p>\n","protected":false},"excerpt":{"rendered":"<a href=\"https:\/\/www.ifun.de\/apples-wwdc-keynote-heute-abend-erwartungen-und-fragezeichen-211051\/\"><img decoding=\"async\" width=\"150\" src=\"https:\/\/images.ifun.de\/wp-content\/uploads\/2021\/12\/tim-cook-aple-park-500x321.jpg\" class=\"alignright wp-post-image tfe\" alt=\"Tim Cook Aple Park\" title=\"\" \/><\/a><p>Die grobe Zusammensetzung der Apple-Keynote, die heute Abend um 19 Uhr deutscher Zeit sowohl auf dem Videoportal YouTube als auch auf Apples Events-Webseite und in der TV-Applikation des Unternehmens ausgestrahlt wird, steht inzwischen nicht mehr zur Debatte. Die meisten Apple-Beobachter gehen davon aus, dass wir sowohl neue Hardware als auch neue Software sehen werden. In [&hellip;]<\/p>\n","protected":false},"author":1,"featured_media":0,"comment_status":"open","ping_status":"closed","sticky":false,"template":"","format":"standard","meta":{"_acf_changed":false,"footnotes":""},"categories":[1],"tags":[4736,353],"class_list":["post-211051","post","type-post","status-publish","format-standard","hentry","category-news","tag-apple","tag-wwdc"],"acf":[],"aioseo_notices":[],"subheadline":["Was wir heute Abend im Blick behalten","Was wir heute Abend im Blick behalten"],"featured_image":["https:\/\/images.ifun.de\/wp-content\/uploads\/2022\/03\/tim-cook-kino-feature.jpg"],"rest_api_enabler":{"subheadline":["Was wir heute Abend im Blick behalten","Was wir heute Abend im Blick behalten"],"featured_image":"https:\/\/images.ifun.de\/wp-content\/uploads\/2022\/03\/tim-cook-kino-feature.jpg"},"_links":{"self":[{"href":"https:\/\/www.ifun.de\/apiv2\/wp\/v2\/posts\/211051","targetHints":{"allow":["GET"]}}],"collection":[{"href":"https:\/\/www.ifun.de\/apiv2\/wp\/v2\/posts"}],"about":[{"href":"https:\/\/www.ifun.de\/apiv2\/wp\/v2\/types\/post"}],"author":[{"embeddable":true,"href":"https:\/\/www.ifun.de\/apiv2\/wp\/v2\/users\/1"}],"replies":[{"embeddable":true,"href":"https:\/\/www.ifun.de\/apiv2\/wp\/v2\/comments?post=211051"}],"version-history":[{"count":2,"href":"https:\/\/www.ifun.de\/apiv2\/wp\/v2\/posts\/211051\/revisions"}],"predecessor-version":[{"id":211053,"href":"https:\/\/www.ifun.de\/apiv2\/wp\/v2\/posts\/211051\/revisions\/211053"}],"wp:attachment":[{"href":"https:\/\/www.ifun.de\/apiv2\/wp\/v2\/media?parent=211051"}],"wp:term":[{"taxonomy":"category","embeddable":true,"href":"https:\/\/www.ifun.de\/apiv2\/wp\/v2\/categories?post=211051"},{"taxonomy":"post_tag","embeddable":true,"href":"https:\/\/www.ifun.de\/apiv2\/wp\/v2\/tags?post=211051"}],"curies":[{"name":"wp","href":"https:\/\/api.w.org\/{rel}","templated":true}]}}