{"id":211049,"date":"2023-06-05T19:18:56","date_gmt":"2023-06-05T17:18:56","guid":{"rendered":"https:\/\/www.ifun.de\/?p=211049"},"modified":"2023-06-05T21:16:04","modified_gmt":"2023-06-05T19:16:04","slug":"apple-stellt-mac-pro-vor-und-wertet-den-mac-studio-auf","status":"publish","type":"post","link":"https:\/\/www.ifun.de\/apple-stellt-mac-pro-vor-und-wertet-den-mac-studio-auf-211049\/","title":{"rendered":"Apple stellt neuen Mac Pro vor und wertet den Mac Studio auf"},"content":{"rendered":"<p>15 Monate nach der Markteinf\u00fchrung des <a href=\"https:\/\/apple.sjv.io\/MXWW42\">Mac Studio<\/a> im M\u00e4rz vergangenen Jahres hat Apple seinen derzeit leistungsf\u00e4higsten Desktop-Rechner erstmals \u00fcberarbeitet. Anstelle der in der ersten Generation des Mac Studio verbauten Apple-Prozessoren vom Typ M1 Max und M1 Ultra verrichten hier mit dem Apple M2 Max und dem Apple M2 Ultra jetzt deren Nachfolger und zugleich auch die beiden aktuellen Top-Modelle unter den Apple-Prozessoren ihren Dienst.<\/p>\n<p><a href=\"https:\/\/images.ifun.de\/wp-content\/uploads\/2023\/06\/mac-studio-large.jpg\"><img loading=\"lazy\" decoding=\"async\" src=\"https:\/\/images.ifun.de\/wp-content\/uploads\/2023\/06\/mac-studio-large-500x197.jpg\" alt=\"Mac Studio Large\" width=\"500\" height=\"197\" class=\"alignnone size-medium wp-image-211133\" srcset=\"https:\/\/images.ifun.de\/wp-content\/uploads\/2023\/06\/mac-studio-large-500x197.jpg 500w, https:\/\/images.ifun.de\/wp-content\/uploads\/2023\/06\/mac-studio-large-700x276.jpg 700w, https:\/\/images.ifun.de\/wp-content\/uploads\/2023\/06\/mac-studio-large-768x302.jpg 768w, https:\/\/images.ifun.de\/wp-content\/uploads\/2023\/06\/mac-studio-large.jpg 960w\" sizes=\"auto, (max-width: 500px) 100vw, 500px\" \/><\/a><\/p>\n<p>Abgesehen von dem mit dem Wechsel auf die neuere Prozessorvariante verbundenen deutlichen Leistungssprung, kommt der Mac Studio im Wesentlichen unver\u00e4ndert gegen\u00fcber seiner letztendlich ja auch noch recht jungen Vorg\u00e4ngergeneration. Das kompakte Desktop-Geh\u00e4use erinnert an \u00fcbereinander gestapelte Apple-Rechner vom Typ Mac mini.<\/p>\n<p>Auf der Vorderseite des Mac Studio verrichten zwei Anschl\u00fcsse f\u00fcr Thunderbolt 4 beziehungsweise USB-C neben einem Steckplatz f\u00fcr SDXC-Karten ihren Dienst, r\u00fcckseitig kann man neben vier Thunderbolt-4- und zwei USB-A-Anschl\u00fcssen auch einen externen Monitor \u00fcber HDMI und Kopfh\u00f6rer verbinden. Obendrauf verf\u00fcgt der Rechner neben integriertem WLAN 6 auch \u00fcber einen Anschluss f\u00fcr schnelles 10-Gbit-Ethernet.<\/p>\n<h2>Mac Studio (2023) &#8211; Technische Daten<\/h2>\n<p><a href=\"https:\/\/images.ifun.de\/wp-content\/uploads\/2023\/06\/mac-studio-specs-2000.jpg\"><img loading=\"lazy\" decoding=\"async\" src=\"https:\/\/images.ifun.de\/wp-content\/uploads\/2023\/06\/mac-studio-specs-2000-700x414.jpg\" alt=\"Mac Studio Specs 2000\" width=\"700\" height=\"414\" class=\"alignnone size-large wp-image-211136\" srcset=\"https:\/\/images.ifun.de\/wp-content\/uploads\/2023\/06\/mac-studio-specs-2000-700x414.jpg 700w, https:\/\/images.ifun.de\/wp-content\/uploads\/2023\/06\/mac-studio-specs-2000-500x296.jpg 500w, https:\/\/images.ifun.de\/wp-content\/uploads\/2023\/06\/mac-studio-specs-2000-768x455.jpg 768w, https:\/\/images.ifun.de\/wp-content\/uploads\/2023\/06\/mac-studio-specs-2000-1536x909.jpg 1536w, https:\/\/images.ifun.de\/wp-content\/uploads\/2023\/06\/mac-studio-specs-2000.jpg 2000w\" sizes=\"auto, (max-width: 700px) 100vw, 700px\" \/><\/a><\/p>\n<ul>\n<li><strong>Prozessor:<\/strong> M2 Max oder M2 Ultra<\/li>\n<li><strong>Arbeitsspeicher:<\/strong> bis zu 192 GB <\/li>\n<\/ul>\n<h2>Mac Studio (2023) &#8211; Preise und Verf\u00fcgbarkeit<\/h2>\n<p>Apples \u00fcberarbeiteter Mac Studio 2023 kann ab sofort bestellt werden und soll vom 13. Juni an erh\u00e4ltlich sein. Die Preise beginnen bei 2.399 Euro.<\/p>\n<h2>Mac Pro mit M2 Ultra <\/h2>\n<p><a href=\"https:\/\/images.ifun.de\/wp-content\/uploads\/2023\/06\/mac-pro-specs-2000.jpg\"><img loading=\"lazy\" decoding=\"async\" src=\"https:\/\/images.ifun.de\/wp-content\/uploads\/2023\/06\/mac-pro-specs-2000-700x414.jpg\" alt=\"Mac Pro Specs 2000\" width=\"700\" height=\"414\" class=\"alignnone size-large wp-image-211138\" srcset=\"https:\/\/images.ifun.de\/wp-content\/uploads\/2023\/06\/mac-pro-specs-2000-700x414.jpg 700w, https:\/\/images.ifun.de\/wp-content\/uploads\/2023\/06\/mac-pro-specs-2000-500x296.jpg 500w, https:\/\/images.ifun.de\/wp-content\/uploads\/2023\/06\/mac-pro-specs-2000-768x455.jpg 768w, https:\/\/images.ifun.de\/wp-content\/uploads\/2023\/06\/mac-pro-specs-2000-1536x909.jpg 1536w, https:\/\/images.ifun.de\/wp-content\/uploads\/2023\/06\/mac-pro-specs-2000.jpg 2000w\" sizes=\"auto, (max-width: 700px) 100vw, 700px\" \/><\/a><\/p>\n<p>Dar\u00fcber hinaus hat Apple den lange erwarteten <a href=\"https:\/\/www.apple.com\/de\/mac-pro\/\">Mac Pro<\/a> vorgestellte, der im wesentlichen auf den gro\u00dfen Mac Studio aufbaut, allerdings im gro\u00dfen Tower-Geh\u00e4use und mit Afterburner-Grafik ab Werk kommt.<\/p>\n<p>F\u00fcr bessere Erweiterbarkeit sorgen acht Thunderbolt-Anschl\u00fcsse und sechs PCI-Steckpl\u00e4tze. Der neue Mac Pro l\u00e4sst sich zu Preisen ab 8.299 Euro bestellen und wird ebenfalls von der kommenden Woche an ausgeliefert.<\/p>\n<p><img loading=\"lazy\" decoding=\"async\" src=\"https:\/\/vg06.met.vgwort.de\/na\/852177abcea24d268b4858f6cb0c276c\" width=\"1\" height=\"1\" no-lazy class=\"tracking\"><\/p>\n","protected":false},"excerpt":{"rendered":"<a href=\"https:\/\/www.ifun.de\/apple-stellt-mac-pro-vor-und-wertet-den-mac-studio-auf-211049\/\"><img decoding=\"async\" width=\"150\" src=\"https:\/\/images.ifun.de\/wp-content\/uploads\/2023\/06\/mac-studio-large-500x197.jpg\" class=\"alignright wp-post-image tfe\" alt=\"Mac Studio Large\" title=\"\" \/><\/a><p>15 Monate nach der Markteinf\u00fchrung des Mac Studio im M\u00e4rz vergangenen Jahres hat Apple seinen derzeit leistungsf\u00e4higsten Desktop-Rechner erstmals \u00fcberarbeitet. Anstelle der in der ersten Generation des Mac Studio verbauten Apple-Prozessoren vom Typ M1 Max und M1 Ultra verrichten hier mit dem Apple M2 Max und dem Apple M2 Ultra jetzt deren Nachfolger und zugleich [&hellip;]<\/p>\n","protected":false},"author":2,"featured_media":0,"comment_status":"open","ping_status":"closed","sticky":false,"template":"","format":"standard","meta":{"_acf_changed":false,"footnotes":""},"categories":[1],"tags":[6321,5733],"class_list":["post-211049","post","type-post","status-publish","format-standard","hentry","category-news","tag-mac","tag-mac-studio"],"acf":[],"aioseo_notices":[],"subheadline":["Erstes Update f\u00fcr den neuen Desktop-Mac"],"featured_image":["https:\/\/images.ifun.de\/wp-content\/uploads\/2023\/06\/m2-ultra-feature.jpg"],"rest_api_enabler":{"subheadline":"Erstes Update f\u00fcr den neuen Desktop-Mac","featured_image":"https:\/\/images.ifun.de\/wp-content\/uploads\/2023\/06\/m2-ultra-feature.jpg"},"_links":{"self":[{"href":"https:\/\/www.ifun.de\/apiv2\/wp\/v2\/posts\/211049","targetHints":{"allow":["GET"]}}],"collection":[{"href":"https:\/\/www.ifun.de\/apiv2\/wp\/v2\/posts"}],"about":[{"href":"https:\/\/www.ifun.de\/apiv2\/wp\/v2\/types\/post"}],"author":[{"embeddable":true,"href":"https:\/\/www.ifun.de\/apiv2\/wp\/v2\/users\/2"}],"replies":[{"embeddable":true,"href":"https:\/\/www.ifun.de\/apiv2\/wp\/v2\/comments?post=211049"}],"version-history":[{"count":8,"href":"https:\/\/www.ifun.de\/apiv2\/wp\/v2\/posts\/211049\/revisions"}],"predecessor-version":[{"id":211253,"href":"https:\/\/www.ifun.de\/apiv2\/wp\/v2\/posts\/211049\/revisions\/211253"}],"wp:attachment":[{"href":"https:\/\/www.ifun.de\/apiv2\/wp\/v2\/media?parent=211049"}],"wp:term":[{"taxonomy":"category","embeddable":true,"href":"https:\/\/www.ifun.de\/apiv2\/wp\/v2\/categories?post=211049"},{"taxonomy":"post_tag","embeddable":true,"href":"https:\/\/www.ifun.de\/apiv2\/wp\/v2\/tags?post=211049"}],"curies":[{"name":"wp","href":"https:\/\/api.w.org\/{rel}","templated":true}]}}