{"id":210997,"date":"2023-06-02T18:26:54","date_gmt":"2023-06-02T16:26:54","guid":{"rendered":"https:\/\/www.ifun.de\/?p=210997"},"modified":"2023-06-04T13:07:04","modified_gmt":"2023-06-04T11:07:04","slug":"neue-apple-stores-fuer-muenchen-und-dortmund-geplant","status":"publish","type":"post","link":"https:\/\/www.ifun.de\/neue-apple-stores-fuer-muenchen-und-dortmund-geplant-210997\/","title":{"rendered":"Neue Apple-Stores f\u00fcr M\u00fcnchen und Dortmund geplant"},"content":{"rendered":"<p>Apple will in den n\u00e4chsten vier Jahren insgesamt 53 neue Ladengesch\u00e4fte er\u00f6ffnen. Das erste davon \u00f6ffnet bereits in zwei Wochen in der legend\u00e4ren Battersea Power Station in London. F\u00fcr Deutschland stehen zwei Neuzug\u00e4nge auf der vom Wirtschaftsmagazin <a href=\"https:\/\/www.bloomberg.com\/news\/articles\/2023-06-01\/where-is-apple-opening-new-stores-shanghai-new-delhi-london-miami-paris\">Bloomberg<\/a> ver\u00f6ffentlichten Liste.<\/p>\n<p>Bei <a href=\"https:\/\/www.apple.com\/uk\/retail\/battersea\/\">Apple Battersea<\/a>, dessen Er\u00f6ffnung jetzt f\u00fcr den 15. Juni angek\u00fcndigt wurde, handelt es sich ohne Frage um ein Prestigeobjekt f\u00fcr das Unternehmen. Apple hat das ikonische Kraftwerk bereits als Standort f\u00fcr seine <a href=\"https:\/\/twitter.com\/tim_cook\/status\/1574388228047585283\">neue Europazentrale<\/a> gew\u00e4hlt und erg\u00e4nzt seine dortige Pr\u00e4senz nun zus\u00e4tzlich um ein weiteres Ladengesch\u00e4ft in der englischen Hauptstadt.<\/p>\n<p><a href=\"https:\/\/images.ifun.de\/wp-content\/uploads\/2023\/06\/battersea-station-wallpaper.jpg\"><img loading=\"lazy\" decoding=\"async\" src=\"https:\/\/images.ifun.de\/wp-content\/uploads\/2023\/06\/battersea-station-wallpaper-700x388.jpg\" alt=\"Battersea Station Wallpaper\" width=\"700\" height=\"388\" class=\"alignnone size-large wp-image-211002\" srcset=\"https:\/\/images.ifun.de\/wp-content\/uploads\/2023\/06\/battersea-station-wallpaper-700x388.jpg 700w, https:\/\/images.ifun.de\/wp-content\/uploads\/2023\/06\/battersea-station-wallpaper-500x277.jpg 500w, https:\/\/images.ifun.de\/wp-content\/uploads\/2023\/06\/battersea-station-wallpaper-768x426.jpg 768w, https:\/\/images.ifun.de\/wp-content\/uploads\/2023\/06\/battersea-station-wallpaper.jpg 1202w\" sizes=\"auto, (max-width: 700px) 100vw, 700px\" \/><\/a><\/p>\n<h6>Apple Battesea &#8211; Das Motiv gibt es <a href=\"https:\/\/www.apple.com\/uk\/retail\/battersea\/\">bei Apple auch als Download<\/a><\/h6>\n<h2>Letzte Apple-Er\u00f6ffnung in Deutschland vor zwei Jahren<\/h2>\n<p>In Deutschland stehen mit Dortmund und M\u00fcnchen zwei neue Apple Stores auf der von Bloomberg ver\u00f6ffentlichten Liste. Interessant mit Blick auf den hier genannten Standort Sattlerplatz (inzwischen in Georg-Kronawitter-Platz umbenannt) in M\u00fcnchen ist der Hinweis, dass es sich nicht um einen zus\u00e4tzlichen Apple Store, sondern um einen Umzug handelt. Dies w\u00fcrde bedeuten, dass Apple damit verbunden entweder den \u00e4ltesten, im Dezember 2008 er\u00f6ffneten Apple Store in der M\u00fcnchener Rosenstra\u00dfe oder die Mall-Niederlassung im dortigen Olympia-Einkaufszentrum schlie\u00dft.<\/p>\n<p><a href=\"https:\/\/images.ifun.de\/wp-content\/uploads\/2023\/06\/apple-oez.jpg\"><img loading=\"lazy\" decoding=\"async\" src=\"https:\/\/images.ifun.de\/wp-content\/uploads\/2023\/06\/apple-oez-700x413.jpg\" alt=\"Apple Oez\" width=\"700\" height=\"413\" class=\"alignnone size-large wp-image-210999\" srcset=\"https:\/\/images.ifun.de\/wp-content\/uploads\/2023\/06\/apple-oez-700x413.jpg 700w, https:\/\/images.ifun.de\/wp-content\/uploads\/2023\/06\/apple-oez-500x295.jpg 500w, https:\/\/images.ifun.de\/wp-content\/uploads\/2023\/06\/apple-oez-768x453.jpg 768w, https:\/\/images.ifun.de\/wp-content\/uploads\/2023\/06\/apple-oez.jpg 1400w\" sizes=\"auto, (max-width: 700px) 100vw, 700px\" \/><\/a><\/p>\n<h6>Apple OEZ in M\u00fcnchen &#8211; Titelbild: Apple Rosenstra\u00dfe<\/h6>\n<p>Bis das alles soweit ist, kann sich allerdings noch einiges \u00e4ndern. In Verbindung mit dem dortigen Apple-Einzug steht das Jahr 2027 auf der Liste. Bereits zwei Jahre fr\u00fcher soll Apple im Jahr 2025 sein erstes Ladengesch\u00e4ft in Dortmund er\u00f6ffnen.<\/p>\n<p>Deutschland z\u00e4hlt 15 Jahre nach der Er\u00f6ffnung des ersten Apple Store hierzulande mittlerweile 16 Ladengesch\u00e4fte von Apple. Das letzte davon wurde im Dezember 2021 in der Rosenthaler Stra\u00dfe in Berlin er\u00f6ffnet. Seither ist es mit Blick auf weitere Neuer\u00f6ffnungen in Deutschland ausgesprochen ruhig geworden. Apple ist bekannt daf\u00fcr, lieber ein paar Jahre l\u00e4nger zu warten, als sich mit einer nicht ins Konzept und zum Unternehmensbild passenden zweitrangigen L\u00f6sung zu begn\u00fcgen.<img loading=\"lazy\" decoding=\"async\" src=\"https:\/\/vg06.met.vgwort.de\/na\/41ac7bdb5f884c3284843da3fc585d03\" width=\"1\" height=\"1\" no-lazy class=\"tracking\"><\/p>\n","protected":false},"excerpt":{"rendered":"<a href=\"https:\/\/www.ifun.de\/neue-apple-stores-fuer-muenchen-und-dortmund-geplant-210997\/\"><img width=\"150\" height=\"150\" src=\"https:\/\/images.ifun.de\/wp-content\/uploads\/2023\/06\/apple-rosenstrasse-feature-150x150.jpg\" class=\"alignright tfe wp-post-image\" alt=\"Apple Rosenstrasse Feature\" decoding=\"async\" loading=\"lazy\" \/><\/a><p>Apple will in den n\u00e4chsten vier Jahren insgesamt 53 neue Ladengesch\u00e4fte er\u00f6ffnen. Das erste davon \u00f6ffnet bereits in zwei Wochen in der legend\u00e4ren Battersea Power Station in London. F\u00fcr Deutschland stehen zwei Neuzug\u00e4nge auf der vom Wirtschaftsmagazin Bloomberg ver\u00f6ffentlichten Liste. Bei Apple Battersea, dessen Er\u00f6ffnung jetzt f\u00fcr den 15. Juni angek\u00fcndigt wurde, handelt es sich [&hellip;]<\/p>\n","protected":false},"author":2,"featured_media":211000,"comment_status":"open","ping_status":"closed","sticky":false,"template":"","format":"standard","meta":{"_acf_changed":false,"footnotes":""},"categories":[3],"tags":[49],"class_list":["post-210997","post","type-post","status-publish","format-standard","has-post-thumbnail","hentry","category-apple","tag-apple-store"],"acf":[],"aioseo_notices":[],"subheadline":["Umzug f\u00fcr die Rosenstra\u00dfe?"],"featured_image":["https:\/\/images.ifun.de\/wp-content\/uploads\/2023\/06\/apple-rosenstrasse-feature.jpg"],"rest_api_enabler":{"subheadline":"Umzug f\u00fcr die Rosenstra\u00dfe?","featured_image":"https:\/\/images.ifun.de\/wp-content\/uploads\/2023\/06\/apple-rosenstrasse-feature.jpg"},"_links":{"self":[{"href":"https:\/\/www.ifun.de\/apiv2\/wp\/v2\/posts\/210997","targetHints":{"allow":["GET"]}}],"collection":[{"href":"https:\/\/www.ifun.de\/apiv2\/wp\/v2\/posts"}],"about":[{"href":"https:\/\/www.ifun.de\/apiv2\/wp\/v2\/types\/post"}],"author":[{"embeddable":true,"href":"https:\/\/www.ifun.de\/apiv2\/wp\/v2\/users\/2"}],"replies":[{"embeddable":true,"href":"https:\/\/www.ifun.de\/apiv2\/wp\/v2\/comments?post=210997"}],"version-history":[{"count":6,"href":"https:\/\/www.ifun.de\/apiv2\/wp\/v2\/posts\/210997\/revisions"}],"predecessor-version":[{"id":211027,"href":"https:\/\/www.ifun.de\/apiv2\/wp\/v2\/posts\/210997\/revisions\/211027"}],"wp:featuredmedia":[{"embeddable":true,"href":"https:\/\/www.ifun.de\/apiv2\/wp\/v2\/media\/211000"}],"wp:attachment":[{"href":"https:\/\/www.ifun.de\/apiv2\/wp\/v2\/media?parent=210997"}],"wp:term":[{"taxonomy":"category","embeddable":true,"href":"https:\/\/www.ifun.de\/apiv2\/wp\/v2\/categories?post=210997"},{"taxonomy":"post_tag","embeddable":true,"href":"https:\/\/www.ifun.de\/apiv2\/wp\/v2\/tags?post=210997"}],"curies":[{"name":"wp","href":"https:\/\/api.w.org\/{rel}","templated":true}]}}