{"id":210967,"date":"2023-06-02T12:04:20","date_gmt":"2023-06-02T10:04:20","guid":{"rendered":"https:\/\/www.ifun.de\/?p=210967"},"modified":"2023-06-02T12:04:20","modified_gmt":"2023-06-02T10:04:20","slug":"macbook-pro-2023-4-externe-bildschirme-nur-mit-m2-max","status":"publish","type":"post","link":"https:\/\/www.ifun.de\/macbook-pro-2023-4-externe-bildschirme-nur-mit-m2-max-210967\/","title":{"rendered":"MacBook Pro 2023: 4 externe Bildschirme nur mit M2 Max"},"content":{"rendered":"<p>Die zu Jahresbeginn von Apple vorgestellten <a href=\"https:\/\/www.apple.com\/de\/macbook-pro-14-and-16\/\">MacBook-Pro-Modelle<\/a> sind wahlweise mit ein Prozessor vom Typ M2 Pro oder M2 Max erh\u00e4ltlich. Von den damit verbundenen nennenswerten Leistungs- und auch Preisunterschieden abgesehen sollte man nicht vergessen, dass sich auch die Zahl der externen Bildschirme, die maximal mit diesen Notebooks verbunden werden k\u00f6nnen, abh\u00e4ngig von der Prozessorausr\u00fcstung deutlich unterscheidet.<\/p>\n<p><a href=\"https:\/\/images.ifun.de\/wp-content\/uploads\/2023\/01\/macbook-pro-specs-1400.jpg\"><img loading=\"lazy\" decoding=\"async\" src=\"https:\/\/images.ifun.de\/wp-content\/uploads\/2023\/01\/macbook-pro-specs-1400-500x281.jpg\" alt=\"Macbook Pro Specs 1400\" width=\"500\" height=\"281\" class=\"alignnone size-medium wp-image-202414\" srcset=\"https:\/\/images.ifun.de\/wp-content\/uploads\/2023\/01\/macbook-pro-specs-1400-500x281.jpg 500w, https:\/\/images.ifun.de\/wp-content\/uploads\/2023\/01\/macbook-pro-specs-1400-700x394.jpg 700w, https:\/\/images.ifun.de\/wp-content\/uploads\/2023\/01\/macbook-pro-specs-1400-768x432.jpg 768w, https:\/\/images.ifun.de\/wp-content\/uploads\/2023\/01\/macbook-pro-specs-1400.jpg 1400w\" sizes=\"auto, (max-width: 500px) 100vw, 500px\" \/><\/a><\/p>\n<h2>Mit M2 Pro maximal zwei externe Displays<\/h2>\n<p>In der Standardausf\u00fchrung mit einem Apple-Prozessor vom Typ M2 Pro an Bord ist der Anschluss von zwei externen Displays das H\u00f6chste der Gef\u00fchle, unabh\u00e4ngig davon, ob es sich bei dem MacBook Pro um das Modell mit 14 Zoll oder 16 Zoll Bildschirmgr\u00f6\u00dfe handelt.<\/p>\n<p>Maximal lassen sich an diesen Rechnern dann entweder zwei Bildschirme mit einer Aufl\u00f6sung von bis zu 6K und einer Bildwiederholrate von 60 Hz \u00fcber Thunderbolt oder ein Bildschirm mit einer Aufl\u00f6sung von bis zu 6K und einer Bildwiederholrate von 60 Hz gemeinsam mit einem Display mit einer Aufl\u00f6sung von bis zu 4K bei einer Bildwiederholrate von 144 Hz \u00fcber HDMI betreiben.<\/p>\n<h2>M2 Max erlaubt bis zu vier Bildschirme<\/h2>\n<p>Besitzt man eines der neuen MacBook-Pro-Modelle mit einem Prozessor vom Typ M2 Max an Bord, so werden hier bis zu vier externe Bildschirme unterst\u00fctzt. Dabei lassen sich drei Displays mit bis zu 6K Aufl\u00f6sung bei 60 Hz \u00fcber Thunderbolt und ein Display mit bis zu 4K Aufl\u00f6sung bei 144 Hz \u00fcber HDMI betreiben.<\/p>\n<p>H\u00f6here Aufl\u00f6sungen sind hier nur beim Anschluss von h\u00f6chstens drei Bildschirmen drin, dann kann der HDMI-Anschluss auch maximal 8K bei allerdings nur 60 Hz oder umgekehrt 4K mit dann aber einer Bildwiederholrate von bis zu 240 Hz liefern.<\/p>\n<p>Ausf\u00fchrlich finden sich die M\u00f6glichkeiten zur Nutzung von externen Bildschirmen bei den beiden MacBook-Pro-Modellen in Apples Hilfe-Dokument \u201e<a href=\"https:\/\/support.apple.com\/de-de\/HT213503\">Wie viele Displays k\u00f6nnen mit dem MacBook Pro verbunden werden?<\/a>\u201c beschrieben. Wie es diesbez\u00fcglich um den ebenfalls in diesem Jahr vorgestellten Mac mini bestellt ist, haben wir <a href=\"https:\/\/www.ifun.de\/mac-mini-2023-unterstuetzt-maximal-drei-externe-bildschirme-204786\/\">hier aufgelistet<\/a>.<img loading=\"lazy\" decoding=\"async\" src=\"https:\/\/vg08.met.vgwort.de\/na\/418c5df8f0104b9b9319d20cd1c5c3fa\" width=\"1\" height=\"1\" no-lazy class=\"tracking\"><\/p>\n","protected":false},"excerpt":{"rendered":"<a href=\"https:\/\/www.ifun.de\/macbook-pro-2023-4-externe-bildschirme-nur-mit-m2-max-210967\/\"><img decoding=\"async\" width=\"150\" src=\"https:\/\/images.ifun.de\/wp-content\/uploads\/2023\/01\/macbook-pro-specs-1400-500x281.jpg\" class=\"alignright wp-post-image tfe\" alt=\"Macbook Pro Specs 1400\" title=\"\" \/><\/a><p>Die zu Jahresbeginn von Apple vorgestellten MacBook-Pro-Modelle sind wahlweise mit ein Prozessor vom Typ M2 Pro oder M2 Max erh\u00e4ltlich. Von den damit verbundenen nennenswerten Leistungs- und auch Preisunterschieden abgesehen sollte man nicht vergessen, dass sich auch die Zahl der externen Bildschirme, die maximal mit diesen Notebooks verbunden werden k\u00f6nnen, abh\u00e4ngig von der Prozessorausr\u00fcstung deutlich [&hellip;]<\/p>\n","protected":false},"author":2,"featured_media":0,"comment_status":"open","ping_status":"closed","sticky":false,"template":"","format":"standard","meta":{"_acf_changed":false,"footnotes":""},"categories":[1],"tags":[241,224],"class_list":["post-210967","post","type-post","status-publish","format-standard","hentry","category-news","tag-bildschirm","tag-macbook-pro"],"acf":[],"aioseo_notices":[],"subheadline":["Mit Pro-Chip maximal 2 Displays"],"featured_image":["https:\/\/images.ifun.de\/wp-content\/uploads\/2023\/01\/macbook-pro-m2-feature.jpg"],"rest_api_enabler":{"subheadline":"Mit Pro-Chip maximal 2 Displays","featured_image":"https:\/\/images.ifun.de\/wp-content\/uploads\/2023\/01\/macbook-pro-m2-feature.jpg"},"_links":{"self":[{"href":"https:\/\/www.ifun.de\/apiv2\/wp\/v2\/posts\/210967","targetHints":{"allow":["GET"]}}],"collection":[{"href":"https:\/\/www.ifun.de\/apiv2\/wp\/v2\/posts"}],"about":[{"href":"https:\/\/www.ifun.de\/apiv2\/wp\/v2\/types\/post"}],"author":[{"embeddable":true,"href":"https:\/\/www.ifun.de\/apiv2\/wp\/v2\/users\/2"}],"replies":[{"embeddable":true,"href":"https:\/\/www.ifun.de\/apiv2\/wp\/v2\/comments?post=210967"}],"version-history":[{"count":4,"href":"https:\/\/www.ifun.de\/apiv2\/wp\/v2\/posts\/210967\/revisions"}],"predecessor-version":[{"id":210972,"href":"https:\/\/www.ifun.de\/apiv2\/wp\/v2\/posts\/210967\/revisions\/210972"}],"wp:attachment":[{"href":"https:\/\/www.ifun.de\/apiv2\/wp\/v2\/media?parent=210967"}],"wp:term":[{"taxonomy":"category","embeddable":true,"href":"https:\/\/www.ifun.de\/apiv2\/wp\/v2\/categories?post=210967"},{"taxonomy":"post_tag","embeddable":true,"href":"https:\/\/www.ifun.de\/apiv2\/wp\/v2\/tags?post=210967"}],"curies":[{"name":"wp","href":"https:\/\/api.w.org\/{rel}","templated":true}]}}