{"id":210783,"date":"2023-05-31T15:28:37","date_gmt":"2023-05-31T13:28:37","guid":{"rendered":"https:\/\/www.ifun.de\/?p=210783"},"modified":"2023-05-31T15:28:37","modified_gmt":"2023-05-31T13:28:37","slug":"icloud-fotos-wenn-der-upload-fehlschlaegt","status":"publish","type":"post","link":"https:\/\/www.ifun.de\/icloud-fotos-wenn-der-upload-fehlschlaegt-210783\/","title":{"rendered":"iCloud-Fotos: Wenn der Upload fehlschl\u00e4gt"},"content":{"rendered":"<p>Wer wissen will wie es um den Synchronisations-Status der eigenen iCloud-Fotos-Mediathek bestellt ist, der scrollt sich bis ans Ende der eigenen Mediathek und wirft einen Blick auf die Statusmeldung unterhalb der gesamten Anzahl aller Fotos und Videos im eigenen iCloud-Account. Im besten Fall steht hier: &#8222;Gerade mit iCloud synchronisiert&#8220;. Wenn es nicht so gut l\u00e4uft k\u00f6nnen hier jedoch auch Fehlermeldungen angezeigt werden.<\/p>\n<p><a href=\"https:\/\/images.ifun.de\/wp-content\/uploads\/2023\/05\/macos-ventura-photos-unable-to-upload.jpg\"><img loading=\"lazy\" decoding=\"async\" class=\"aligncenter size-medium wp-image-210785\" src=\"https:\/\/images.ifun.de\/wp-content\/uploads\/2023\/05\/macos-ventura-photos-unable-to-upload-500x328.jpg\" alt=\"Macos Ventura Photos Unable To Upload\" width=\"500\" height=\"328\" srcset=\"https:\/\/images.ifun.de\/wp-content\/uploads\/2023\/05\/macos-ventura-photos-unable-to-upload-500x328.jpg 500w, https:\/\/images.ifun.de\/wp-content\/uploads\/2023\/05\/macos-ventura-photos-unable-to-upload-700x459.jpg 700w, https:\/\/images.ifun.de\/wp-content\/uploads\/2023\/05\/macos-ventura-photos-unable-to-upload-768x504.jpg 768w, https:\/\/images.ifun.de\/wp-content\/uploads\/2023\/05\/macos-ventura-photos-unable-to-upload.jpg 1000w\" sizes=\"auto, (max-width: 500px) 100vw, 500px\" \/><\/a><\/p>\n<h2>&#8222;Hochladen nicht m\u00f6glich&#8220;<\/h2>\n<p>Zu den m\u00f6glichen Fehlern geh\u00f6rt der Hinweis auf Bilder, die sich nicht in die eigene iCloud-Fotos-Mediathek hochladen lassen wollen. Ein Problem, dem Apple nun einen neuen Hilfe-Artikel auf dem eigenen Support-Portal gewidmet hat.<\/p>\n<p>Dort hat Apple jetzt den <a href=\"https:\/\/support.apple.com\/de-de\/HT213227\">Artikel #HT213227<\/a> (&#8222;Wenn in der Fotos-App die Meldung &#8218;Hochladen nicht m\u00f6glich&#8216; angezeigt wird&#8220;) ver\u00f6ffentlicht und geht auf Problembehebungen ein, die ihr zur Fehlerbehebung ausprobieren k\u00f6nnt.<\/p>\n<p><a href=\"https:\/\/images.ifun.de\/wp-content\/uploads\/2023\/05\/exportieren.png\"><img loading=\"lazy\" decoding=\"async\" class=\"aligncenter size-large wp-image-210786\" src=\"https:\/\/images.ifun.de\/wp-content\/uploads\/2023\/05\/exportieren-700x323.png\" alt=\"Exportieren\" width=\"700\" height=\"323\" srcset=\"https:\/\/images.ifun.de\/wp-content\/uploads\/2023\/05\/exportieren-700x323.png 700w, https:\/\/images.ifun.de\/wp-content\/uploads\/2023\/05\/exportieren-500x231.png 500w, https:\/\/images.ifun.de\/wp-content\/uploads\/2023\/05\/exportieren-768x355.png 768w, https:\/\/images.ifun.de\/wp-content\/uploads\/2023\/05\/exportieren.png 814w\" sizes=\"auto, (max-width: 700px) 100vw, 700px\" \/><\/a><\/p>\n<h2>Exportieren und erneut probieren<\/h2>\n<p>Apples wichtigster Ratschlag: Betroffene Fotos, die beim Upload h\u00e4ngen bleiben, sollten aus der Fotos-Mediathek exportiert und anschlie\u00dfend erneut per Drag-and-Drop in das Programmfenster der Fotos-App gezogen werden. Zwar gehen bereits vorgenommene Bearbeitungen und vergebene Schlagw\u00f6rter so verloren, allerdings sollte der Upload im zweiten Versuch (hoffentlich) problemlos anlaufen.<\/p>\n<p>Welche Bilder betroffen sind, l\u00e4sst sich mit einem Blick in die Seitenleiste in Erfahrung bringen, hier sammelt Apples Foto-App die Schnappsch\u00fcsse bei denen der Upload fehlschl\u00e4gt in einem eigenen Bereich.<\/p>\n<p><a href=\"https:\/\/images.ifun.de\/wp-content\/uploads\/2023\/05\/macos-ventura-photos-unable-to-upload.png\"><img loading=\"lazy\" decoding=\"async\" class=\"aligncenter size-large wp-image-210787\" src=\"https:\/\/images.ifun.de\/wp-content\/uploads\/2023\/05\/macos-ventura-photos-unable-to-upload-700x409.png\" alt=\"Macos Ventura Photos Unable To Upload\" width=\"700\" height=\"409\" srcset=\"https:\/\/images.ifun.de\/wp-content\/uploads\/2023\/05\/macos-ventura-photos-unable-to-upload-700x409.png 700w, https:\/\/images.ifun.de\/wp-content\/uploads\/2023\/05\/macos-ventura-photos-unable-to-upload-500x292.png 500w, https:\/\/images.ifun.de\/wp-content\/uploads\/2023\/05\/macos-ventura-photos-unable-to-upload-768x449.png 768w, https:\/\/images.ifun.de\/wp-content\/uploads\/2023\/05\/macos-ventura-photos-unable-to-upload-1536x898.png 1536w, https:\/\/images.ifun.de\/wp-content\/uploads\/2023\/05\/macos-ventura-photos-unable-to-upload.png 1560w\" sizes=\"auto, (max-width: 700px) 100vw, 700px\" \/><\/a><\/p>\n<p>Markiert die Bilder, w\u00e4hlt <strong>Ablage &gt; Exportieren &gt; Unbearbeitetes Original f\u00fcr 1 Foto exportieren<\/strong> und sichert die Bilder in einem Ordner eurer Wahl. L\u00f6scht die betroffenen Fotos anschlie\u00dfend aus der Fotos-App und l\u00f6scht zudem den Inhalt des gesamten &#8222;Zuletzt gel\u00f6scht&#8220;-Bereiches.<\/p>\n<p>\u00dcber <strong>Ablage &gt; Importieren<\/strong> k\u00f6nnte ihr die Bilder dann erneut in die Fotos-App aufnahmen und solltet diesmal einen reibungslosen iCloud-Upload erleben.<\/p>\n<p><img loading=\"lazy\" decoding=\"async\" src=\"https:\/\/vg02.met.vgwort.de\/na\/1cb0006fc8ed440288a07de5d001e4b3\" width=\"1\" height=\"1\" no-lazy class=\"tracking\"><\/p>\n","protected":false},"excerpt":{"rendered":"<a href=\"https:\/\/www.ifun.de\/icloud-fotos-wenn-der-upload-fehlschlaegt-210783\/\"><img width=\"150\" height=\"150\" src=\"https:\/\/images.ifun.de\/wp-content\/uploads\/2023\/05\/app-icon-fotos-feature-150x150.jpg\" class=\"alignright tfe wp-post-image\" alt=\"App Icon Fotos Feature\" decoding=\"async\" loading=\"lazy\" \/><\/a><p>Wer wissen will wie es um den Synchronisations-Status der eigenen iCloud-Fotos-Mediathek bestellt ist, der scrollt sich bis ans Ende der eigenen Mediathek und wirft einen Blick auf die Statusmeldung unterhalb der gesamten Anzahl aller Fotos und Videos im eigenen iCloud-Account. Im besten Fall steht hier: &#8222;Gerade mit iCloud synchronisiert&#8220;. Wenn es nicht so gut l\u00e4uft [&hellip;]<\/p>\n","protected":false},"author":1,"featured_media":210788,"comment_status":"open","ping_status":"closed","sticky":false,"template":"","format":"standard","meta":{"_acf_changed":false,"footnotes":""},"categories":[1],"tags":[4736,531,2623,2585,125],"class_list":["post-210783","post","type-post","status-publish","format-standard","has-post-thumbnail","hentry","category-news","tag-apple","tag-bug","tag-fotos-app","tag-icloud-fotos","tag-tipp"],"acf":[],"aioseo_notices":[],"subheadline":["Exportieren und erneut probieren","Exportieren und erneut probieren"],"featured_image":["https:\/\/images.ifun.de\/wp-content\/uploads\/2023\/05\/app-icon-fotos-feature.jpg"],"rest_api_enabler":{"subheadline":["Exportieren und erneut probieren","Exportieren und erneut probieren"],"featured_image":"https:\/\/images.ifun.de\/wp-content\/uploads\/2023\/05\/app-icon-fotos-feature.jpg"},"_links":{"self":[{"href":"https:\/\/www.ifun.de\/apiv2\/wp\/v2\/posts\/210783","targetHints":{"allow":["GET"]}}],"collection":[{"href":"https:\/\/www.ifun.de\/apiv2\/wp\/v2\/posts"}],"about":[{"href":"https:\/\/www.ifun.de\/apiv2\/wp\/v2\/types\/post"}],"author":[{"embeddable":true,"href":"https:\/\/www.ifun.de\/apiv2\/wp\/v2\/users\/1"}],"replies":[{"embeddable":true,"href":"https:\/\/www.ifun.de\/apiv2\/wp\/v2\/comments?post=210783"}],"version-history":[{"count":2,"href":"https:\/\/www.ifun.de\/apiv2\/wp\/v2\/posts\/210783\/revisions"}],"predecessor-version":[{"id":210789,"href":"https:\/\/www.ifun.de\/apiv2\/wp\/v2\/posts\/210783\/revisions\/210789"}],"wp:featuredmedia":[{"embeddable":true,"href":"https:\/\/www.ifun.de\/apiv2\/wp\/v2\/media\/210788"}],"wp:attachment":[{"href":"https:\/\/www.ifun.de\/apiv2\/wp\/v2\/media?parent=210783"}],"wp:term":[{"taxonomy":"category","embeddable":true,"href":"https:\/\/www.ifun.de\/apiv2\/wp\/v2\/categories?post=210783"},{"taxonomy":"post_tag","embeddable":true,"href":"https:\/\/www.ifun.de\/apiv2\/wp\/v2\/tags?post=210783"}],"curies":[{"name":"wp","href":"https:\/\/api.w.org\/{rel}","templated":true}]}}