{"id":210761,"date":"2023-05-31T12:08:25","date_gmt":"2023-05-31T10:08:25","guid":{"rendered":"https:\/\/www.ifun.de\/?p=210761"},"modified":"2023-06-03T09:27:11","modified_gmt":"2023-06-03T07:27:11","slug":"wwdc-im-livestream-drei-wege-zur-apple-keynote-am-montag","status":"publish","type":"post","link":"https:\/\/www.ifun.de\/wwdc-im-livestream-drei-wege-zur-apple-keynote-am-montag-210761\/","title":{"rendered":"WWDC im Livestream: Drei Wege zur Apple-Keynote am Montag"},"content":{"rendered":"<p>In Vorbereitung auf die diesj\u00e4hrige WWDC Entwickler-Konferenz am kommenden Montag hat Apple jetzt seine Live-Streams-Adressen freigegeben und sowohl auf der hauseigenen Event-Seite als auch im offiziellen YouTube-Kanal des Unternehmens entsprechende Platzhalter geschaltet.<\/p>\n<h2>Live-\u00dcbertragung auf YouTube<\/h2>\n<p>So wird sich die Auftakt-Veranstaltung auch in diesem Jahr wieder \u00fcber Google Videoplattform YouTube konsumieren lassen.<\/p>\n<p>Unter der \u00dcberschrift &#8222;WWDC 2023 \u2014 June 5&#8220; hat Apple hier bereits <a href=\"https:\/\/youtu.be\/GYkq9Rgoj8E\">einen Platzhalter abgelegt<\/a>, der gegen 19:00 Uhr deutscher Zeit mit der Ausstrahlung der WWDC-Keynote beginnen wird. Ein Event, auf dem Apple nicht nur iOS 17 und macOS 14 sondern wohl auch neue Rechner und mit der viel beschworenen Mixed-Reality-Brille wohlm\u00f6glich eine ganz neue Produktkategorie pr\u00e4sentieren wird.<\/p>\n<p><div class=\"responsive-video\"><iframe loading=\"lazy\" title=\"WWDC 2023 \u2014 June 5 | Apple\" width=\"500\" height=\"281\" src=\"https:\/\/www.youtube-nocookie.com\/embed\/GYkq9Rgoj8E?feature=oembed\" frameborder=\"0\" allow=\"accelerometer; autoplay; clipboard-write; encrypted-media; gyroscope; picture-in-picture; web-share\" referrerpolicy=\"strict-origin-when-cross-origin\" allowfullscreen><\/iframe><\/div><\/p>\n<p>Aktuell gehen wir davon aus, dass Apple auch in diesem Jahr wieder auf die Ausstrahlung eines vorproduzierten Hochglanz-Videos setzen wird, eine R\u00fcckkehr zum traditionellen Format der einstudierten B\u00fchnenpr\u00e4sentation ist allerdings nicht komplett ausgeschlossen.<\/p>\n<h2>Auf apple.com oder in der TV-App<\/h2>\n<p>Zudem hat Apple die hauseigene Event-Seite auf der Apple-Homepage \u00fcberarbeite und wird am Montag auch auf <a href=\"https:\/\/www.apple.com\/apple-events\/\">apple.com\/apple-events<\/a> einen Livestream anbieten. Wer die etwa zwei Stunden lange Dauerwerbesendung Anfang der kommenden Woche nicht am Rechner mitverfolgen m\u00f6chte, der greift zur offiziellen TV-Applikation Apples. Auch hier wird Apple die Keynote \u00fcbertragen.<\/p>\n<p><a href=\"https:\/\/images.ifun.de\/wp-content\/uploads\/2023\/05\/safari-events-scaled.jpg\"><img loading=\"lazy\" decoding=\"async\" class=\"aligncenter size-large wp-image-210763\" src=\"https:\/\/images.ifun.de\/wp-content\/uploads\/2023\/05\/safari-events-700x515.jpg\" alt=\"Safari Events\" width=\"700\" height=\"515\" srcset=\"https:\/\/images.ifun.de\/wp-content\/uploads\/2023\/05\/safari-events-700x515.jpg 700w, https:\/\/images.ifun.de\/wp-content\/uploads\/2023\/05\/safari-events-500x368.jpg 500w, https:\/\/images.ifun.de\/wp-content\/uploads\/2023\/05\/safari-events-768x565.jpg 768w, https:\/\/images.ifun.de\/wp-content\/uploads\/2023\/05\/safari-events-1536x1130.jpg 1536w, https:\/\/images.ifun.de\/wp-content\/uploads\/2023\/05\/safari-events-2048x1507.jpg 2048w\" sizes=\"auto, (max-width: 700px) 100vw, 700px\" \/><\/a><\/p>\n<p>Um weitere Videos von der WWDC zu konsumieren, also vor allem die Entwickler-Sessions die Apple zum Demonstrieren und Vorstellen neuer Technologien und Systemfunktionen nutzt, der sollte sich die offizielle WWDC-Applikation installieren, die den Zugriff auf das Videomaterial und die Suche in allen Clips gestattet.<\/p>\n<!-- WP-Appbox (Version: 4.5.12 \/\/ Store: appstore \/\/ ID: 640199958) -->\t<!-- app-link -->\n\t<div id=\"article-single-app-preview\">\n\t\t<div id=\"article-single-app-preview-header\">\n\t\t\t<span class=\"title\">Laden im App Store<\/span>\n\t\t<\/div>\n\t\t<div id=\"article-single-app-preview-content\">\n\t\t\t<div id=\"article-single-app-preview-img\"><img loading=\"lazy\" decoding=\"async\" src=\"\/\/is1-ssl.mzstatic.com\/image\/thumb\/Purple221\/v4\/2c\/9f\/cc\/2c9fcc3c-fdaf-2a82-7f5e-359a02fabe9f\/AppIcon-Release-0-1x_U007epad-0-0-0-11-0-0-0-85-220-0.png\/200x200ia-75.png\" alt=\"Apple Developer\"  height=\"72\" width=\"72\" class=\"asl-icon-img\" \/><\/div>\n\t\t\t<div id=\"article-single-app-preview-desc\">\n\t\t\t\t<span class=\"name\">Apple Developer<\/span><br \/>\n\t\t\t\t<span class=\"seller\">Entwickler: <a target=\"_blank\" rel=\"nofollow\" href=\"https:\/\/apps.apple.com\/de\/developer\/apple\/id284417353?mt=12\">Apple<\/a><\/span>\n\t\t\t<\/div>\n\t\t\t<a target=\"_blank\" rel=\"nofollow\" href=\"https:\/\/apps.apple.com\/de\/app\/apple-developer\/id640199958\"><div id=\"article-single-app-preview-download\">Preis: Kostenlos<sup>+<\/sup><br \/>\n\t\t\t<span class=\"size\">Laden<\/span><\/div><\/a>\n\t\t<\/div>\n\t\t<!-- <div id=\"article-single-app-preview-footer\"><\/div>\t-->\n\t<\/div>\n\t<!-- app-link\/ende --><!-- \/WP-Appbox -->\n<!-- WP-Appbox (Version: 4.5.12 \/\/ Store: appstore \/\/ ID: 1174078549) -->\t<!-- app-link -->\n\t<div id=\"article-single-app-preview\">\n\t\t<div id=\"article-single-app-preview-header\">\n\t\t\t<span class=\"title\">Laden im App Store<\/span>\n\t\t<\/div>\n\t\t<div id=\"article-single-app-preview-content\">\n\t\t\t<div id=\"article-single-app-preview-img\"><img loading=\"lazy\" decoding=\"async\" src=\"\/\/is1-ssl.mzstatic.com\/image\/thumb\/PurpleSource221\/v4\/bf\/ab\/2e\/bfab2eb5-9e44-7e8c-1a52-faaf2a0b3ca3\/Placeholder.mill\/200x200bb-75.png\" alt=\"Apple TV\"  height=\"72\" width=\"72\" class=\"asl-icon-img\" \/><\/div>\n\t\t\t<div id=\"article-single-app-preview-desc\">\n\t\t\t\t<span class=\"name\">Apple TV<\/span><br \/>\n\t\t\t\t<span class=\"seller\">Entwickler: <a target=\"_blank\" rel=\"nofollow\" href=\"https:\/\/apps.apple.com\/de\/developer\/apple\/id284417353?mt=12\">Apple<\/a><\/span>\n\t\t\t<\/div>\n\t\t\t<a target=\"_blank\" rel=\"nofollow\" href=\"https:\/\/apps.apple.com\/de\/app\/apple-tv\/id1174078549\"><div id=\"article-single-app-preview-download\">Preis: Kostenlos<br \/>\n\t\t\t<span class=\"size\">Laden<\/span><\/div><\/a>\n\t\t<\/div>\n\t\t<!-- <div id=\"article-single-app-preview-footer\"><\/div>\t-->\n\t<\/div>\n\t<!-- app-link\/ende --><!-- \/WP-Appbox -->\n<p><img loading=\"lazy\" decoding=\"async\" src=\"https:\/\/vg02.met.vgwort.de\/na\/43b041063bf64f259ace7252c5bfb36a\" width=\"1\" height=\"1\" no-lazy class=\"tracking\"><\/p>\n","protected":false},"excerpt":{"rendered":"<a href=\"https:\/\/www.ifun.de\/wwdc-im-livestream-drei-wege-zur-apple-keynote-am-montag-210761\/\"><img width=\"150\" height=\"150\" src=\"https:\/\/images.ifun.de\/wp-content\/uploads\/2023\/05\/wwdc-tim-cook-150x150.jpg\" class=\"alignright tfe wp-post-image\" alt=\"Wwdc Tim Cook\" decoding=\"async\" loading=\"lazy\" \/><\/a><p>In Vorbereitung auf die diesj\u00e4hrige WWDC Entwickler-Konferenz am kommenden Montag hat Apple jetzt seine Live-Streams-Adressen freigegeben und sowohl auf der hauseigenen Event-Seite als auch im offiziellen YouTube-Kanal des Unternehmens entsprechende Platzhalter geschaltet. Live-\u00dcbertragung auf YouTube So wird sich die Auftakt-Veranstaltung auch in diesem Jahr wieder \u00fcber Google Videoplattform YouTube konsumieren lassen. Unter der \u00dcberschrift &#8222;WWDC [&hellip;]<\/p>\n","protected":false},"author":1,"featured_media":210764,"comment_status":"open","ping_status":"closed","sticky":false,"template":"","format":"standard","meta":{"_acf_changed":false,"footnotes":""},"categories":[3,1783],"tags":[4736,342,353,335],"class_list":["post-210761","post","type-post","status-publish","format-standard","has-post-thumbnail","hentry","category-apple","category-feature","tag-apple","tag-keynote","tag-wwdc","tag-youtube"],"acf":[],"aioseo_notices":[],"subheadline":["YouTube- und Event-Seite live","YouTube- und Event-Seite gehen live"],"featured_image":["https:\/\/images.ifun.de\/wp-content\/uploads\/2023\/05\/wwdc-tim-cook.jpg"],"rest_api_enabler":{"subheadline":["YouTube- und Event-Seite live","YouTube- und Event-Seite gehen live"],"featured_image":"https:\/\/images.ifun.de\/wp-content\/uploads\/2023\/05\/wwdc-tim-cook.jpg"},"_links":{"self":[{"href":"https:\/\/www.ifun.de\/apiv2\/wp\/v2\/posts\/210761","targetHints":{"allow":["GET"]}}],"collection":[{"href":"https:\/\/www.ifun.de\/apiv2\/wp\/v2\/posts"}],"about":[{"href":"https:\/\/www.ifun.de\/apiv2\/wp\/v2\/types\/post"}],"author":[{"embeddable":true,"href":"https:\/\/www.ifun.de\/apiv2\/wp\/v2\/users\/1"}],"replies":[{"embeddable":true,"href":"https:\/\/www.ifun.de\/apiv2\/wp\/v2\/comments?post=210761"}],"version-history":[{"count":4,"href":"https:\/\/www.ifun.de\/apiv2\/wp\/v2\/posts\/210761\/revisions"}],"predecessor-version":[{"id":210791,"href":"https:\/\/www.ifun.de\/apiv2\/wp\/v2\/posts\/210761\/revisions\/210791"}],"wp:featuredmedia":[{"embeddable":true,"href":"https:\/\/www.ifun.de\/apiv2\/wp\/v2\/media\/210764"}],"wp:attachment":[{"href":"https:\/\/www.ifun.de\/apiv2\/wp\/v2\/media?parent=210761"}],"wp:term":[{"taxonomy":"category","embeddable":true,"href":"https:\/\/www.ifun.de\/apiv2\/wp\/v2\/categories?post=210761"},{"taxonomy":"post_tag","embeddable":true,"href":"https:\/\/www.ifun.de\/apiv2\/wp\/v2\/tags?post=210761"}],"curies":[{"name":"wp","href":"https:\/\/api.w.org\/{rel}","templated":true}]}}