{"id":21058,"date":"2012-01-15T17:42:50","date_gmt":"2012-01-15T16:42:50","guid":{"rendered":"http:\/\/www.ifun.de\/?p=21058"},"modified":"2012-01-15T17:56:32","modified_gmt":"2012-01-15T16:56:32","slug":"apple-store-berlin-baubeginn-stuttgart-standort","status":"publish","type":"post","link":"https:\/\/www.ifun.de\/apple-store-berlin-baubeginn-stuttgart-standort-21058\/","title":{"rendered":"Apple Stores: Baustelle Berlin, irritierende Jobausschreibungen bei der Arbeitsagentur und Standort-Spekulationen f\u00fcr Stuttgart"},"content":{"rendered":"<p>In Berlin tut sich was. Wir <a href=\"http:\/\/www.ifun.de\/apple-store-berlin-kudamm-17816\/\">berichtet<\/a>, liegen seit Oktober die n\u00f6tigen Genehmigungen f\u00fcr den Umbau der f\u00fcr den ersten Berliner Apple Store ausgew\u00e4hlten &#8222;Filmb\u00fchne Wien&#8220; am Kurf\u00fcrstendamm vor.<br \/>\nDerzeit ist die Fassade des alten Kinos einger\u00fcstet und wird mit dem gewohnten schwarzen Bretterverschlag versehen. Bis die Arbeiten dahinter abgeschlossen sind, wird es noch ein Weilchen dauern, der Er\u00f6ffnung der Hauptstadt-Dependance von Apple werden wir vermutlich bei deutlich angenehmeren Temperaturen und im T-Shirt beiwohnen k\u00f6nnen.<br \/>\n(Dank an Andreas + Eric f\u00fcr die Bilder)<\/p>\n<p><img loading=\"lazy\" decoding=\"async\" src=\"http:\/\/images.ifun.de\/wp-content\/uploads\/2012\/01\/berlin1.jpg\" alt=\"\" title=\"berlin1\" width=\"464\" height=\"172\" class=\"alignnone size-full wp-image-21059\" srcset=\"https:\/\/images.ifun.de\/wp-content\/uploads\/2012\/01\/berlin1.jpg 464w, https:\/\/images.ifun.de\/wp-content\/uploads\/2012\/01\/berlin1-300x111.jpg 300w\" sizes=\"auto, (max-width: 464px) 100vw, 464px\" \/><\/p>\n<h3>Apple-Store-Jobs bei der Arbeitsagentur<\/h3>\n<p>\u00dcber die <a href=\"http:\/\/jobboerse.arbeitsagentur.de\">Online-Jobb\u00f6rse der Arbeitsagentur<\/a> sucht ein Personalvermittler unter anderem Mitarbeiter f\u00fcr &#8222;Apple Stores&#8220; in Bochum, M\u00fcnster und Saarbr\u00fccken. Macht euch da mal nicht zu viel Hoffnungen auf kurzfristig aus dem Boden schie\u00dfende, von Apple betriebene Gesch\u00e4fte in diesen St\u00e4dten. Mit der etwas irref\u00fchrenden Ausschreibung d\u00fcrfte das Unternehmen eher Mitarbeiter f\u00fcr eine der diversen in Deutschland t\u00e4tigen Apple-Reseller-Ketten suchen.<br \/>\n(Danke f\u00fcr eure Mails)<\/p>\n<p><!--more--><img loading=\"lazy\" decoding=\"async\" src=\"http:\/\/images.ifun.de\/wp-content\/uploads\/2012\/01\/apple-berater.gif\" alt=\"\" title=\"apple-berater\" width=\"464\" height=\"141\" class=\"alignnone size-full wp-image-21060\" srcset=\"https:\/\/images.ifun.de\/wp-content\/uploads\/2012\/01\/apple-berater.gif 464w, https:\/\/images.ifun.de\/wp-content\/uploads\/2012\/01\/apple-berater-300x91.gif 300w\" sizes=\"auto, (max-width: 464px) 100vw, 464px\" \/><\/p>\n<h3>Spekulationen um Stuttgart-Standort<\/h3>\n<p>In einer bereits etwas \u00e4lteren Visualisierung f\u00fcr das Stuttgarter Bauprojekt &#8222;<a href=\"http:\/\/www.das-gerber.de\/projekt\/\">Das Gerber<\/a>&#8220; zieren ein paar iPhone-Banner eine Schaufensterfront.<br \/>\nAuch wenn das Einkaufszentrum vom Stil her sicherlich als Apple-Standort in Frage k\u00e4me, scheint uns hier momentan eher der Wunsch Vater des Gedanken. Wir gehen davon aus, dass Apple noch vor der f\u00fcr das Jahr 2014 geplanten Fertigstellung des Geb\u00e4udes an prominenterer Stelle in Stuttgart pr\u00e4sent sein wird. (Danke Andreas)<\/p>\n<p><img loading=\"lazy\" decoding=\"async\" src=\"http:\/\/images.ifun.de\/wp-content\/uploads\/2012\/01\/gerber.jpg\" alt=\"\" title=\"gerber\" width=\"464\" height=\"297\" class=\"alignnone size-full wp-image-21061\" srcset=\"https:\/\/images.ifun.de\/wp-content\/uploads\/2012\/01\/gerber.jpg 464w, https:\/\/images.ifun.de\/wp-content\/uploads\/2012\/01\/gerber-300x192.jpg 300w\" sizes=\"auto, (max-width: 464px) 100vw, 464px\" \/><\/p>\n<h3>Hier noch etwas gr\u00f6\u00dfere Berlin-Fotos\u2026<\/h3>\n<p><img loading=\"lazy\" decoding=\"async\" src=\"http:\/\/images.ifun.de\/wp-content\/uploads\/2012\/01\/berlin2.jpg\" alt=\"\" title=\"berlin2\" width=\"464\" height=\"348\" class=\"alignnone size-full wp-image-21063\" srcset=\"https:\/\/images.ifun.de\/wp-content\/uploads\/2012\/01\/berlin2.jpg 464w, https:\/\/images.ifun.de\/wp-content\/uploads\/2012\/01\/berlin2-300x225.jpg 300w\" sizes=\"auto, (max-width: 464px) 100vw, 464px\" \/><\/p>\n<p><img loading=\"lazy\" decoding=\"async\" src=\"http:\/\/images.ifun.de\/wp-content\/uploads\/2012\/01\/berlin3.jpg\" alt=\"\" title=\"berlin3\" width=\"464\" height=\"339\" class=\"alignnone size-full wp-image-21064\" srcset=\"https:\/\/images.ifun.de\/wp-content\/uploads\/2012\/01\/berlin3.jpg 464w, https:\/\/images.ifun.de\/wp-content\/uploads\/2012\/01\/berlin3-300x219.jpg 300w\" sizes=\"auto, (max-width: 464px) 100vw, 464px\" \/><\/p>\n<h3>\u2026und noch ein Blick hinter die Bretter<\/h3>\n<p><img loading=\"lazy\" decoding=\"async\" src=\"http:\/\/images.ifun.de\/wp-content\/uploads\/2012\/01\/berlin4.jpg\" alt=\"\" title=\"berlin4\" width=\"464\" height=\"347\" class=\"alignnone size-full wp-image-21074\" srcset=\"https:\/\/images.ifun.de\/wp-content\/uploads\/2012\/01\/berlin4.jpg 464w, https:\/\/images.ifun.de\/wp-content\/uploads\/2012\/01\/berlin4-300x224.jpg 300w\" sizes=\"auto, (max-width: 464px) 100vw, 464px\" \/><\/p>\n","protected":false},"excerpt":{"rendered":"<a href=\"https:\/\/www.ifun.de\/apple-store-berlin-baubeginn-stuttgart-standort-21058\/\"><img width=\"150\" height=\"150\" src=\"https:\/\/images.ifun.de\/wp-content\/uploads\/2012\/01\/berlin4-150x150.jpg\" class=\"alignright tfe wp-post-image\" alt=\"\" decoding=\"async\" loading=\"lazy\" \/><\/a><p>In Berlin tut sich was. Wir berichtet, liegen seit Oktober die n\u00f6tigen Genehmigungen f\u00fcr den Umbau der f\u00fcr den ersten Berliner Apple Store ausgew\u00e4hlten &#8222;Filmb\u00fchne Wien&#8220; am Kurf\u00fcrstendamm vor. Derzeit ist die Fassade des alten Kinos einger\u00fcstet und wird mit dem gewohnten schwarzen Bretterverschlag versehen. Bis die Arbeiten dahinter abgeschlossen sind, wird es noch ein [&hellip;]<\/p>\n","protected":false},"author":2,"featured_media":21074,"comment_status":"open","ping_status":"closed","sticky":false,"template":"","format":"standard","meta":{"_acf_changed":false,"footnotes":""},"categories":[3],"tags":[49,190,245],"class_list":["post-21058","post","type-post","status-publish","format-standard","has-post-thumbnail","hentry","category-apple","tag-apple-store","tag-berlin","tag-stuttgart"],"acf":[],"aioseo_notices":[],"rest_api_enabler":[],"_links":{"self":[{"href":"https:\/\/www.ifun.de\/apiv2\/wp\/v2\/posts\/21058","targetHints":{"allow":["GET"]}}],"collection":[{"href":"https:\/\/www.ifun.de\/apiv2\/wp\/v2\/posts"}],"about":[{"href":"https:\/\/www.ifun.de\/apiv2\/wp\/v2\/types\/post"}],"author":[{"embeddable":true,"href":"https:\/\/www.ifun.de\/apiv2\/wp\/v2\/users\/2"}],"replies":[{"embeddable":true,"href":"https:\/\/www.ifun.de\/apiv2\/wp\/v2\/comments?post=21058"}],"version-history":[{"count":13,"href":"https:\/\/www.ifun.de\/apiv2\/wp\/v2\/posts\/21058\/revisions"}],"predecessor-version":[{"id":21077,"href":"https:\/\/www.ifun.de\/apiv2\/wp\/v2\/posts\/21058\/revisions\/21077"}],"wp:featuredmedia":[{"embeddable":true,"href":"https:\/\/www.ifun.de\/apiv2\/wp\/v2\/media\/21074"}],"wp:attachment":[{"href":"https:\/\/www.ifun.de\/apiv2\/wp\/v2\/media?parent=21058"}],"wp:term":[{"taxonomy":"category","embeddable":true,"href":"https:\/\/www.ifun.de\/apiv2\/wp\/v2\/categories?post=21058"},{"taxonomy":"post_tag","embeddable":true,"href":"https:\/\/www.ifun.de\/apiv2\/wp\/v2\/tags?post=21058"}],"curies":[{"name":"wp","href":"https:\/\/api.w.org\/{rel}","templated":true}]}}