{"id":210579,"date":"2023-05-30T06:41:15","date_gmt":"2023-05-30T04:41:15","guid":{"rendered":"https:\/\/www.ifun.de\/?p=210579"},"modified":"2023-05-30T06:44:36","modified_gmt":"2023-05-30T04:44:36","slug":"mac-studio-und-erste-m2-notebooks-ab-montag-im-apple-trade-in","status":"publish","type":"post","link":"https:\/\/www.ifun.de\/mac-studio-und-erste-m2-notebooks-ab-montag-im-apple-trade-in-210579\/","title":{"rendered":"Mac Studio und erste M2-Notebooks ab Montag im Apple Trade-In"},"content":{"rendered":"<p>Noch sechs Tage, dann werden wir im Rahmen der Er\u00f6ffnungsveranstaltung zur Apple-Entwicklerkonferenz WWDC23 nicht nur in die in diesem Herbst anstehenden softwareseitigen Neuerungen rund um die Apple-Betriebssysteme eingef\u00fchrt, sondern garantiert auch neue Hardware zu sehen bekommen. Abgesehen von einer als gesetzt geltenden Mixed-Reality-Brille von Apple steht hier allerdings noch alles offen. Die Wetten laufen derzeit auf ein <a href=\"https:\/\/www.ifun.de\/macbook-air-neues-15-zoll-modell-in-zwei-wochen-210132\/\" title=\"MacBook Air: Neues 15-Zoll-Modell in zwei Wochen?\">MacBook Air mit 15-Zoll-Bildschirm<\/a>, das jedoch noch mit einem M2-Prozessor von Apple arbeitet. Apples M3-Prozessor und damit verbunden auch der \u00fcberf\u00e4llige neue Mac Pro werden <a href=\"https:\/\/www.ifun.de\/apples-m3-prozessor-deutlicher-leistungssprung-aber-nicht-vor-jahresende-209715\/\" title=\"Apples M3-Prozessor: Deutlicher Leistungssprung aber nicht vor Jahresende\">nicht vor Ende des Jahres erwartet<\/a>.<\/p>\n<p>Interessant kommt in diesem Zusammenhang die Meldung, dass Apple am Montag, also dem Tag der WWDC-Keynote, den Mac Studio sowie das MacBook Air M2 und das MacBook Pro M2 mit jeweils 13 Zoll Bildschirmgr\u00f6\u00dfe in sein <a href=\"https:\/\/www.apple.com\/de\/shop\/trade-in\">Trade-In-Programm<\/a> aufnimmt.<\/p>\n<p><a href=\"https:\/\/images.ifun.de\/wp-content\/uploads\/2023\/05\/apple-trade-in.jpg\"><img loading=\"lazy\" decoding=\"async\" src=\"https:\/\/images.ifun.de\/wp-content\/uploads\/2023\/05\/apple-trade-in-700x451.jpg\" alt=\"Apple Trade In\" width=\"700\" height=\"451\" class=\"alignnone size-large wp-image-210583\" srcset=\"https:\/\/images.ifun.de\/wp-content\/uploads\/2023\/05\/apple-trade-in-700x451.jpg 700w, https:\/\/images.ifun.de\/wp-content\/uploads\/2023\/05\/apple-trade-in-500x322.jpg 500w, https:\/\/images.ifun.de\/wp-content\/uploads\/2023\/05\/apple-trade-in-768x494.jpg 768w, https:\/\/images.ifun.de\/wp-content\/uploads\/2023\/05\/apple-trade-in.jpg 1400w\" sizes=\"auto, (max-width: 700px) 100vw, 700px\" \/><\/a><\/p>\n<h2>Alle drei Ger\u00e4te erst 2022 vorgestellt<\/h2>\n<p>Der Mac Studio sowie die M2-Versionen von Macbook Air und MacBook Pro wurden erst im vergangenen Jahr vorgestellt und man kann dergleichen zumindest so auslegen, dass Apple-Kunden und wohl allem voran auch die in der kommenden Woche im Fokus stehenden Apple-Entwickler die M\u00f6glichkeit erhalten sollen, diese an sich noch recht neue Hardware gegen neuere Modelle \u201eeinzutauschen\u201c. Apple bezahlt \u00fcber sein Trade-In-Programm zwar mit dem freien Markt verglichen eher schlechte Ankaufspreise, bietet daf\u00fcr aber einen komfortablen Weg, der nach der Lieferung des neuen Ger\u00e4ts auch ausreichend Zeit f\u00fcr einen Umzug und die \u00dcberpr\u00fcfung der neuen Installation l\u00e4sst.<\/p>\n<p>Die Meldung \u00fcber die anstehende Erweiterung von Apples Trade-in-Programm <a href=\"https:\/\/twitter.com\/markgurman\/status\/1662608357549834242\">kommt vom Bloomberg-Autor Mark Gurman<\/a>, der sich wenige Tage vor dem Apple-Event kaum mit ungesicherten \u201eRandinformationen\u201c wie dieser aus dem Fenster lehnen wird. Dementsprechend darf man die Erweiterung des Trade-In-Programms von Montag an f\u00fcr bare M\u00fcnze nehmen. Spannend bleibt nur, ob wir am Montag damit verbunden \u00fcber die Apple-Brille und das MacBook Air mit 15 Zoll noch weitere Hardware-Neuheiten von Apple zu sehen bekommen.<img loading=\"lazy\" decoding=\"async\" src=\"https:\/\/vg08.met.vgwort.de\/na\/bd087ca5739a43d48e6400a68c7e18cb\" width=\"1\" height=\"1\" no-lazy class=\"tracking\"><\/p>\n","protected":false},"excerpt":{"rendered":"<a href=\"https:\/\/www.ifun.de\/mac-studio-und-erste-m2-notebooks-ab-montag-im-apple-trade-in-210579\/\"><img width=\"150\" height=\"150\" src=\"https:\/\/images.ifun.de\/wp-content\/uploads\/2023\/05\/apple-trade-in-150x150.jpg\" class=\"alignright tfe wp-post-image\" alt=\"Apple Trade In\" decoding=\"async\" loading=\"lazy\" \/><\/a><p>Noch sechs Tage, dann werden wir im Rahmen der Er\u00f6ffnungsveranstaltung zur Apple-Entwicklerkonferenz WWDC23 nicht nur in die in diesem Herbst anstehenden softwareseitigen Neuerungen rund um die Apple-Betriebssysteme eingef\u00fchrt, sondern garantiert auch neue Hardware zu sehen bekommen. Abgesehen von einer als gesetzt geltenden Mixed-Reality-Brille von Apple steht hier allerdings noch alles offen. Die Wetten laufen derzeit [&hellip;]<\/p>\n","protected":false},"author":2,"featured_media":210583,"comment_status":"open","ping_status":"closed","sticky":false,"template":"","format":"standard","meta":{"_acf_changed":false,"footnotes":""},"categories":[1],"tags":[],"class_list":["post-210579","post","type-post","status-publish","format-standard","has-post-thumbnail","hentry","category-news"],"acf":[],"aioseo_notices":[],"subheadline":["F\u00fcr Upgrades auf neue WWDC-Rechner?"],"featured_image":["https:\/\/images.ifun.de\/wp-content\/uploads\/2022\/03\/mac-studio-feature-alt.jpg"],"rest_api_enabler":{"subheadline":"F\u00fcr Upgrades auf neue WWDC-Rechner?","featured_image":"https:\/\/images.ifun.de\/wp-content\/uploads\/2022\/03\/mac-studio-feature-alt.jpg"},"_links":{"self":[{"href":"https:\/\/www.ifun.de\/apiv2\/wp\/v2\/posts\/210579","targetHints":{"allow":["GET"]}}],"collection":[{"href":"https:\/\/www.ifun.de\/apiv2\/wp\/v2\/posts"}],"about":[{"href":"https:\/\/www.ifun.de\/apiv2\/wp\/v2\/types\/post"}],"author":[{"embeddable":true,"href":"https:\/\/www.ifun.de\/apiv2\/wp\/v2\/users\/2"}],"replies":[{"embeddable":true,"href":"https:\/\/www.ifun.de\/apiv2\/wp\/v2\/comments?post=210579"}],"version-history":[{"count":7,"href":"https:\/\/www.ifun.de\/apiv2\/wp\/v2\/posts\/210579\/revisions"}],"predecessor-version":[{"id":210589,"href":"https:\/\/www.ifun.de\/apiv2\/wp\/v2\/posts\/210579\/revisions\/210589"}],"wp:featuredmedia":[{"embeddable":true,"href":"https:\/\/www.ifun.de\/apiv2\/wp\/v2\/media\/210583"}],"wp:attachment":[{"href":"https:\/\/www.ifun.de\/apiv2\/wp\/v2\/media?parent=210579"}],"wp:term":[{"taxonomy":"category","embeddable":true,"href":"https:\/\/www.ifun.de\/apiv2\/wp\/v2\/categories?post=210579"},{"taxonomy":"post_tag","embeddable":true,"href":"https:\/\/www.ifun.de\/apiv2\/wp\/v2\/tags?post=210579"}],"curies":[{"name":"wp","href":"https:\/\/api.w.org\/{rel}","templated":true}]}}