{"id":210517,"date":"2023-05-26T11:04:47","date_gmt":"2023-05-26T09:04:47","guid":{"rendered":"https:\/\/www.ifun.de\/?p=210517"},"modified":"2023-05-26T11:04:55","modified_gmt":"2023-05-26T09:04:55","slug":"streaming-hijack-star-trek-rad-der-zeit-und-die-neue-joko-show","status":"publish","type":"post","link":"https:\/\/www.ifun.de\/streaming-hijack-star-trek-rad-der-zeit-und-die-neue-joko-show-210517\/","title":{"rendered":"Streaming: Hijack, Star Trek, Rad der Zeit und die neue Joko-Show"},"content":{"rendered":"<p>Kurz vor dem langen Wochenende bewerben viele der am Markt aktiven Player die Neuzug\u00e4nge in ihrer Video-Streaming-Dienste und haben mehrere Trailer ver\u00f6ffentlicht, die bereits einen Vorgeschmack auf die bevorstehenden Releases zulassen.<\/p>\n<h2>Hijack auf Apple TV+<\/h2>\n<p>Apple trailert mit Hijack eine neue Serie <a href=\"https:\/\/en.wikipedia.org\/wiki\/Idris_Elba\">mit Idris Elba<\/a>, die an das Erfolgsformat <a href=\"https:\/\/de.wikipedia.org\/wiki\/24_(Fernsehserie)\">24<\/a> mit Kiefer Sutherland erinnert. Auch Hijack wird seine Geschichte in Echtzeit erz\u00e4hlen. Diese Spiel w\u00e4hrend eines siebenst\u00fcndigen Fluges, der auf seinem Weg nach London in die Hand von Entf\u00fchrern ger\u00e4t.<\/p>\n<p>Apple und Idris Elba hatten eine so genannte &#8222;First Look&#8220;-Partnerschaft vereinbart, die Apple TV+ ein Vorrecht auf neue Produktionen des aus der BBC-Serie &#8222;Luther&#8220; bekannten Schauspielers gew\u00e4hrt.<\/p>\n<p><div class=\"responsive-video\"><iframe loading=\"lazy\" title=\"Hijack \u2014 Official Trailer | Apple TV+\" width=\"500\" height=\"281\" src=\"https:\/\/www.youtube-nocookie.com\/embed\/WxwKzsklvJo?feature=oembed\" frameborder=\"0\" allow=\"accelerometer; autoplay; clipboard-write; encrypted-media; gyroscope; picture-in-picture; web-share\" referrerpolicy=\"strict-origin-when-cross-origin\" allowfullscreen><\/iframe><\/div><\/p>\n<h2>Jokos neue Show<\/h2>\n<p>Allein f\u00fcr den Titel ben\u00f6tigt man fast eine halbe DIN-A4-Seite. Unter der \u00dcberschrift &#8222;Joko Winterscheidt Presents: The World\u2019s Most Dangerous Show&#8220; machen der Moderator Joko Winterscheidt und Amazon Prime Video zuk\u00fcnftig gemeinsame Sache.<\/p>\n<p>Die sechsteilige Doku-Serie wird ab dem 7. Juni bei Prime Video verf\u00fcgbar sein und soll sich dann mit einem der &#8222;wohl dr\u00e4ngendsten Themen unserer Zeit&#8220; besch\u00e4ftigen: der Klimakatastrophe. Jetzt hat Amazon den ersten Trailer freigegeben.<\/p>\n<p><div class=\"responsive-video\"><iframe loading=\"lazy\" title=\"Die gr\u00f6\u00dfte Herausforderung unserer Generation | The World&#039;s Most Dangerous Show | Joko Winterscheidt\" width=\"500\" height=\"281\" src=\"https:\/\/www.youtube-nocookie.com\/embed\/QYUq2QXl2SY?feature=oembed\" frameborder=\"0\" allow=\"accelerometer; autoplay; clipboard-write; encrypted-media; gyroscope; picture-in-picture; web-share\" referrerpolicy=\"strict-origin-when-cross-origin\" allowfullscreen><\/iframe><\/div><\/p>\n<h2>Star Trek: Strange New Worlds<\/h2>\n<p>Einen ersten Trailer gibt es nun auch zur zweiten Staffel von &#8222;Star Trek: Strange New Worlds&#8220;, die ab Donnerstag, den 15. Juni auf dem Streaming-Dienst Paramount+ deb\u00fctieren wird. Insgesamt wird diese auf 10 Folgen kommen, diese sollen mit einer Woche Abstand stets Donnerstags ver\u00f6ffentlicht werden.<\/p>\n<p><div class=\"responsive-video\"><iframe loading=\"lazy\" title=\"Star Trek: Strange New Worlds Series 2 | Official Trailer | Paramount+ UK &amp; Ireland\" width=\"500\" height=\"281\" src=\"https:\/\/www.youtube-nocookie.com\/embed\/oJYPXuM-3JA?feature=oembed\" frameborder=\"0\" allow=\"accelerometer; autoplay; clipboard-write; encrypted-media; gyroscope; picture-in-picture; web-share\" referrerpolicy=\"strict-origin-when-cross-origin\" allowfullscreen><\/iframe><\/div><\/p>\n<h2>Das Rad der Zeit<\/h2>\n<p>Einen Termin hat nun auch die zweite Staffel der Amazon-Fantasy-Serie &#8222;Das Rad der Zeit&#8220;. Diese wird ab dem 1. September auf Amazon prime Video laufen.<\/p>\n<p>Amazon hat hier zwar noch keinen Trailer freigegeben, fasst aber immerhin kurz in Worte worauf sich Fans der ersten Staffel einstellen k\u00f6nnen.<\/p>\n<blockquote><p>Der einfache Bauernjunge Rand al&#8217;Thor hat erkannt, dass er der Wiedergeborene Drache ist &#8211; eine gef\u00e4hrliche Figur aus der Geschichte, die dazu bestimmt ist, die Welt zu retten&#8230; oder sie zu zerst\u00f6ren. Eine Armee m\u00e4chtiger Zauberinnen versucht verzweifelt, ihn vor dem Dunklen K\u00f6nig zu sch\u00fctzen, und muss sich mit seiner wachsenden Macht und seinem zunehmenden Wahnsinn auseinandersetzen. Das Rad der Zeit dreht sich, und die letzte Schlacht steht bevor. Obwohl Rand dachte, er h\u00e4tte den Dunklen K\u00f6nig vernichtet, ist das B\u00f6se noch nicht aus der Welt verschwunden. In der zweiten Staffel suchen neue und sehr alte Bedrohungen die jungen Freunde aus den beiden Fl\u00fcssen auf, die nun \u00fcber die ganze Welt verstreut sind. Die Frau, die sie gefunden und gef\u00fchrt hat, kann ihnen nicht mehr helfen, und so m\u00fcssen sie andere Quellen der St\u00e4rke finden. Ineinander oder in sich selbst, im Licht&#8230; oder in der Dunkelheit.<\/p><\/blockquote>\n<p><a href=\"https:\/\/images.ifun.de\/wp-content\/uploads\/2023\/05\/WOFT_S2_UT_205_220322_THIJAN_00347_1-1-scaled.jpg\"><img loading=\"lazy\" decoding=\"async\" class=\"aligncenter size-large wp-image-210519\" src=\"https:\/\/images.ifun.de\/wp-content\/uploads\/2023\/05\/WOFT_S2_UT_205_220322_THIJAN_00347_1-1-700x467.jpg\" alt=\"WOFT S2 UT 205 220322 THIJAN 00347 1 1\" width=\"700\" height=\"467\" srcset=\"https:\/\/images.ifun.de\/wp-content\/uploads\/2023\/05\/WOFT_S2_UT_205_220322_THIJAN_00347_1-1-700x467.jpg 700w, https:\/\/images.ifun.de\/wp-content\/uploads\/2023\/05\/WOFT_S2_UT_205_220322_THIJAN_00347_1-1-500x333.jpg 500w, https:\/\/images.ifun.de\/wp-content\/uploads\/2023\/05\/WOFT_S2_UT_205_220322_THIJAN_00347_1-1-768x512.jpg 768w, https:\/\/images.ifun.de\/wp-content\/uploads\/2023\/05\/WOFT_S2_UT_205_220322_THIJAN_00347_1-1-1536x1024.jpg 1536w, https:\/\/images.ifun.de\/wp-content\/uploads\/2023\/05\/WOFT_S2_UT_205_220322_THIJAN_00347_1-1-2048x1365.jpg 2048w\" sizes=\"auto, (max-width: 700px) 100vw, 700px\" \/><\/a><\/p>\n<p><img loading=\"lazy\" decoding=\"async\" src=\"https:\/\/vg09.met.vgwort.de\/na\/0a67a42ff3074d95ba2bc3e875ea8f7c\" width=\"1\" height=\"1\" no-lazy class=\"tracking\"><\/p>\n","protected":false},"excerpt":{"rendered":"<a href=\"https:\/\/www.ifun.de\/streaming-hijack-star-trek-rad-der-zeit-und-die-neue-joko-show-210517\/\"><img width=\"150\" height=\"150\" src=\"https:\/\/images.ifun.de\/wp-content\/uploads\/2023\/05\/hijack-apple-tv-150x150.jpg\" class=\"alignright tfe wp-post-image\" alt=\"Hijack Apple Tv\" decoding=\"async\" loading=\"lazy\" \/><\/a><p>Kurz vor dem langen Wochenende bewerben viele der am Markt aktiven Player die Neuzug\u00e4nge in ihrer Video-Streaming-Dienste und haben mehrere Trailer ver\u00f6ffentlicht, die bereits einen Vorgeschmack auf die bevorstehenden Releases zulassen. Hijack auf Apple TV+ Apple trailert mit Hijack eine neue Serie mit Idris Elba, die an das Erfolgsformat 24 mit Kiefer Sutherland erinnert. Auch [&hellip;]<\/p>\n","protected":false},"author":1,"featured_media":210520,"comment_status":"open","ping_status":"closed","sticky":false,"template":"","format":"standard","meta":{"_acf_changed":false,"footnotes":""},"categories":[1],"tags":[3857,4467,60,1885,6323],"class_list":["post-210517","post","type-post","status-publish","format-standard","has-post-thumbnail","hentry","category-news","tag-amazon-prime-video","tag-apple-tv-plus","tag-streaming","tag-trailer","tag-videos"],"acf":[],"aioseo_notices":[],"subheadline":["Neue Trailer und Termine","Neue Trailer und Termine"],"featured_image":["https:\/\/images.ifun.de\/wp-content\/uploads\/2023\/05\/hijack-apple-tv.jpg"],"rest_api_enabler":{"subheadline":["Neue Trailer und Termine","Neue Trailer und Termine"],"featured_image":"https:\/\/images.ifun.de\/wp-content\/uploads\/2023\/05\/hijack-apple-tv.jpg"},"_links":{"self":[{"href":"https:\/\/www.ifun.de\/apiv2\/wp\/v2\/posts\/210517","targetHints":{"allow":["GET"]}}],"collection":[{"href":"https:\/\/www.ifun.de\/apiv2\/wp\/v2\/posts"}],"about":[{"href":"https:\/\/www.ifun.de\/apiv2\/wp\/v2\/types\/post"}],"author":[{"embeddable":true,"href":"https:\/\/www.ifun.de\/apiv2\/wp\/v2\/users\/1"}],"replies":[{"embeddable":true,"href":"https:\/\/www.ifun.de\/apiv2\/wp\/v2\/comments?post=210517"}],"version-history":[{"count":2,"href":"https:\/\/www.ifun.de\/apiv2\/wp\/v2\/posts\/210517\/revisions"}],"predecessor-version":[{"id":210521,"href":"https:\/\/www.ifun.de\/apiv2\/wp\/v2\/posts\/210517\/revisions\/210521"}],"wp:featuredmedia":[{"embeddable":true,"href":"https:\/\/www.ifun.de\/apiv2\/wp\/v2\/media\/210520"}],"wp:attachment":[{"href":"https:\/\/www.ifun.de\/apiv2\/wp\/v2\/media?parent=210517"}],"wp:term":[{"taxonomy":"category","embeddable":true,"href":"https:\/\/www.ifun.de\/apiv2\/wp\/v2\/categories?post=210517"},{"taxonomy":"post_tag","embeddable":true,"href":"https:\/\/www.ifun.de\/apiv2\/wp\/v2\/tags?post=210517"}],"curies":[{"name":"wp","href":"https:\/\/api.w.org\/{rel}","templated":true}]}}