{"id":210132,"date":"2023-05-22T09:32:07","date_gmt":"2023-05-22T07:32:07","guid":{"rendered":"https:\/\/www.ifun.de\/?p=210132"},"modified":"2023-05-22T09:32:07","modified_gmt":"2023-05-22T07:32:07","slug":"macbook-air-neues-15-zoll-modell-in-zwei-wochen","status":"publish","type":"post","link":"https:\/\/www.ifun.de\/macbook-air-neues-15-zoll-modell-in-zwei-wochen-210132\/","title":{"rendered":"MacBook Air: Neues 15-Zoll-Modell in zwei Wochen?"},"content":{"rendered":"<p>Die Apple Community erwartet mit Spannung die Auftaktveranstaltung der diesj\u00e4hrigen WWDC-Entwicklerkonferenz, die bereits in zwei Wochen, an 5. Juni 2023, von Apple ins Netz gestreamt werden soll.<\/p>\n<p><a href=\"https:\/\/images.ifun.de\/wp-content\/uploads\/2023\/05\/macbook-air-13-zoll.jpg\"><img loading=\"lazy\" decoding=\"async\" class=\"aligncenter size-medium wp-image-210133\" src=\"https:\/\/images.ifun.de\/wp-content\/uploads\/2023\/05\/macbook-air-13-zoll-500x343.jpg\" alt=\"Macbook Air 13 Zoll\" width=\"500\" height=\"343\" srcset=\"https:\/\/images.ifun.de\/wp-content\/uploads\/2023\/05\/macbook-air-13-zoll-500x343.jpg 500w, https:\/\/images.ifun.de\/wp-content\/uploads\/2023\/05\/macbook-air-13-zoll.jpg 600w\" sizes=\"auto, (max-width: 500px) 100vw, 500px\" \/><\/a><\/p>\n<h2>Vollgepackte Keynote<\/h2>\n<p>Neben dem Launch des seit Jahren vorhergesagten Mixed-Reality-Headsets Apples, d\u00fcrfte Cupertino zudem nicht nur einen ersten Vorgeschmack auf die Betriebssystem-Aktualisierungen auf iOS 17 und macOS 14 geben, sondern k\u00f6nnte die Medienaufmerksamkeit auch zur Pr\u00e4sentation neuer Hardware nutzen.<\/p>\n<p><a href=\"https:\/\/www.ifun.de\/macbook-air-15-bildschirmproduktion-wird-hochgefahren-207687\/\">Schon l\u00e4nger prognostiziert<\/a> ist das Deb\u00fct eines MacBook Air mit 15-Zoll-Bildschirm. Mit diesem k\u00f6nnte Apple die beliebteste MacBook-Variante im eigenen Portfolio weiter diversifizieren und den beiden Pro-Modellen zwei g\u00fcnstigere Air-Modelle gegen\u00fcberstellen, die \u00fcber nicht ganz so kraftvolle Innereien, daf\u00fcr jedoch \u00fcber deutlich mehr Platz auf dem Monitor verf\u00fcgen w\u00fcrden.<\/p>\n<p><a href=\"https:\/\/images.ifun.de\/wp-content\/uploads\/2023\/05\/macbook-familie-2000.jpg\"><img loading=\"lazy\" decoding=\"async\" class=\"aligncenter size-large wp-image-210134\" src=\"https:\/\/images.ifun.de\/wp-content\/uploads\/2023\/05\/macbook-familie-2000-700x369.jpg\" alt=\"Macbook Familie 2000\" width=\"700\" height=\"369\" srcset=\"https:\/\/images.ifun.de\/wp-content\/uploads\/2023\/05\/macbook-familie-2000-700x369.jpg 700w, https:\/\/images.ifun.de\/wp-content\/uploads\/2023\/05\/macbook-familie-2000-500x263.jpg 500w, https:\/\/images.ifun.de\/wp-content\/uploads\/2023\/05\/macbook-familie-2000-768x404.jpg 768w, https:\/\/images.ifun.de\/wp-content\/uploads\/2023\/05\/macbook-familie-2000-1536x809.jpg 1536w, https:\/\/images.ifun.de\/wp-content\/uploads\/2023\/05\/macbook-familie-2000.jpg 2000w\" sizes=\"auto, (max-width: 700px) 100vw, 700px\" \/><\/a><\/p>\n<p>Anwender die einfach nur einen gro\u00dfen Bildschirm bevorzugen, w\u00e4ren dann nicht mehr gezwungen direkt den teuersten Rechner in Apples Produkt-Portfolio zu w\u00e4hlen.<\/p>\n<h2>L\u00fcckenschluss nach R\u00fcckzug des MacBook Pro 13-Zoll?<\/h2>\n<p>Aufwind bekommen die neuen MacBook Air-Ger\u00fcchte momentan wegen <a href=\"https:\/\/www.macrumors.com\/2023\/05\/21\/new-macbooks-morgan-stanley\/\">positiver Wachstumsprognosen<\/a> des Apple-Fertigers Quanta Computer, der sich auf den Bau neuer MacBook-Modelle vorbereiten soll.<\/p>\n<p>Bereits im vergangenen Jahr nutzte Apple die WWDC <a href=\"https:\/\/www.ifun.de\/apple-stellt-m2-prozessor-und-neue-macbooks-vor-188363\/\">zur Pr\u00e4sentation neuer MacBooks<\/a>. Damals stellte Apple den M2-Prozessor, sowie neue mit 13-Zoll-Modelle des MacBook Air und des MacBook Pro vor.<\/p>\n<blockquote class=\"wp-embedded-content\" data-secret=\"PF6GNNWE8a\"><p><a href=\"https:\/\/www.ifun.de\/apple-stellt-m2-prozessor-und-neue-macbooks-vor-188363\/\">Apple stellt M2-Prozessor und neue MacBooks vor<\/a><\/p><\/blockquote>\n<p><div class=\"responsive-embed\"><iframe loading=\"lazy\" class=\"wp-embedded-content\" sandbox=\"allow-scripts\" security=\"restricted\" style=\"position: absolute; clip: rect(1px, 1px, 1px, 1px);\" title=\"&#8222;Apple stellt M2-Prozessor und neue MacBooks vor&#8220; &#8212; ifun.de\" src=\"https:\/\/www.ifun.de\/apple-stellt-m2-prozessor-und-neue-macbooks-vor-188363\/embed\/#?secret=ybHK6CEqKL#?secret=PF6GNNWE8a\" data-secret=\"PF6GNNWE8a\" width=\"500\" height=\"282\" frameborder=\"0\" marginwidth=\"0\" marginheight=\"0\" scrolling=\"no\"><\/iframe><\/div><\/p>\n<p>Zudem erweiterte Apple die Standardfarben der Ger\u00e4te. Neben Silber, Space Grau und Gold steht seitdem auch ein kr\u00e4ftigerer Blauton als Auswahl unter den m\u00f6glichen Geh\u00e4usefarben zur Verf\u00fcgung. Kurz zur Einordnung, die Basispreise des aktuellen MacBook-Porfolios:<\/p>\n<ul>\n<li>MacBook Air 13-Zoll: 1.499 Euro<\/li>\n<li>MacBook Pro 13-Zoll: 1.599 Euro<\/li>\n<li>MacBook Pro 14-Zoll: 2.399 Euro<\/li>\n<li>MacBook Pro 16-Zoll: 2.999 Euro<\/li>\n<\/ul>\n<p>Apple k\u00f6nnte das \u00fcberalterte MacBook Pro mit 13-Zoll-Bildschirm in diesem Jahr endg\u00fcltig ausmustern und an dessen Stelle ein etwas teureres MacBook Air mit 15-Zoll-Bildschirm setzen.<\/p>\n<p><img loading=\"lazy\" decoding=\"async\" src=\"https:\/\/vg09.met.vgwort.de\/na\/626990184bf741adb0e3ff2e1c4cb01f\" width=\"1\" height=\"1\" no-lazy class=\"tracking\"><\/p>\n","protected":false},"excerpt":{"rendered":"<a href=\"https:\/\/www.ifun.de\/macbook-air-neues-15-zoll-modell-in-zwei-wochen-210132\/\"><img width=\"150\" height=\"150\" src=\"https:\/\/images.ifun.de\/wp-content\/uploads\/2023\/05\/macbook-familie-2000-150x150.jpg\" class=\"alignright tfe wp-post-image\" alt=\"Macbook Familie 2000\" decoding=\"async\" loading=\"lazy\" \/><\/a><p>Die Apple Community erwartet mit Spannung die Auftaktveranstaltung der diesj\u00e4hrigen WWDC-Entwicklerkonferenz, die bereits in zwei Wochen, an 5. Juni 2023, von Apple ins Netz gestreamt werden soll. Vollgepackte Keynote Neben dem Launch des seit Jahren vorhergesagten Mixed-Reality-Headsets Apples, d\u00fcrfte Cupertino zudem nicht nur einen ersten Vorgeschmack auf die Betriebssystem-Aktualisierungen auf iOS 17 und macOS 14 [&hellip;]<\/p>\n","protected":false},"author":1,"featured_media":210134,"comment_status":"open","ping_status":"closed","sticky":false,"template":"","format":"standard","meta":{"_acf_changed":false,"footnotes":""},"categories":[1],"tags":[4736,3910,344,224,6322],"class_list":["post-210132","post","type-post","status-publish","format-standard","has-post-thumbnail","hentry","category-news","tag-apple","tag-geruechte","tag-macbook-air","tag-macbook-pro","tag-rumors"],"acf":[],"aioseo_notices":[],"featured_image":["https:\/\/images.ifun.de\/wp-content\/uploads\/2022\/06\/macbook-air-feature-.jpg"],"subheadline":["L\u00fcckenschluss im MacBook-Portfolio"],"rest_api_enabler":{"featured_image":"https:\/\/images.ifun.de\/wp-content\/uploads\/2022\/06\/macbook-air-feature-.jpg","subheadline":"L\u00fcckenschluss im MacBook-Portfolio"},"_links":{"self":[{"href":"https:\/\/www.ifun.de\/apiv2\/wp\/v2\/posts\/210132","targetHints":{"allow":["GET"]}}],"collection":[{"href":"https:\/\/www.ifun.de\/apiv2\/wp\/v2\/posts"}],"about":[{"href":"https:\/\/www.ifun.de\/apiv2\/wp\/v2\/types\/post"}],"author":[{"embeddable":true,"href":"https:\/\/www.ifun.de\/apiv2\/wp\/v2\/users\/1"}],"replies":[{"embeddable":true,"href":"https:\/\/www.ifun.de\/apiv2\/wp\/v2\/comments?post=210132"}],"version-history":[{"count":1,"href":"https:\/\/www.ifun.de\/apiv2\/wp\/v2\/posts\/210132\/revisions"}],"predecessor-version":[{"id":210135,"href":"https:\/\/www.ifun.de\/apiv2\/wp\/v2\/posts\/210132\/revisions\/210135"}],"wp:featuredmedia":[{"embeddable":true,"href":"https:\/\/www.ifun.de\/apiv2\/wp\/v2\/media\/210134"}],"wp:attachment":[{"href":"https:\/\/www.ifun.de\/apiv2\/wp\/v2\/media?parent=210132"}],"wp:term":[{"taxonomy":"category","embeddable":true,"href":"https:\/\/www.ifun.de\/apiv2\/wp\/v2\/categories?post=210132"},{"taxonomy":"post_tag","embeddable":true,"href":"https:\/\/www.ifun.de\/apiv2\/wp\/v2\/tags?post=210132"}],"curies":[{"name":"wp","href":"https:\/\/api.w.org\/{rel}","templated":true}]}}