{"id":209715,"date":"2023-05-15T07:58:19","date_gmt":"2023-05-15T05:58:19","guid":{"rendered":"https:\/\/www.ifun.de\/?p=209715"},"modified":"2023-05-15T07:58:19","modified_gmt":"2023-05-15T05:58:19","slug":"apples-m3-prozessor-deutlicher-leistungssprung-aber-nicht-vor-jahresende","status":"publish","type":"post","link":"https:\/\/www.ifun.de\/apples-m3-prozessor-deutlicher-leistungssprung-aber-nicht-vor-jahresende-209715\/","title":{"rendered":"Apples M3-Prozessor: Deutlicher Leistungssprung aber nicht vor Jahresende"},"content":{"rendered":"<p>Die Hoffnungen auf die Vorstellung der n\u00e4chsten Prozessor-Generation von Apple im Rahmen der in drei Wochen startenden Entwicklerkonferenz WWDC 2023 haben sich bereits <a href=\"https:\/\/www.ifun.de\/macbook-air-kommt-wohl-erstmal-nicht-mit-m3-prozessor-208370\/\" title=\"MacBook Air kommt wohl erstmal nicht mit M3-Prozessor\">im vergangenen Monat<\/a> zerschlagen. Die gro\u00dfe B\u00fchne wird neben der Vorstellung der neuen Apple-Betriebssysteme wohl vor allem Apples viel diskutierter Mixed-Reality-Brille geh\u00f6ren. Die ersten Macs mit M3-Prozessoren sollen dagegen fr\u00fchestens gegen Jahresende oder Anfang kommenden Jahres in den Handel kommen. Zur WWDC wird es vermutlich nur ein neues MacBook Air mit gr\u00f6\u00dferem Bildschirm und M2-Prozessor geben. Vielleicht \u00fcberrascht uns Apple dar\u00fcber hinaus ja auch noch mit einem Update f\u00fcr den iMac.<\/p>\n<h2>M3 Pro wird mit 12 CPU-Kernen getestet<\/h2>\n<p>Der Bloomberg-Reporter Mark Gurman kann in seinem aktuellen <a href=\"https:\/\/www.bloomberg.com\/subscriptions\/poweron\">\u201ePower on\u201c-Newsletter<\/a> ein paar interessante Details diesbez\u00fcglich erg\u00e4nzen. Die Daten wurden offenbar von einem Entwickler gesammelt, von dem eine oder gar mehrere Anwendungen auf bei Apple getesteten Mac-Prototypen mit M3-Prozessoren laufen.<\/p>\n<p>Apple testet demnach aktuell einen M3-Prozessor, der mit 12 CPU-Kernen, 18 Grafik-Kernen und 36 GB Speicher arbeitet. Blickt man auf die bisher von Apple angebotenen hauseigenen Prozessoren, so d\u00fcrfte es sich dabei um das Pro-Modell des M3-Prozessor handeln, dass im Vergleich zu seinen Vorg\u00e4ngern nochmal nennenswert leistungsm\u00e4\u00dfig zulegen kann. Der Hauptprozessor d\u00fcrfte dann \u00fcber sechs Performance-Kerne und sechs Effizienz-Kerne verf\u00fcgen.<\/p>\n<p><a href=\"https:\/\/images.ifun.de\/wp-content\/uploads\/2023\/03\/mac-pro.jpg\"><img loading=\"lazy\" decoding=\"async\" src=\"https:\/\/images.ifun.de\/wp-content\/uploads\/2023\/03\/mac-pro.jpg\" alt=\"Mac Pro\" width=\"700\" height=\"378\" class=\"alignnone size-full wp-image-205420\" srcset=\"https:\/\/images.ifun.de\/wp-content\/uploads\/2023\/03\/mac-pro.jpg 700w, https:\/\/images.ifun.de\/wp-content\/uploads\/2023\/03\/mac-pro-500x270.jpg 500w\" sizes=\"auto, (max-width: 700px) 100vw, 700px\" \/><\/a><\/p>\n<p>Der im Januar vorgestellte Vorg\u00e4nger M2 Pro ist mit 10 CPU-Kernen (sechs Performance-Kerne und vier Effizienz-Kerne) sowie 16 Grafik-Kerne und 32 GB Speicher ausgestattet. Der im Oktober 2021 vorgestellte M1 Pro bringt es bei ebenfalls 32 GB Speicher dagegen nur auf 8 CPU-Kerne (sechs Performance-Kerne und zwei Effizienz-Kerne), 14 Grafik-Kerne.<\/p>\n<h2>Wann kommt der neue Mac Pro?<\/h2>\n<p>Diese Grundkonfiguration des M3 Pro k\u00f6nnte dann als M3 Max und M3 Ultra noch entsprechen erweitert und mit bis zu 28 CPU-Kernen und 80 Grafik-Kernen ausgestattet werden. Spannend bleibt mit Blick auf diese stattlichen Leistungsdaten, ob Apple damit verbunden dann endlich auch seinen l\u00e4ngst \u00fcberf\u00e4lligen neuen Mac Pro auf den Markt bringt, oder sich dieses Projekt zugunsten des Mac Studio am Ende noch komplett im Sand verl\u00e4uft.<\/p>\n<p>Apple hat allerdings definitiv zugesichert, dass eine neue Version des Mac Pro mit hauseigenen Prozessoren an Bord erscheinen wird. Nur h\u00e4lt sich der Hersteller damit verbunden nicht an den urspr\u00fcnglich vorgesehenen Zeitrahmen. Der Wechsel von Intel zu Apple-Prozessoren sollte eigentlich bereits im vergangenen Jahr abgeschlossen sein. Der Mac Pro ist allerdings auch dreieinhalb Jahre nach der Vorstellung des aktuell erh\u00e4ltlichen Modells immer noch nur mit Intel an Bord erh\u00e4ltlich.<img loading=\"lazy\" decoding=\"async\" src=\"https:\/\/vg02.met.vgwort.de\/na\/27913002a01b4e86906b140cb69edd16\" width=\"1\" height=\"1\" no-lazy class=\"tracking\"><\/p>\n","protected":false},"excerpt":{"rendered":"<a href=\"https:\/\/www.ifun.de\/apples-m3-prozessor-deutlicher-leistungssprung-aber-nicht-vor-jahresende-209715\/\"><img decoding=\"async\" width=\"150\" src=\"https:\/\/images.ifun.de\/wp-content\/uploads\/2023\/03\/mac-pro.jpg\" class=\"alignright wp-post-image tfe\" alt=\"Mac Pro\" title=\"\" \/><\/a><p>Die Hoffnungen auf die Vorstellung der n\u00e4chsten Prozessor-Generation von Apple im Rahmen der in drei Wochen startenden Entwicklerkonferenz WWDC 2023 haben sich bereits im vergangenen Monat zerschlagen. Die gro\u00dfe B\u00fchne wird neben der Vorstellung der neuen Apple-Betriebssysteme wohl vor allem Apples viel diskutierter Mixed-Reality-Brille geh\u00f6ren. Die ersten Macs mit M3-Prozessoren sollen dagegen fr\u00fchestens gegen Jahresende [&hellip;]<\/p>\n","protected":false},"author":2,"featured_media":0,"comment_status":"open","ping_status":"closed","sticky":false,"template":"","format":"standard","meta":{"_acf_changed":false,"footnotes":""},"categories":[1],"tags":[4736,6076,6321],"class_list":["post-209715","post","type-post","status-publish","format-standard","hentry","category-news","tag-apple","tag-m3-prozessor","tag-mac"],"acf":[],"aioseo_notices":[],"subheadline":["Basis auch f\u00fcr den neuen Mac Pro?"],"featured_image":["https:\/\/images.ifun.de\/wp-content\/uploads\/2020\/07\/tim-cook-apple-prozessoren-1.jpg"],"rest_api_enabler":{"subheadline":"Basis auch f\u00fcr den neuen Mac Pro?","featured_image":"https:\/\/images.ifun.de\/wp-content\/uploads\/2020\/07\/tim-cook-apple-prozessoren-1.jpg"},"_links":{"self":[{"href":"https:\/\/www.ifun.de\/apiv2\/wp\/v2\/posts\/209715","targetHints":{"allow":["GET"]}}],"collection":[{"href":"https:\/\/www.ifun.de\/apiv2\/wp\/v2\/posts"}],"about":[{"href":"https:\/\/www.ifun.de\/apiv2\/wp\/v2\/types\/post"}],"author":[{"embeddable":true,"href":"https:\/\/www.ifun.de\/apiv2\/wp\/v2\/users\/2"}],"replies":[{"embeddable":true,"href":"https:\/\/www.ifun.de\/apiv2\/wp\/v2\/comments?post=209715"}],"version-history":[{"count":3,"href":"https:\/\/www.ifun.de\/apiv2\/wp\/v2\/posts\/209715\/revisions"}],"predecessor-version":[{"id":209718,"href":"https:\/\/www.ifun.de\/apiv2\/wp\/v2\/posts\/209715\/revisions\/209718"}],"wp:attachment":[{"href":"https:\/\/www.ifun.de\/apiv2\/wp\/v2\/media?parent=209715"}],"wp:term":[{"taxonomy":"category","embeddable":true,"href":"https:\/\/www.ifun.de\/apiv2\/wp\/v2\/categories?post=209715"},{"taxonomy":"post_tag","embeddable":true,"href":"https:\/\/www.ifun.de\/apiv2\/wp\/v2\/tags?post=209715"}],"curies":[{"name":"wp","href":"https:\/\/api.w.org\/{rel}","templated":true}]}}