{"id":209508,"date":"2023-05-10T11:25:53","date_gmt":"2023-05-10T09:25:53","guid":{"rendered":"https:\/\/www.ifun.de\/?p=209508"},"modified":"2023-05-15T20:37:56","modified_gmt":"2023-05-15T18:37:56","slug":"lovefrom-serif-die-neue-schriftart-von-jony-ive","status":"publish","type":"post","link":"https:\/\/www.ifun.de\/lovefrom-serif-die-neue-schriftart-von-jony-ive-209508\/","title":{"rendered":"LoveFrom, Serif: Die neue Schriftart von Jony Ive"},"content":{"rendered":"<p>Das Ausscheiden des Ausnahme-Designers Jony Ives (eigentlich Sir Jonathan Paul Ive) aus der F\u00fchrungsriege Apples im Sommer 2019 war <a href=\"https:\/\/www.ifun.de\/mehr-freiraum-jony-ive-wird-apples-chief-design-officer-77139\/\">von langer Hand<\/a> vorbereitet und wurde damals <a href=\"https:\/\/www.ifun.de\/apple-ohne-chef-designer-jony-ive-tritt-ab-139655\/\">generalstabsm\u00e4\u00dfig inszeniert<\/a>.<\/p>\n<p><a href=\"https:\/\/images.ifun.de\/wp-content\/uploads\/2023\/02\/tim-cook-jony-ive.jpg\"><img loading=\"lazy\" decoding=\"async\" class=\"aligncenter size-medium wp-image-203503\" src=\"https:\/\/images.ifun.de\/wp-content\/uploads\/2023\/02\/tim-cook-jony-ive-500x313.jpg\" alt=\"Tim Cook Jony Ive\" width=\"500\" height=\"313\" srcset=\"https:\/\/images.ifun.de\/wp-content\/uploads\/2023\/02\/tim-cook-jony-ive-500x313.jpg 500w, https:\/\/images.ifun.de\/wp-content\/uploads\/2023\/02\/tim-cook-jony-ive-700x438.jpg 700w, https:\/\/images.ifun.de\/wp-content\/uploads\/2023\/02\/tim-cook-jony-ive-768x480.jpg 768w, https:\/\/images.ifun.de\/wp-content\/uploads\/2023\/02\/tim-cook-jony-ive.jpg 1400w\" sizes=\"auto, (max-width: 500px) 100vw, 500px\" \/><\/a><\/p>\n<p>Apple, so die Sprachregelung des Konzerns, w\u00fcrde Jony Ive nicht etwa verlieren, lediglich die Strukturen der Zusammenarbeit mit Apple w\u00fcrden sich ver\u00e4ndern.<\/p>\n<p>So meldete Apple am 27. Juni 2019, dass der langj\u00e4hrige Weggef\u00e4hrte von Apple-Gr\u00fcnder Steve Jobs eine unabh\u00e4ngige Designfirma gegr\u00fcndet habe. Ives neue Agentur &#8222;<a href=\"https:\/\/www.lovefrom.com\/\">LoveFrom<\/a>&#8220; w\u00fcrde jedoch weiterhin mit Apple zusammenarbeiten. Apple-Chef Tim Cook \u00fcbergab die Leitung des Design-Teams damals an die Produktdesign-Chefin Evans Hankey (diese hat <a href=\"https:\/\/www.ifun.de\/design-chef-apple-laesst-vakanten-posten-unbesetzt-203501\/\">Apple inzwischen verlassen<\/a>) und den Vice President of Human Interface Design, Alan Dye.<\/p>\n<p>Zudem gab Cook an, weiterhin mit Jony Ive zusammenarbeiten zu wollen. Man werde von Jonys Talenten, durch die Zusammenarbeit an exklusiven Projekten profitieren, hoffte Cook und hoffte auf eine kontinuierliche Zusammenarbeit: &#8222;Nach so vielen Jahren enger Zusammenarbeit bin ich gl\u00fccklich, dass sich unsere Beziehung weiter entwickelt und freue mich noch lange mit Jony zusammen zuarbeiten.&#8220;<\/p>\n<h2>Partnerschaft endete im Sommer 2022<\/h2>\n<p>Im vergangenen Juli wurde die Partnerschaft <a href=\"https:\/\/www.ifun.de\/apple-trennt-sich-final-von-jony-ive-190691\/\">dann final aufgel\u00f6st<\/a>. Die Kooperationsvereinbarungen zwischen Apple und Jony Ives LoveFrom nicht mehr verl\u00e4ngert. Entsprechend hat Ive mehr Zeit f\u00fcr eigene Projekte, wie etwa <a href=\"https:\/\/youtu.be\/bSrdulwcLjY?t=22\">die rote Clownsnase<\/a> f\u00fcr die britische Hilfsorganisation Comic Relief.<\/p>\n<p><a href=\"https:\/\/images.ifun.de\/wp-content\/uploads\/2023\/05\/lovefrom-serif.jpg\"><img loading=\"lazy\" decoding=\"async\" class=\"aligncenter size-large wp-image-209509\" src=\"https:\/\/images.ifun.de\/wp-content\/uploads\/2023\/05\/lovefrom-serif-700x467.jpg\" alt=\"Lovefrom Serif\" width=\"700\" height=\"467\" srcset=\"https:\/\/images.ifun.de\/wp-content\/uploads\/2023\/05\/lovefrom-serif-700x467.jpg 700w, https:\/\/images.ifun.de\/wp-content\/uploads\/2023\/05\/lovefrom-serif-500x333.jpg 500w, https:\/\/images.ifun.de\/wp-content\/uploads\/2023\/05\/lovefrom-serif-768x512.jpg 768w, https:\/\/images.ifun.de\/wp-content\/uploads\/2023\/05\/lovefrom-serif-1536x1024.jpg 1536w, https:\/\/images.ifun.de\/wp-content\/uploads\/2023\/05\/lovefrom-serif-2048x1366.jpg 2048w\" sizes=\"auto, (max-width: 700px) 100vw, 700px\" \/><\/a><\/p>\n<p>Jetzt liegt das erste echte Produkt der von Ive gegr\u00fcndeten Design-Agentur vor: Die Schriftart &#8222;LoveFrom, Serif&#8220;, eine Neuinterpretation des Baskerville-Fonts. Die Schriftart soll am 27. Juni im Rahmen einer Veranstaltung der San Francisco Public Library erstmals \u00f6ffentlich pr\u00e4sentiert werden. Vorab haben die US-Magazine Wallpaper und Fast Company jedoch schon einen Blick auf &#8222;LoveFrom, Serif&#8220; geworfen und sich mit Ive und seinem Team \u00fcber die Entstehungsgeschichte unterhalten:<\/p>\n<ul>\n<li><strong>Fast Company:<\/strong> <a href=\"https:\/\/www.fastcompany.com\/90888571\/\">Jony Ive spent the past 4 years perfecting his typeface<\/a><\/li>\n<li><strong>Wallpaper:<\/strong> <a href=\"https:\/\/www.wallpaper.com\/design-interiors\/corporate-design-branding\/king-charles-coronation-emblem-lovefrom\">LoveFrom, Serif: a modern interpretation of Baskerville<\/a><\/li>\n<\/ul>\n<p><img loading=\"lazy\" decoding=\"async\" src=\"https:\/\/vg08.met.vgwort.de\/na\/9cc01bcbae9c46a1a5e870ef0b5c5a32\" width=\"1\" height=\"1\" no-lazy class=\"tracking\"><\/p>\n","protected":false},"excerpt":{"rendered":"<a href=\"https:\/\/www.ifun.de\/lovefrom-serif-die-neue-schriftart-von-jony-ive-209508\/\"><img width=\"150\" height=\"150\" src=\"https:\/\/images.ifun.de\/wp-content\/uploads\/2023\/05\/lovefrom-serif-feature-150x150.jpg\" class=\"alignright tfe wp-post-image\" alt=\"Lovefrom Serif Feature\" decoding=\"async\" loading=\"lazy\" \/><\/a><p>Das Ausscheiden des Ausnahme-Designers Jony Ives (eigentlich Sir Jonathan Paul Ive) aus der F\u00fchrungsriege Apples im Sommer 2019 war von langer Hand vorbereitet und wurde damals generalstabsm\u00e4\u00dfig inszeniert. Apple, so die Sprachregelung des Konzerns, w\u00fcrde Jony Ive nicht etwa verlieren, lediglich die Strukturen der Zusammenarbeit mit Apple w\u00fcrden sich ver\u00e4ndern. So meldete Apple am 27. [&hellip;]<\/p>\n","protected":false},"author":1,"featured_media":209510,"comment_status":"open","ping_status":"closed","sticky":false,"template":"","format":"standard","meta":{"_acf_changed":false,"footnotes":""},"categories":[1,1783],"tags":[250,2024,2255,2582],"class_list":["post-209508","post","type-post","status-publish","format-standard","has-post-thumbnail","hentry","category-news","category-feature","tag-design","tag-font","tag-jony-ive","tag-schriftart"],"acf":[],"aioseo_notices":[],"featured_image":["https:\/\/images.ifun.de\/wp-content\/uploads\/2023\/05\/lovefrom-serif-feature.jpg"],"subheadline":["Apple-Partnerschaft endete im Sommer 2022"],"rest_api_enabler":{"featured_image":"https:\/\/images.ifun.de\/wp-content\/uploads\/2023\/05\/lovefrom-serif-feature.jpg","subheadline":"Apple-Partnerschaft endete im Sommer 2022"},"_links":{"self":[{"href":"https:\/\/www.ifun.de\/apiv2\/wp\/v2\/posts\/209508","targetHints":{"allow":["GET"]}}],"collection":[{"href":"https:\/\/www.ifun.de\/apiv2\/wp\/v2\/posts"}],"about":[{"href":"https:\/\/www.ifun.de\/apiv2\/wp\/v2\/types\/post"}],"author":[{"embeddable":true,"href":"https:\/\/www.ifun.de\/apiv2\/wp\/v2\/users\/1"}],"replies":[{"embeddable":true,"href":"https:\/\/www.ifun.de\/apiv2\/wp\/v2\/comments?post=209508"}],"version-history":[{"count":1,"href":"https:\/\/www.ifun.de\/apiv2\/wp\/v2\/posts\/209508\/revisions"}],"predecessor-version":[{"id":209511,"href":"https:\/\/www.ifun.de\/apiv2\/wp\/v2\/posts\/209508\/revisions\/209511"}],"wp:featuredmedia":[{"embeddable":true,"href":"https:\/\/www.ifun.de\/apiv2\/wp\/v2\/media\/209510"}],"wp:attachment":[{"href":"https:\/\/www.ifun.de\/apiv2\/wp\/v2\/media?parent=209508"}],"wp:term":[{"taxonomy":"category","embeddable":true,"href":"https:\/\/www.ifun.de\/apiv2\/wp\/v2\/categories?post=209508"},{"taxonomy":"post_tag","embeddable":true,"href":"https:\/\/www.ifun.de\/apiv2\/wp\/v2\/tags?post=209508"}],"curies":[{"name":"wp","href":"https:\/\/api.w.org\/{rel}","templated":true}]}}