{"id":209392,"date":"2023-05-09T10:52:54","date_gmt":"2023-05-09T08:52:54","guid":{"rendered":"https:\/\/www.ifun.de\/?p=209392"},"modified":"2023-05-09T11:07:37","modified_gmt":"2023-05-09T09:07:37","slug":"vanmoof-s4-und-x4-leistungsmaessig-abgespeckt-dafuer-deutlich-guenstiger","status":"publish","type":"post","link":"https:\/\/www.ifun.de\/vanmoof-s4-und-x4-leistungsmaessig-abgespeckt-dafuer-deutlich-guenstiger-209392\/","title":{"rendered":"VanMoof S4 und X4: Leistungsm\u00e4\u00dfig abgespeckt aber deutlich g\u00fcnstiger"},"content":{"rendered":"<p><a href=\"https:\/\/www.vanmoof.com\/de-DE\">VanMoof<\/a> startet heute mit dem Verkauf der E-Bike-Modelle S4 und X4. Der Anbieter pr\u00e4sentiert die neuen Fahrr\u00e4der als Antwort auf die Bed\u00fcrfnisse einer neuen Gruppe von E-Bike-Nutzern, sich zwar die grundlegenden Vorteile und Innovationen seiner Fahrr\u00e4der w\u00fcnschen, allerdings einen einfacheren und nicht zuletzt wohl auch g\u00fcnstigeren Zugang zu der Marke suchen.<\/p>\n<p>Die beiden neuen E-Bike-Modelle gehen mit einem Verkaufspreis von 2.198 Euro dann auch f\u00fcr satte 1.300 Euro weniger in den Verkauf, als man f\u00fcr die derzeitigen Top-Modelle von Van Moof, S5 und A5 rechnen muss. Angesichts dessen wird es niemand \u00fcberraschend, wenn man mit dem g\u00fcnstigeren Preis verbunden eine Reihe von Abstrichen bei der technischen Ausstattung machen muss. Beispielsweise muss der Antrieb der neuen Modelle mit einem maximalen Drehmoment von 59 statt 68 Newtonmetern und einer Zwei-Gang-Schaltung auskommen. Zudem fallen die bei den teureren Modellen integrierten \u201eHalo-Ringe\u201c weg, die dem Fahrer in Echtzeit Feedback zu Geschwindigkeit, Batteriestand und dergleichen geben. <\/p>\n<p><a href=\"https:\/\/images.ifun.de\/wp-content\/uploads\/2023\/05\/480810-Vanmoof_ProductStills_X4_SimpleFull_16x9_YELLOW-80fbae-original-1683188084.jpg\"><img loading=\"lazy\" decoding=\"async\" src=\"https:\/\/images.ifun.de\/wp-content\/uploads\/2023\/05\/480810-Vanmoof_ProductStills_X4_SimpleFull_16x9_YELLOW-80fbae-original-1683188084-700x420.jpg\" alt=\"480810 Vanmoof ProductStills X4 SimpleFull 16x9 YELLOW 80fbae Original 1683188084\" width=\"700\" height=\"420\" class=\"alignnone size-large wp-image-209395\" srcset=\"https:\/\/images.ifun.de\/wp-content\/uploads\/2023\/05\/480810-Vanmoof_ProductStills_X4_SimpleFull_16x9_YELLOW-80fbae-original-1683188084-700x420.jpg 700w, https:\/\/images.ifun.de\/wp-content\/uploads\/2023\/05\/480810-Vanmoof_ProductStills_X4_SimpleFull_16x9_YELLOW-80fbae-original-1683188084-500x300.jpg 500w, https:\/\/images.ifun.de\/wp-content\/uploads\/2023\/05\/480810-Vanmoof_ProductStills_X4_SimpleFull_16x9_YELLOW-80fbae-original-1683188084-768x461.jpg 768w, https:\/\/images.ifun.de\/wp-content\/uploads\/2023\/05\/480810-Vanmoof_ProductStills_X4_SimpleFull_16x9_YELLOW-80fbae-original-1683188084.jpg 1400w\" sizes=\"auto, (max-width: 700px) 100vw, 700px\" \/><\/a><\/p>\n<h2>Apples &#8222;Wo ist?&#8220; wird nicht mehr unterst\u00fctzt<\/h2>\n<p>Auch auf die bei denn anderen VanMoof-Fahrr\u00e4dern standardm\u00e4\u00dfig m\u00f6gliche Einbindung in Apples \u201eWo ist?\u201c-Netzwerk m\u00fcssen K\u00e4ufer der neuen VanMoof-Modelle verzichten. Dies l\u00e4sst sich allerdings vergleichsweise einfach und g\u00fcnstig auch mit einem versteckten AirTag nachr\u00fcsten. Als Diebstahlschutz ist auch bei den neuen VanMoof-Modellen standardm\u00e4\u00dfig die herstellereigene Schutzvorrichtung inklusive Bewegungsalarm, der M\u00f6glichkeit zur GSM-Ortung und Sperrung aus der Ferne inklusive. Die Fahrr\u00e4der kommen zudem weiterhin standardm\u00e4\u00dfig mit einer Smartphone-Halterung f\u00fcr die Bedienung und Navigation mithilfe der App des Herstellers.<\/p>\n<p><a href=\"https:\/\/images.ifun.de\/wp-content\/uploads\/2023\/05\/vanmoof-s4-features.jpg\"><img loading=\"lazy\" decoding=\"async\" src=\"https:\/\/images.ifun.de\/wp-content\/uploads\/2023\/05\/vanmoof-s4-features-700x370.jpg\" alt=\"Vanmoof S4 Features\" width=\"700\" height=\"370\" class=\"alignnone size-large wp-image-209397\" srcset=\"https:\/\/images.ifun.de\/wp-content\/uploads\/2023\/05\/vanmoof-s4-features-700x370.jpg 700w, https:\/\/images.ifun.de\/wp-content\/uploads\/2023\/05\/vanmoof-s4-features-500x264.jpg 500w, https:\/\/images.ifun.de\/wp-content\/uploads\/2023\/05\/vanmoof-s4-features-768x406.jpg 768w, https:\/\/images.ifun.de\/wp-content\/uploads\/2023\/05\/vanmoof-s4-features.jpg 1400w\" sizes=\"auto, (max-width: 700px) 100vw, 700px\" \/><\/a><\/p>\n<p>VanMoof gibt die Reichweite des integrierten Akkus mit bis zu 150 Kilometern an. Der Akku treibt mit seiner Kapazit\u00e4t von 478 Wattstunden einen Vorderradnabenmotor mit 250 Watt Leistung an und l\u00e4sst sich innerhalb von viereinhalb Stunden vollst\u00e4ndig oder in anderthalb Stunden zur H\u00e4lfte laden.<\/p>\n<h2>In Deutschland erstmal nur in Dunkelgr\u00fcn<\/h2>\n<p>Die neuen Fahrr\u00e4der von VanMoof stechen besonders auch aufgrund ihrer ausgefallenen Farboptionen ins Auge. In der EU wird zum Start allerdings nur das eher dezente Evergreen erh\u00e4ltlich sein. Die weiteren Varianten sollen dann mit Purple Fog ab Ende Mai, Sunbeam Yellow ab Ende Juni und Foam Green ab Ende Juli folgen. Mit Blick auf ihre Ausstattung unterscheiden sich die Modelle S4 und X4 nicht von einander, die unterschiedlichen Buchstaben stehen jeweils nur f\u00fcr die verschiedenen Rahmenformen f\u00fcr gr\u00f6\u00dfere oder kleinere Fahrer.<img loading=\"lazy\" decoding=\"async\" src=\"https:\/\/vg07.met.vgwort.de\/na\/5ea74e7474b34f8b93f2494c9c35dac6\" width=\"1\" height=\"1\" no-lazy class=\"tracking\"><\/p>\n<p><a href=\"https:\/\/images.ifun.de\/wp-content\/uploads\/2023\/05\/vanmoof-farben.jpg\"><img loading=\"lazy\" decoding=\"async\" src=\"https:\/\/images.ifun.de\/wp-content\/uploads\/2023\/05\/vanmoof-farben-700x456.jpg\" alt=\"Vanmoof Farben\" width=\"700\" height=\"456\" class=\"alignnone size-large wp-image-209410\" srcset=\"https:\/\/images.ifun.de\/wp-content\/uploads\/2023\/05\/vanmoof-farben-700x456.jpg 700w, https:\/\/images.ifun.de\/wp-content\/uploads\/2023\/05\/vanmoof-farben-500x326.jpg 500w, https:\/\/images.ifun.de\/wp-content\/uploads\/2023\/05\/vanmoof-farben-768x500.jpg 768w, https:\/\/images.ifun.de\/wp-content\/uploads\/2023\/05\/vanmoof-farben.jpg 1400w\" sizes=\"auto, (max-width: 700px) 100vw, 700px\" \/><\/a><\/p>\n","protected":false},"excerpt":{"rendered":"<a href=\"https:\/\/www.ifun.de\/vanmoof-s4-und-x4-leistungsmaessig-abgespeckt-dafuer-deutlich-guenstiger-209392\/\"><img width=\"150\" height=\"150\" src=\"https:\/\/images.ifun.de\/wp-content\/uploads\/2023\/05\/vanmoof-s4-features-150x150.jpg\" class=\"alignright tfe wp-post-image\" alt=\"Vanmoof S4 Features\" decoding=\"async\" loading=\"lazy\" \/><\/a><p>VanMoof startet heute mit dem Verkauf der E-Bike-Modelle S4 und X4. Der Anbieter pr\u00e4sentiert die neuen Fahrr\u00e4der als Antwort auf die Bed\u00fcrfnisse einer neuen Gruppe von E-Bike-Nutzern, sich zwar die grundlegenden Vorteile und Innovationen seiner Fahrr\u00e4der w\u00fcnschen, allerdings einen einfacheren und nicht zuletzt wohl auch g\u00fcnstigeren Zugang zu der Marke suchen. Die beiden neuen E-Bike-Modelle [&hellip;]<\/p>\n","protected":false},"author":2,"featured_media":209397,"comment_status":"open","ping_status":"closed","sticky":false,"template":"","format":"standard","meta":{"_acf_changed":false,"footnotes":""},"categories":[1],"tags":[5641,6139],"class_list":["post-209392","post","type-post","status-publish","format-standard","has-post-thumbnail","hentry","category-news","tag-e-bike","tag-vanmoof"],"acf":[],"aioseo_notices":[],"subheadline":["Neue E-Bike-Modelle starten"],"featured_image":["https:\/\/images.ifun.de\/wp-content\/uploads\/2023\/05\/vanmoof-s4-feature.jpg"],"rest_api_enabler":{"subheadline":"Neue E-Bike-Modelle starten","featured_image":"https:\/\/images.ifun.de\/wp-content\/uploads\/2023\/05\/vanmoof-s4-feature.jpg"},"_links":{"self":[{"href":"https:\/\/www.ifun.de\/apiv2\/wp\/v2\/posts\/209392","targetHints":{"allow":["GET"]}}],"collection":[{"href":"https:\/\/www.ifun.de\/apiv2\/wp\/v2\/posts"}],"about":[{"href":"https:\/\/www.ifun.de\/apiv2\/wp\/v2\/types\/post"}],"author":[{"embeddable":true,"href":"https:\/\/www.ifun.de\/apiv2\/wp\/v2\/users\/2"}],"replies":[{"embeddable":true,"href":"https:\/\/www.ifun.de\/apiv2\/wp\/v2\/comments?post=209392"}],"version-history":[{"count":11,"href":"https:\/\/www.ifun.de\/apiv2\/wp\/v2\/posts\/209392\/revisions"}],"predecessor-version":[{"id":209414,"href":"https:\/\/www.ifun.de\/apiv2\/wp\/v2\/posts\/209392\/revisions\/209414"}],"wp:featuredmedia":[{"embeddable":true,"href":"https:\/\/www.ifun.de\/apiv2\/wp\/v2\/media\/209397"}],"wp:attachment":[{"href":"https:\/\/www.ifun.de\/apiv2\/wp\/v2\/media?parent=209392"}],"wp:term":[{"taxonomy":"category","embeddable":true,"href":"https:\/\/www.ifun.de\/apiv2\/wp\/v2\/categories?post=209392"},{"taxonomy":"post_tag","embeddable":true,"href":"https:\/\/www.ifun.de\/apiv2\/wp\/v2\/tags?post=209392"}],"curies":[{"name":"wp","href":"https:\/\/api.w.org\/{rel}","templated":true}]}}