{"id":209166,"date":"2023-05-04T18:21:42","date_gmt":"2023-05-04T16:21:42","guid":{"rendered":"https:\/\/www.ifun.de\/?p=209166"},"modified":"2023-05-11T08:51:14","modified_gmt":"2023-05-11T06:51:14","slug":"vodafone-preiserhoehung-verbraucherschuetzer-suchen-material-fuer-sammelklage","status":"publish","type":"post","link":"https:\/\/www.ifun.de\/vodafone-preiserhoehung-verbraucherschuetzer-suchen-material-fuer-sammelklage-209166\/","title":{"rendered":"Vodafone-Preiserh\u00f6hung: Verbraucherzentrale erw\u00e4gt Sammelklage"},"content":{"rendered":"<p>Vodafone hat zum 1. Mai bei Bestandskunden die Preise f\u00fcr Internetanschl\u00fcsse erh\u00f6ht. Wir haben bereits Anfang M\u00e4rz <a href=\"https:\/\/www.ifun.de\/vodafone-mit-preiserhoehung-fuer-festnetz-bestandskunden-205614\/\">\u00fcber dieses Thema berichtet<\/a>, als die ersten Vodafone-Kunden entsprechende Ank\u00fcndigungen erhalten haben. Die Verbraucherzentrale hat das Vorgehen von Vodafone kritisiert und erw\u00e4gt nun eine Sammelklage gegen den Anbieter.<\/p>\n<p>Nach Meinung der Verbrauchersch\u00fctzer sind die Preiserh\u00f6hungen von Vodafone gegen\u00fcber Bestandskunden rechtswidrig. Daher sucht die Verbraucherzentrale nun betroffene Nutzer, um eine Sammelklage gegen Vodafone einzuleiten.<\/p>\n<h2>Gut dokumentierte F\u00e4lle gesucht<\/h2>\n<p>Wichtig ist in diesem Zusammenhang, dass die F\u00e4lle gut dokumentiert und damit zusammenh\u00e4ngende Unterlagen wie die Preis\u00e4nderungsmitteilung, die Vertragsbest\u00e4tigung, die letzten Rechnungen und dergleichen vorliegen und zur Verf\u00fcgung gestellt werden k\u00f6nnen. Die Unterlagen werden entsprechend vertraulich behandelt.<\/p>\n<p><a href=\"https:\/\/images.ifun.de\/wp-content\/uploads\/2023\/03\/vodafone-mail.jpg\"><img loading=\"lazy\" decoding=\"async\" src=\"https:\/\/images.ifun.de\/wp-content\/uploads\/2023\/03\/vodafone-mail-700x241.jpg\" alt=\"Vodafone Mail\" width=\"700\" height=\"241\" class=\"alignnone size-large wp-image-205616\" srcset=\"https:\/\/images.ifun.de\/wp-content\/uploads\/2023\/03\/vodafone-mail-700x241.jpg 700w, https:\/\/images.ifun.de\/wp-content\/uploads\/2023\/03\/vodafone-mail-500x172.jpg 500w, https:\/\/images.ifun.de\/wp-content\/uploads\/2023\/03\/vodafone-mail-768x264.jpg 768w, https:\/\/images.ifun.de\/wp-content\/uploads\/2023\/03\/vodafone-mail.jpg 1400w\" sizes=\"auto, (max-width: 700px) 100vw, 700px\" \/><\/a><\/p>\n<h6>Das Vodafone-Schreiben aus dem M\u00e4rz<\/h6>\n<p>Wer an der Aktion teilnehmen und seinen Fall gegen\u00fcber der Verbraucherzentrale schildern will, <a href=\"https:\/\/www.musterfeststellungsklagen.de\/vodafone\">findet hier alle weiteren Informationen<\/a>. Mit der Sammelklage soll erreicht werden, dass die betroffenen Nutzer weiterhin die urspr\u00fcnglich vereinbarten Preise bezahlen und zu viel geleistete Geb\u00fchren zur\u00fcckerstattet bekommen.<\/p>\n<h2>Nur bedingt \u201edauerhaft g\u00fcnstig\u201c<\/h2>\n<p>Vodafone hatte die von der Preiserh\u00f6hung betroffenen Tarife urspr\u00fcnglich mit dem Zusatz \u201edauerhaft g\u00fcnstig\u201c beworben, was sich mit Blick auf die Preiserh\u00f6hung allerdings als zweifelhaftes Versprechen erwiesen hat. Der Anbieter hat die Kosten bei den betroffenen Bestandskunden um glatte 5 Euro pro Monat erh\u00f6ht. Als Begr\u00fcndung hat das Unternehmen die allgemeine Kostenentwicklung angef\u00fchrt: Die Erh\u00f6hung der Energiepreise stelle den Betrieb der hauseigenen Netze vor gro\u00dfe Herausforderungen und somit sei es n\u00f6tig, die Preise entsprechend anzupassen. Man wolle die Auswirkungen auf die Kunden allerdings so gering wie m\u00f6glich halten.<\/p>\n<p>Die Preiserh\u00f6hung des Anbieters hat in jedem Fall auch ein Sonderk\u00fcndigungsrecht f\u00fcr die betroffenen Kunden zur Folge. Vodafone hat in seinen Anschreiben darauf hingewiesen, dass man hierf\u00fcr drei Monate ab Erhalt der Preis\u00e4nderungsmitteilung Zeit habe.<img loading=\"lazy\" decoding=\"async\" src=\"https:\/\/vg07.met.vgwort.de\/na\/13935bae497c470d88b26ddeba62edec\" width=\"1\" height=\"1\" no-lazy class=\"tracking\"><\/p>\n","protected":false},"excerpt":{"rendered":"<a href=\"https:\/\/www.ifun.de\/vodafone-preiserhoehung-verbraucherschuetzer-suchen-material-fuer-sammelklage-209166\/\"><img decoding=\"async\" width=\"150\" src=\"https:\/\/images.ifun.de\/wp-content\/uploads\/2023\/03\/vodafone-mail-700x241.jpg\" class=\"alignright wp-post-image tfe\" alt=\"Vodafone Mail\" title=\"\" \/><\/a><p>Vodafone hat zum 1. Mai bei Bestandskunden die Preise f\u00fcr Internetanschl\u00fcsse erh\u00f6ht. Wir haben bereits Anfang M\u00e4rz \u00fcber dieses Thema berichtet, als die ersten Vodafone-Kunden entsprechende Ank\u00fcndigungen erhalten haben. Die Verbraucherzentrale hat das Vorgehen von Vodafone kritisiert und erw\u00e4gt nun eine Sammelklage gegen den Anbieter. Nach Meinung der Verbrauchersch\u00fctzer sind die Preiserh\u00f6hungen von Vodafone gegen\u00fcber [&hellip;]<\/p>\n","protected":false},"author":2,"featured_media":0,"comment_status":"open","ping_status":"closed","sticky":false,"template":"","format":"standard","meta":{"_acf_changed":false,"footnotes":""},"categories":[1,1783],"tags":[1526,2583,541],"class_list":["post-209166","post","type-post","status-publish","format-standard","hentry","category-news","category-feature","tag-preiserhohung","tag-verbraucherschutz","tag-vodafone"],"acf":[],"aioseo_notices":[],"subheadline":["Betroffene sollen sich melden"],"featured_image":["https:\/\/images.ifun.de\/wp-content\/uploads\/2015\/12\/vodafone-header.jpg"],"rest_api_enabler":{"subheadline":"Betroffene sollen sich melden","featured_image":"https:\/\/images.ifun.de\/wp-content\/uploads\/2015\/12\/vodafone-header.jpg"},"_links":{"self":[{"href":"https:\/\/www.ifun.de\/apiv2\/wp\/v2\/posts\/209166","targetHints":{"allow":["GET"]}}],"collection":[{"href":"https:\/\/www.ifun.de\/apiv2\/wp\/v2\/posts"}],"about":[{"href":"https:\/\/www.ifun.de\/apiv2\/wp\/v2\/types\/post"}],"author":[{"embeddable":true,"href":"https:\/\/www.ifun.de\/apiv2\/wp\/v2\/users\/2"}],"replies":[{"embeddable":true,"href":"https:\/\/www.ifun.de\/apiv2\/wp\/v2\/comments?post=209166"}],"version-history":[{"count":11,"href":"https:\/\/www.ifun.de\/apiv2\/wp\/v2\/posts\/209166\/revisions"}],"predecessor-version":[{"id":209184,"href":"https:\/\/www.ifun.de\/apiv2\/wp\/v2\/posts\/209166\/revisions\/209184"}],"wp:attachment":[{"href":"https:\/\/www.ifun.de\/apiv2\/wp\/v2\/media?parent=209166"}],"wp:term":[{"taxonomy":"category","embeddable":true,"href":"https:\/\/www.ifun.de\/apiv2\/wp\/v2\/categories?post=209166"},{"taxonomy":"post_tag","embeddable":true,"href":"https:\/\/www.ifun.de\/apiv2\/wp\/v2\/tags?post=209166"}],"curies":[{"name":"wp","href":"https:\/\/api.w.org\/{rel}","templated":true}]}}