{"id":208692,"date":"2023-04-26T14:55:59","date_gmt":"2023-04-26T12:55:59","guid":{"rendered":"https:\/\/www.ifun.de\/?p=208692"},"modified":"2023-04-26T17:50:27","modified_gmt":"2023-04-26T15:50:27","slug":"amazon-prime-video-die-neuzugaenge-im-mai-2023","status":"publish","type":"post","link":"https:\/\/www.ifun.de\/amazon-prime-video-die-neuzugaenge-im-mai-2023-208692\/","title":{"rendered":"Amazon Prime Video: Die Neuzug\u00e4nge im Mai 2023"},"content":{"rendered":"<p>Amazons Videoabteilung hat uns heute die Highlights und Neuerscheinungen im kommenden Monat durchgereicht und bewirbt mit der deutschen Produktion &#8222;Hohlbeins &#8211; Der Greif&#8220; vor allem den Start der schon l\u00e4nger erwarteten High-End-Fantasy-Serie.<\/p>\n<p><a href=\"https:\/\/images.ifun.de\/wp-content\/uploads\/2023\/04\/Greif-Key-Art.png\"><img loading=\"lazy\" decoding=\"async\" class=\"aligncenter size-medium wp-image-208301\" src=\"https:\/\/images.ifun.de\/wp-content\/uploads\/2023\/04\/Greif-Key-Art-500x280.png\" alt=\"Greif Key Art\" width=\"500\" height=\"280\" srcset=\"https:\/\/images.ifun.de\/wp-content\/uploads\/2023\/04\/Greif-Key-Art-500x280.png 500w, https:\/\/images.ifun.de\/wp-content\/uploads\/2023\/04\/Greif-Key-Art-700x392.png 700w, https:\/\/images.ifun.de\/wp-content\/uploads\/2023\/04\/Greif-Key-Art-768x430.png 768w, https:\/\/images.ifun.de\/wp-content\/uploads\/2023\/04\/Greif-Key-Art.png 1223w\" sizes=\"auto, (max-width: 500px) 100vw, 500px\" \/><\/a><\/p>\n<p>Zudem k\u00f6nnen sich Nutzer von Prime Video im Mai auf &#8222;The Ferragnez: Die Serie&#8220; und damit auf tiefe Einblicke in das Leben von zwei italienischen Mode-Influencern freuen sowie den britischen Fernsehmoderator James May in der zweiten Staffel der gastronomischen Erlebnisreise &#8222;James May: Oh Cook!&#8220; begleiten. Anbei die offiziellen Teaser-Texte, unten dann die chronologische Liste.<\/p>\n<h2>Hohlbeins &#8211; Der Greif ab 26. Mai<\/h2>\n<blockquote><p>Krefelden 1994. Die drei Au\u00dfenseiter:innen Mark (Jeremias Meyer), Memo (Zoran Pingel) und Becky (Lea Drinda) entdecken eine phantastische Welt, genannt Der Schwarze Turm. Dort unterjocht der Greif, ein weltenverschlingendes Monster alle Lebewesen gnadenlos. Mark findet heraus, dass er der Einzige ist, der den Greif besiegen kann. Aber er ist kein Held und will auch keiner sein. Er hat genug mit der Schule, seinen Wutausbru\u0308chen und seiner ersten gro\u00dfen Liebe zu tun. Ein Kampf gegen Monster kommt fu\u0308r ihn u\u0308berhaupt nicht in Frage. Doch als Marks Bruder Thomas (Theo Trebs) verschwindet, mu\u0308ssen die Freunde in die Welt des Schwarzen Turms aufbrechen und sich der Gefahr stellen.<\/p><\/blockquote>\n<p><div class=\"responsive-video\"><iframe loading=\"lazy\" title=\"Gemeinsam gegen den Greif | DER GREIF | Teaser\" width=\"500\" height=\"281\" src=\"https:\/\/www.youtube-nocookie.com\/embed\/DtnPdLkZ54U?feature=oembed\" frameborder=\"0\" allow=\"accelerometer; autoplay; clipboard-write; encrypted-media; gyroscope; picture-in-picture; web-share\" referrerpolicy=\"strict-origin-when-cross-origin\" allowfullscreen><\/iframe><\/div><\/p>\n<h2>The Ferragnez &#8211; Die Serie ab 18. Mai<\/h2>\n<blockquote><p>Die Ferragnez sind das ber\u00fchmteste junge Paar Italiens und k\u00f6nnen Millionen Follower:innen verbuchen. Chiara Ferragni ist digitale Unternehmerin, Mode-Ikone mit mehr als 29 Millionen Follower:innen auf Instagram und wurde von Forbes auf Platz 1 der &#8222;Most Powerful Influencers in Fashion&#8220;-Liste gesetzt. Ihr Mann Fedez ist Unternehmer und K\u00fcnstler. Mit seiner Musik konnte er bereits mehr als 86 Platinplatten gewinnen.<\/p>\n<p>Die zweite Staffel von The Ferragnez \u2013 Die Serie soll den Zuschauer:innen einen Einblick in das Berufs- und Privatleben der italienischen Stars, sowie ihres erstgeborenen Sohnes Leone und ihres neuen Kindes Vittoria gew\u00e4hren.<\/p><\/blockquote>\n<p><a href=\"https:\/\/images.ifun.de\/wp-content\/uploads\/2023\/04\/FRRZ_S2_KeyArt_PRE_27x40_en-MULTI.jpg\"><img loading=\"lazy\" decoding=\"async\" class=\"aligncenter size-large wp-image-208694\" src=\"https:\/\/images.ifun.de\/wp-content\/uploads\/2023\/04\/FRRZ_S2_KeyArt_PRE_27x40_en-MULTI-700x538.jpg\" alt=\"FRRZ S2 KeyArt PRE 27x40 En MULTI\" width=\"700\" height=\"538\" srcset=\"https:\/\/images.ifun.de\/wp-content\/uploads\/2023\/04\/FRRZ_S2_KeyArt_PRE_27x40_en-MULTI-700x538.jpg 700w, https:\/\/images.ifun.de\/wp-content\/uploads\/2023\/04\/FRRZ_S2_KeyArt_PRE_27x40_en-MULTI-500x384.jpg 500w, https:\/\/images.ifun.de\/wp-content\/uploads\/2023\/04\/FRRZ_S2_KeyArt_PRE_27x40_en-MULTI-768x590.jpg 768w, https:\/\/images.ifun.de\/wp-content\/uploads\/2023\/04\/FRRZ_S2_KeyArt_PRE_27x40_en-MULTI-1536x1180.jpg 1536w, https:\/\/images.ifun.de\/wp-content\/uploads\/2023\/04\/FRRZ_S2_KeyArt_PRE_27x40_en-MULTI.jpg 1944w\" sizes=\"auto, (max-width: 700px) 100vw, 700px\" \/><\/a><\/p>\n<h2>James May: Oh Cook! S2 ab 24. Mai<\/h2>\n<blockquote><p>James May beweist einmal mehr, dass man kein Gastronom sein muss, um k\u00f6stliches Essen zuzubereiten. Die zweite Staffel folgt Mays Reise, auf der er versucht, vom Amateur zum f\u00e4higen Koch zu werden, w\u00e4hrend er die k\u00f6stlichsten Gerichte der Welt kennen- und die Tricks beherrschen lernt. Daf\u00fcr nutzt er Zutaten, die man in jedem Laden kaufen kann, und zeigt wie es auch ohne die \u00fcblichen Tricks im Fernsehkochformat gelingt.<\/p><\/blockquote>\n<p><div class=\"responsive-video\"><iframe loading=\"lazy\" title=\"James May: Oh Cook | Teaser Trailer | Prime Video\" width=\"500\" height=\"281\" src=\"https:\/\/www.youtube-nocookie.com\/embed\/_eWii2LE4GE?feature=oembed\" frameborder=\"0\" allow=\"accelerometer; autoplay; clipboard-write; encrypted-media; gyroscope; picture-in-picture; web-share\" referrerpolicy=\"strict-origin-when-cross-origin\" allowfullscreen><\/iframe><\/div><\/p>\n<h3>Neue Serien und Staffeln auf Prime Video:<\/h3>\n<ul>\n<li><strong>LEGO Dreamzzz<\/strong><br \/>\nVerf\u00fcgbar ab 15.05.2023<\/li>\n<li><strong><a href=\"https:\/\/www.imdb.com\/title\/tt15459278\/\">The Ferragnez<\/a> S2<\/strong><br \/>\nExklusiv verf\u00fcgbar ab 18.05.2023<\/li>\n<li><strong><a href=\"https:\/\/www.imdb.com\/title\/tt9845070\/\">Last Light<\/a> S1<\/strong><br \/>\nverf\u00fcgbar ab 19.05.2023<\/li>\n<li><a rel=\"noindex, nofollow\" href=\"http:\/\/www.ifun.de\/amzn\/B0B6QHCKRM\"><strong>Hohlbeins &#8211; Der Greif<\/strong><\/a><br \/>\nVerf\u00fcgbar ab 24.05.2023<\/li>\n<li><strong><a href=\"https:\/\/www.imdb.com\/title\/tt12546678\/?ref_=nv_sr_srsg_0_tt_2_nm_2_q_James%20May%3A%20Oh%20Cook\">James May: Oh Cook<\/a> S2<\/strong><br \/>\nExklusiv verf\u00fcgbar ab 24.05.2023<\/li>\n<\/ul>\n<h3>Neue Filme auf Prime Video:<\/h3>\n<ul>\n<li><a href=\"https:\/\/www.imdb.com\/title\/tt1343092\/\"><strong>The Great Gatsby<\/strong><\/a><br \/>\nVerf\u00fcgbar ab 03.05.2023<\/li>\n<li><a href=\"https:\/\/www.imdb.com\/title\/tt9410034\/\"><strong>Der Engl\u00e4nder der aus dem Bus stieg und bis ans Ende der Welt fuhr<\/strong><\/a><br \/>\nVerf\u00fcgbar ab 03.05.2023<\/li>\n<li><a href=\"https:\/\/www.imdb.com\/title\/tt0768212\/\"><strong>Mimzy: Meine Freundin aus der Zukunft<\/strong><\/a><br \/>\nVerf\u00fcgbar ab 04.05.2023<\/li>\n<li><a href=\"https:\/\/www.imdb.com\/title\/tt2294189\/\"><strong>The Fall: Tod in Belfast<\/strong><\/a><br \/>\nVerf\u00fcgbar ab 05.05.2023<\/li>\n<li><a href=\"https:\/\/www.imdb.com\/title\/tt10084688\/\"><strong>Auerhaus<\/strong><\/a><br \/>\nVerf\u00fcgbar ab 06.05.2023<\/li>\n<li><a href=\"https:\/\/www.imdb.com\/title\/tt14549466\/\"><strong>Crimes Of The Future<\/strong><\/a><br \/>\nVerf\u00fcgbar ab 10.05.2023<\/li>\n<li><a href=\"https:\/\/www.imdb.com\/title\/tt3774114\/\"><strong>Snowden<\/strong><\/a><br \/>\nVerf\u00fcgbar ab 11.05.2023<\/li>\n<li><a href=\"https:\/\/www.imdb.com\/title\/tt7322224\/\"><strong>Triangle Of Sadness<\/strong><\/a><br \/>\nVerf\u00fcgbar ab 12.05.2023<\/li>\n<\/ul>\n<p><div class=\"responsive-video\"><iframe loading=\"lazy\" title=\"TRIANGLE OF SADNESS - Official Trailer - In Theaters October 7\" width=\"500\" height=\"281\" src=\"https:\/\/www.youtube-nocookie.com\/embed\/VDvfFIZQIuQ?feature=oembed\" frameborder=\"0\" allow=\"accelerometer; autoplay; clipboard-write; encrypted-media; gyroscope; picture-in-picture; web-share\" referrerpolicy=\"strict-origin-when-cross-origin\" allowfullscreen><\/iframe><\/div><\/p>\n<ul>\n<li><a href=\"https:\/\/www.imdb.com\/title\/tt6685596\/\"><strong>Die Biene Maja 2 &#8211; Die Honigspiele<\/strong><\/a><br \/>\nVerf\u00fcgbar ab 12.05.2023<\/li>\n<li><a href=\"https:\/\/www.imdb.com\/title\/tt0165929\/\"><strong>Romeo Must Die<\/strong><\/a><br \/>\nVerf\u00fcgbar ab 14.05.2023<\/li>\n<li><a href=\"https:\/\/www.imdb.com\/title\/tt10265034\/\"><strong>Abseits des Lebens<\/strong><\/a><br \/>\nVerf\u00fcgbar ab 15.05.2023<\/li>\n<li><a rel=\"noindex, nofollow\" href=\"http:\/\/www.ifun.de\/amzn\/B09G257F5C\"><strong>Saw: Spiral<\/strong><\/a><br \/>\nVerf\u00fcgbar ab 16.05.2023<\/li>\n<li><a rel=\"noindex, nofollow\" href=\"http:\/\/www.ifun.de\/amzn\/B0B78DWHT6\"><strong>Mein Lotta-Leben: Alles Tschaka mit Alpaka!<\/strong><\/a><br \/>\nVerf\u00fcgbar ab 18.05.2023<\/li>\n<li><a rel=\"noindex, nofollow\" href=\"http:\/\/www.ifun.de\/amzn\/B0B8SGCZ8T\"><strong>Bones And All<\/strong><\/a><br \/>\nVerf\u00fcgbar ab 19.05.2023<\/li>\n<li><a rel=\"noindex, nofollow\" href=\"http:\/\/www.ifun.de\/amzn\/B01GQYIBPY\"><strong>Keanu<\/strong><\/a><br \/>\nVerf\u00fcgbar ab 20.05.2023<\/li>\n<li><a rel=\"noindex, nofollow\" href=\"http:\/\/www.ifun.de\/amzn\/B0B8PJDLBZ\"><strong>Bibi und Tina: Einfach Anders<\/strong><\/a><br \/>\nVerf\u00fcgbar ab 22.05.2023<\/li>\n<li><a rel=\"noindex, nofollow\" href=\"http:\/\/www.ifun.de\/amzn\/B07RRR8CWX\"><strong>Abgeschnitten<\/strong><\/a><br \/>\nVerf\u00fcgbar ab 24.05.2023<\/li>\n<li><a rel=\"noindex, nofollow\" href=\"http:\/\/www.ifun.de\/amzn\/B085M479DB\"><strong>Als Hitler das rosa Kaninchen stahl<\/strong><\/a><br \/>\nVerf\u00fcgbar ab 26.05.2023<\/li>\n<li><a rel=\"noindex, nofollow\" href=\"http:\/\/www.ifun.de\/amzn\/B07B8SYFJ8\"><strong>The Disaster Artist<\/strong><\/a><br \/>\nVerf\u00fcgbar ab 26.05.2023<\/li>\n<li><a rel=\"noindex, nofollow\" href=\"http:\/\/www.ifun.de\/amzn\/B09LKZDTZJ\"><strong>Last Night In Solo<\/strong><\/a><br \/>\nVerf\u00fcgbar ab 27.05.2023<\/li>\n<li><a rel=\"noindex, nofollow\" href=\"http:\/\/www.ifun.de\/amzn\/B0B1Z117D6\"><strong>The Time Traveler&#8217;s Wife<\/strong><\/a><br \/>\nVerf\u00fcgbar ab 29.05.2023<\/li>\n<\/ul>\n","protected":false},"excerpt":{"rendered":"<a href=\"https:\/\/www.ifun.de\/amazon-prime-video-die-neuzugaenge-im-mai-2023-208692\/\"><img width=\"150\" height=\"150\" src=\"https:\/\/images.ifun.de\/wp-content\/uploads\/2023\/04\/FRRZ_S2_KeyArt_PRE_27x40_en-MULTI-150x150.jpg\" class=\"alignright tfe wp-post-image\" alt=\"FRRZ S2 KeyArt PRE 27x40 En MULTI\" decoding=\"async\" loading=\"lazy\" \/><\/a><p>Amazons Videoabteilung hat uns heute die Highlights und Neuerscheinungen im kommenden Monat durchgereicht und bewirbt mit der deutschen Produktion &#8222;Hohlbeins &#8211; Der Greif&#8220; vor allem den Start der schon l\u00e4nger erwarteten High-End-Fantasy-Serie. Zudem k\u00f6nnen sich Nutzer von Prime Video im Mai auf &#8222;The Ferragnez: Die Serie&#8220; und damit auf tiefe Einblicke in das Leben von [&hellip;]<\/p>\n","protected":false},"author":1,"featured_media":208694,"comment_status":"open","ping_status":"closed","sticky":false,"template":"","format":"standard","meta":{"_acf_changed":false,"footnotes":""},"categories":[1],"tags":[3135,60],"class_list":["post-208692","post","type-post","status-publish","format-standard","has-post-thumbnail","hentry","category-news","tag-prime-video","tag-streaming"],"acf":[],"aioseo_notices":[],"featured_image":["https:\/\/images.ifun.de\/wp-content\/uploads\/2023\/04\/prime-video-ma.jpg"],"subheadline":["26 neue Filme und Serien"],"rest_api_enabler":{"featured_image":"https:\/\/images.ifun.de\/wp-content\/uploads\/2023\/04\/prime-video-ma.jpg","subheadline":"26 neue Filme und Serien"},"_links":{"self":[{"href":"https:\/\/www.ifun.de\/apiv2\/wp\/v2\/posts\/208692","targetHints":{"allow":["GET"]}}],"collection":[{"href":"https:\/\/www.ifun.de\/apiv2\/wp\/v2\/posts"}],"about":[{"href":"https:\/\/www.ifun.de\/apiv2\/wp\/v2\/types\/post"}],"author":[{"embeddable":true,"href":"https:\/\/www.ifun.de\/apiv2\/wp\/v2\/users\/1"}],"replies":[{"embeddable":true,"href":"https:\/\/www.ifun.de\/apiv2\/wp\/v2\/comments?post=208692"}],"version-history":[{"count":6,"href":"https:\/\/www.ifun.de\/apiv2\/wp\/v2\/posts\/208692\/revisions"}],"predecessor-version":[{"id":208727,"href":"https:\/\/www.ifun.de\/apiv2\/wp\/v2\/posts\/208692\/revisions\/208727"}],"wp:featuredmedia":[{"embeddable":true,"href":"https:\/\/www.ifun.de\/apiv2\/wp\/v2\/media\/208694"}],"wp:attachment":[{"href":"https:\/\/www.ifun.de\/apiv2\/wp\/v2\/media?parent=208692"}],"wp:term":[{"taxonomy":"category","embeddable":true,"href":"https:\/\/www.ifun.de\/apiv2\/wp\/v2\/categories?post=208692"},{"taxonomy":"post_tag","embeddable":true,"href":"https:\/\/www.ifun.de\/apiv2\/wp\/v2\/tags?post=208692"}],"curies":[{"name":"wp","href":"https:\/\/api.w.org\/{rel}","templated":true}]}}