{"id":208610,"date":"2023-04-25T16:50:56","date_gmt":"2023-04-25T14:50:56","guid":{"rendered":"https:\/\/www.ifun.de\/?p=208610"},"modified":"2023-04-25T16:55:44","modified_gmt":"2023-04-25T14:55:44","slug":"the-witcher-netflix-zeigt-teaser-und-verzoegert-freigabe","status":"publish","type":"post","link":"https:\/\/www.ifun.de\/the-witcher-netflix-zeigt-teaser-und-verzoegert-freigabe-208610\/","title":{"rendered":"The Witcher: Netflix zeigt Teaser und verz\u00f6gert Freigabe"},"content":{"rendered":"<p>Die Fantasy-Serie <a href=\"https:\/\/www.netflix.com\/title\/80189685\">The Witcher<\/a> geh\u00f6rt mit zu den popul\u00e4rsten Netflix-Serien. Jetzt hat der Streaming-Platzhirsch \u00fcber den Rollout der dritten Staffel informiert und hat gleichzeitig angek\u00fcndigt, die Bereitstellung der neuen Season nicht in einem Rutsch vornehmen zu wollen.<\/p>\n<p><a href=\"https:\/\/images.ifun.de\/wp-content\/uploads\/2023\/04\/DE_TheWitcherS3_Main_4x5_RGB_PRE.jpg\"><img decoding=\"async\" class=\"aligncenter size-large wp-image-208612\" src=\"https:\/\/images.ifun.de\/wp-content\/uploads\/2023\/04\/DE_TheWitcherS3_Main_4x5_RGB_PRE-560x700.jpg\" alt=\"DE TheWitcherS3 Main 4x5 RGB PRE\" width=\"500\" srcset=\"https:\/\/images.ifun.de\/wp-content\/uploads\/2023\/04\/DE_TheWitcherS3_Main_4x5_RGB_PRE-560x700.jpg 560w, https:\/\/images.ifun.de\/wp-content\/uploads\/2023\/04\/DE_TheWitcherS3_Main_4x5_RGB_PRE-400x500.jpg 400w, https:\/\/images.ifun.de\/wp-content\/uploads\/2023\/04\/DE_TheWitcherS3_Main_4x5_RGB_PRE-768x960.jpg 768w, https:\/\/images.ifun.de\/wp-content\/uploads\/2023\/04\/DE_TheWitcherS3_Main_4x5_RGB_PRE.jpg 960w\" sizes=\"(max-width: 560px) 100vw, 560px\" \/><\/a><\/p>\n<h6>Auch heute freigegeben: Die neue Key-Art zur dritten Staffel<\/h6>\n<h2>Verz\u00f6gerte Freigabe mit Volume 1 &amp; 2<\/h2>\n<p>Statt zum Bingen als vollst\u00e4ndige Staffel 3 bereitzustellen, wird Netflix die Freigabe verz\u00f6gern und auf zwei Termine aufteilen.<\/p>\n<p>Der erste Abschnitt der dritten Staffel The Witcher, Netflix bezeichnet die Episoden 1-5 als &#8222;Volume 1&#8220;, wird ab dem 29. Juni im Katalog des Streaming-Dienstes bereitstehen. Das &#8222;Volume 2&#8220; mit den drei letzten Episoden 6-8 wird dann mit einem satten Monat Abstand erst am 27. Juli folgen.<\/p>\n<h2>Erster Teaser ver\u00f6ffentlicht<\/h2>\n<p>Zeitgleich mit der Bekanntgabe der Starttermine hat Netflix den ersten Teaser zur dritten Staffel freigegeben, der zwar nur auf eine Laufzeit von 70 Sekunden kommt, Fans der amerikanisch-polnische Fernsehserie aber schon mal auf Touren bringen d\u00fcrfte.<\/p>\n<p>Bei The Witcher handelt es sich um eine Buchadaption der so genannten Geralt-Saga des polnischen Schriftstellers Andrzej Sapkowski, die seit Dezember 2019 auf Netflix l\u00e4uft. Eine vierte Staffel der Serie ist bereits in Arbeit, soll laut Netflix jedoch auf den bisherigen Hauptdarsteller Henry Cavill verzichten m\u00fcssen.<\/p>\n<p><div class=\"responsive-video\"><iframe loading=\"lazy\" title=\"The Witcher: Staffel 3 | Offizieller Teaser | Netflix\" width=\"500\" height=\"281\" src=\"https:\/\/www.youtube-nocookie.com\/embed\/OslREUeaqiQ?feature=oembed\" frameborder=\"0\" allow=\"accelerometer; autoplay; clipboard-write; encrypted-media; gyroscope; picture-in-picture; web-share\" referrerpolicy=\"strict-origin-when-cross-origin\" allowfullscreen><\/iframe><\/div><\/p>\n<h2>Meistgesehene Netflix-Serie<\/h2>\n<p>Bis zur Ver\u00f6ffentlichung und dem \u00fcberraschenden Erfolg der koreanischen Serie &#8222;Squid Game&#8220; war &#8222;The Witcher&#8220; die meistgesehene Netflix-Serie \u00fcberhaupt.<\/p>\n<p>In der Erfolgsserie, die nicht immer linear erz\u00e4hlt wird, kommen neben Menschen auch Elfen, Zwerge, Hexen und andere Monster vor. Die Altersfreigabe liegt entsprechend bei 16 Jahren.<br \/>\n<a href=\"https:\/\/images.ifun.de\/wp-content\/uploads\/2023\/04\/THEWITCHER_S3_0001-1400.jpg\"><img loading=\"lazy\" decoding=\"async\" src=\"https:\/\/images.ifun.de\/wp-content\/uploads\/2023\/04\/THEWITCHER_S3_0001-1400-700x394.jpg\" alt=\"THEWITCHER S3 0001 1400\" width=\"700\" height=\"394\" class=\"aligncenter size-large wp-image-208614\" srcset=\"https:\/\/images.ifun.de\/wp-content\/uploads\/2023\/04\/THEWITCHER_S3_0001-1400-700x394.jpg 700w, https:\/\/images.ifun.de\/wp-content\/uploads\/2023\/04\/THEWITCHER_S3_0001-1400-500x281.jpg 500w, https:\/\/images.ifun.de\/wp-content\/uploads\/2023\/04\/THEWITCHER_S3_0001-1400-768x432.jpg 768w, https:\/\/images.ifun.de\/wp-content\/uploads\/2023\/04\/THEWITCHER_S3_0001-1400.jpg 1400w\" sizes=\"auto, (max-width: 700px) 100vw, 700px\" \/><\/a><\/p>\n<h6>In Staffel 3 tritt Henry Cavill zum letzten Mal an<\/h6>\n<p><img loading=\"lazy\" decoding=\"async\" src=\"https:\/\/vg05.met.vgwort.de\/na\/8e09ad9832bc4b4db738677f2cd13683\" width=\"1\" height=\"1\" no-lazy class=\"tracking\"><\/p>\n","protected":false},"excerpt":{"rendered":"<a href=\"https:\/\/www.ifun.de\/the-witcher-netflix-zeigt-teaser-und-verzoegert-freigabe-208610\/\"><img width=\"150\" height=\"150\" src=\"https:\/\/images.ifun.de\/wp-content\/uploads\/2023\/04\/THEWITCHER_S3_0001-1400-150x150.jpg\" class=\"alignright tfe wp-post-image\" alt=\"THEWITCHER S3 0001 1400\" decoding=\"async\" loading=\"lazy\" \/><\/a><p>Die Fantasy-Serie The Witcher geh\u00f6rt mit zu den popul\u00e4rsten Netflix-Serien. Jetzt hat der Streaming-Platzhirsch \u00fcber den Rollout der dritten Staffel informiert und hat gleichzeitig angek\u00fcndigt, die Bereitstellung der neuen Season nicht in einem Rutsch vornehmen zu wollen. Auch heute freigegeben: Die neue Key-Art zur dritten Staffel Verz\u00f6gerte Freigabe mit Volume 1 &amp; 2 Statt zum [&hellip;]<\/p>\n","protected":false},"author":1,"featured_media":208614,"comment_status":"open","ping_status":"closed","sticky":false,"template":"","format":"standard","meta":{"_acf_changed":false,"footnotes":""},"categories":[1],"tags":[1668,60],"class_list":["post-208610","post","type-post","status-publish","format-standard","has-post-thumbnail","hentry","category-news","tag-netflix","tag-streaming"],"acf":[],"aioseo_notices":[],"subheadline":["Neue Staffel mit zwei Startterminen","Neue Staffel mit zwei Startterminen"],"featured_image":["https:\/\/images.ifun.de\/wp-content\/uploads\/2023\/04\/witcher-3.jpg"],"rest_api_enabler":{"subheadline":["Neue Staffel mit zwei Startterminen","Neue Staffel mit zwei Startterminen"],"featured_image":"https:\/\/images.ifun.de\/wp-content\/uploads\/2023\/04\/witcher-3.jpg"},"_links":{"self":[{"href":"https:\/\/www.ifun.de\/apiv2\/wp\/v2\/posts\/208610","targetHints":{"allow":["GET"]}}],"collection":[{"href":"https:\/\/www.ifun.de\/apiv2\/wp\/v2\/posts"}],"about":[{"href":"https:\/\/www.ifun.de\/apiv2\/wp\/v2\/types\/post"}],"author":[{"embeddable":true,"href":"https:\/\/www.ifun.de\/apiv2\/wp\/v2\/users\/1"}],"replies":[{"embeddable":true,"href":"https:\/\/www.ifun.de\/apiv2\/wp\/v2\/comments?post=208610"}],"version-history":[{"count":9,"href":"https:\/\/www.ifun.de\/apiv2\/wp\/v2\/posts\/208610\/revisions"}],"predecessor-version":[{"id":208629,"href":"https:\/\/www.ifun.de\/apiv2\/wp\/v2\/posts\/208610\/revisions\/208629"}],"wp:featuredmedia":[{"embeddable":true,"href":"https:\/\/www.ifun.de\/apiv2\/wp\/v2\/media\/208614"}],"wp:attachment":[{"href":"https:\/\/www.ifun.de\/apiv2\/wp\/v2\/media?parent=208610"}],"wp:term":[{"taxonomy":"category","embeddable":true,"href":"https:\/\/www.ifun.de\/apiv2\/wp\/v2\/categories?post=208610"},{"taxonomy":"post_tag","embeddable":true,"href":"https:\/\/www.ifun.de\/apiv2\/wp\/v2\/tags?post=208610"}],"curies":[{"name":"wp","href":"https:\/\/api.w.org\/{rel}","templated":true}]}}