{"id":208527,"date":"2023-04-24T14:16:10","date_gmt":"2023-04-24T12:16:10","guid":{"rendered":"https:\/\/www.ifun.de\/?p=208527"},"modified":"2023-04-24T14:17:29","modified_gmt":"2023-04-24T12:17:29","slug":"ipados-17-erste-pro-ipads-fallen-wohl-aus-dem-support","status":"publish","type":"post","link":"https:\/\/www.ifun.de\/ipados-17-erste-pro-ipads-fallen-wohl-aus-dem-support-208527\/","title":{"rendered":"iPadOS 17: Erste Pro-iPads fallen wohl aus dem Support"},"content":{"rendered":"<p>Mit iPadOS 17 werden voraussichtlich erstmals nicht mehr alle Modelle des iPad Pro kompatibel sein. Die franz\u00f6sische Webseite <a href=\"https:\/\/iphonesoft.fr\/2023\/04\/22\/liste-ipad-compatibles-ipados-17\">iPhone Soft<\/a> meldet, dass sie \u00fcber interne Quellen bei Apple bereits in den Besitz der Liste mit den mit dem n\u00e4chsten Update f\u00fcr das iPad-Betriebssystem kompatiblen Modellen gekommen ist. Aus dem Rennen sind demnach vom Herbst an das 2015 erschienene iPad Pro mit 12,9 Zoll Bildschirmgr\u00f6\u00dfe, das iPad Pro mit 9,7 Zoll Bildschirmgr\u00f6\u00dfe aus dem Jahr 2016 und das im Jahr 2017 erschienene iPad der f\u00fcnften Generation.<\/p>\n<p><a href=\"https:\/\/images.ifun.de\/wp-content\/uploads\/2023\/04\/ipad-kompatibel-ipados-17.jpg\"><img loading=\"lazy\" decoding=\"async\" src=\"https:\/\/images.ifun.de\/wp-content\/uploads\/2023\/04\/ipad-kompatibel-ipados-17-500x191.jpg\" alt=\"Ipad Kompatibel Ipados 17\" width=\"500\" height=\"191\" class=\"alignnone size-medium wp-image-208530\" srcset=\"https:\/\/images.ifun.de\/wp-content\/uploads\/2023\/04\/ipad-kompatibel-ipados-17-500x191.jpg 500w, https:\/\/images.ifun.de\/wp-content\/uploads\/2023\/04\/ipad-kompatibel-ipados-17-700x267.jpg 700w, https:\/\/images.ifun.de\/wp-content\/uploads\/2023\/04\/ipad-kompatibel-ipados-17-768x293.jpg 768w, https:\/\/images.ifun.de\/wp-content\/uploads\/2023\/04\/ipad-kompatibel-ipados-17.jpg 1400w\" sizes=\"auto, (max-width: 500px) 100vw, 500px\" \/><\/a><\/p>\n<h2>Nach 8 Jahren Unterst\u00fctzung<\/h2>\n<p>Blickt man auf das Alter der genannten Ger\u00e4te, so sollte die Tatsache, dass diese nicht mehr mit der neusten Version von iPadOS kompatibel sind niemanden ernsthaft wundern. Selbst das iPad 5 hat bereits sechs Jahre auf dem Buckel. Apple garantiert in der Regel daf\u00fcr, dass die Ger\u00e4te mindestens f\u00fcnf Jahre lang mit aktueller Software und neuen Funktionen versorgt werden, meist ist diese Zeitspanne aber deutlich gr\u00f6\u00dfer.<\/p>\n<p>Wenn es so kommt, h\u00e4tte Apple auf iPad-Seite alle Ger\u00e4te mit Prozessoren vom Typ A9 beziehungsweise A9X und \u00e4lter ausgemustert. Folglich w\u00fcrden vom Herbst an mindestens ein iPad Air 3, ein iPad 6, ein iPad mini 5 oder ein iPad Pro 2017 ben\u00f6tigt, um die neueste iPad-Software aufzuspielen.<\/p>\n<h2>iPhone: checkm8-Prozessoren au\u00dfen vor?<\/h2>\n<p>Welche Mindestvoraussetzungen wir in diesem Jahr auf iPhone-Seite sehen, ist derweil noch strittig. Hier <a href=\"https:\/\/www.macrumors.com\/2023\/04\/04\/ios-17-compatible-devices-rumor\/\">hie\u00df es<\/a> schon vor einiger Zeit, dass das iPhone 8, das iPhone 8 Plus und das iPhone X nicht mehr mit iOS 17 kompatibel sind, dem wurde allerdings von anderer Seite her <a href=\"https:\/\/forums.macrumors.com\/threads\/ios-17-rumored-to-drop-support-for-iphone-x-first-generation-ipad-pro-and-more.2385874\/page-2?post=32077774#post-32077774\">widersprochen<\/a>.<\/p>\n<p>Apple d\u00fcrfte ein gesteigertes Interesse daran haben, die genannten iPhone-Modelle aus der Liste der mit der neuesten iOS-Version kompatiblen Ger\u00e4te zu nehmen. Im Inneren des iPhone 8, iPhone 8 Plus und iPhone X arbeitet noch ein Apple-Prozessor vom Typ A11, damit sind dies die letzten von Apple hergestellten Ger\u00e4te, die anf\u00e4llig f\u00fcr die nicht behebbare, sogenannte <a href=\"https:\/\/www.iphone-ticker.de\/sicherheitsluecke-ermoeglicht-jailbreak-aller-iphones-von-2011-bis-2017-147578\/\">checkm8-Schwachstelle<\/a> sind.<img loading=\"lazy\" decoding=\"async\" src=\"https:\/\/vg08.met.vgwort.de\/na\/3b0a53631e934beca4a41c758901091e\" width=\"1\" height=\"1\" no-lazy class=\"tracking\"><\/p>\n","protected":false},"excerpt":{"rendered":"<a href=\"https:\/\/www.ifun.de\/ipados-17-erste-pro-ipads-fallen-wohl-aus-dem-support-208527\/\"><img width=\"150\" height=\"150\" src=\"https:\/\/images.ifun.de\/wp-content\/uploads\/2023\/04\/ipad-kompatibel-ipados-17-150x150.jpg\" class=\"alignright tfe wp-post-image\" alt=\"Ipad Kompatibel Ipados 17\" decoding=\"async\" loading=\"lazy\" \/><\/a><p>Mit iPadOS 17 werden voraussichtlich erstmals nicht mehr alle Modelle des iPad Pro kompatibel sein. Die franz\u00f6sische Webseite iPhone Soft meldet, dass sie \u00fcber interne Quellen bei Apple bereits in den Besitz der Liste mit den mit dem n\u00e4chsten Update f\u00fcr das iPad-Betriebssystem kompatiblen Modellen gekommen ist. Aus dem Rennen sind demnach vom Herbst an [&hellip;]<\/p>\n","protected":false},"author":2,"featured_media":208530,"comment_status":"open","ping_status":"closed","sticky":false,"template":"","format":"standard","meta":{"_acf_changed":false,"footnotes":""},"categories":[10],"tags":[6127],"class_list":["post-208527","post","type-post","status-publish","format-standard","has-post-thumbnail","hentry","category-ipad","tag-ipados-17"],"acf":[],"aioseo_notices":[],"subheadline":["Nach 8 Jahren Unterst\u00fctzung"],"featured_image":["https:\/\/images.ifun.de\/wp-content\/uploads\/2016\/03\/ipad-pro-header-3.jpg"],"rest_api_enabler":{"subheadline":"Nach 8 Jahren Unterst\u00fctzung","featured_image":"https:\/\/images.ifun.de\/wp-content\/uploads\/2016\/03\/ipad-pro-header-3.jpg"},"_links":{"self":[{"href":"https:\/\/www.ifun.de\/apiv2\/wp\/v2\/posts\/208527","targetHints":{"allow":["GET"]}}],"collection":[{"href":"https:\/\/www.ifun.de\/apiv2\/wp\/v2\/posts"}],"about":[{"href":"https:\/\/www.ifun.de\/apiv2\/wp\/v2\/types\/post"}],"author":[{"embeddable":true,"href":"https:\/\/www.ifun.de\/apiv2\/wp\/v2\/users\/2"}],"replies":[{"embeddable":true,"href":"https:\/\/www.ifun.de\/apiv2\/wp\/v2\/comments?post=208527"}],"version-history":[{"count":4,"href":"https:\/\/www.ifun.de\/apiv2\/wp\/v2\/posts\/208527\/revisions"}],"predecessor-version":[{"id":208533,"href":"https:\/\/www.ifun.de\/apiv2\/wp\/v2\/posts\/208527\/revisions\/208533"}],"wp:featuredmedia":[{"embeddable":true,"href":"https:\/\/www.ifun.de\/apiv2\/wp\/v2\/media\/208530"}],"wp:attachment":[{"href":"https:\/\/www.ifun.de\/apiv2\/wp\/v2\/media?parent=208527"}],"wp:term":[{"taxonomy":"category","embeddable":true,"href":"https:\/\/www.ifun.de\/apiv2\/wp\/v2\/categories?post=208527"},{"taxonomy":"post_tag","embeddable":true,"href":"https:\/\/www.ifun.de\/apiv2\/wp\/v2\/tags?post=208527"}],"curies":[{"name":"wp","href":"https:\/\/api.w.org\/{rel}","templated":true}]}}