{"id":208485,"date":"2023-04-23T11:46:25","date_gmt":"2023-04-23T09:46:25","guid":{"rendered":"https:\/\/www.ifun.de\/?p=208485"},"modified":"2023-04-23T11:46:25","modified_gmt":"2023-04-23T09:46:25","slug":"unbekannte-modellnummern-deuten-auf-neue-mac-modelle","status":"publish","type":"post","link":"https:\/\/www.ifun.de\/unbekannte-modellnummern-deuten-auf-neue-mac-modelle-208485\/","title":{"rendered":"Unbekannte Modellnummern deuten auf neue Mac-Modelle"},"content":{"rendered":"<p>Apple macht uns Hoffnung auf das baldige Erscheinen neuer Desktop-Macs. Der Entwickler Nicol\u00e1s \u00c1lvarez hat in einer Konfigurationsdatei f\u00fcr Apples \u201eWo ist?\u201c-Netzwerk drei bislang unbekannte Mac-Modellnummern aufgest\u00f6bert.<\/p>\n<blockquote class=\"twitter-tweet\" data-conversation=\"none\">\n<p lang=\"zxx\" dir=\"ltr\"><a href=\"https:\/\/t.co\/Hnq5VpsXIW\">pic.twitter.com\/Hnq5VpsXIW<\/a><\/p>\n<p>&mdash; Nicol\u00e1s \u00c1lvarez (@nicolas09F9) <a href=\"https:\/\/twitter.com\/nicolas09F9\/status\/1649588585555697673?ref_src=twsrc%5Etfw\">April 22, 2023<\/a><\/p><\/blockquote>\n<p> <script async src=\"https:\/\/platform.twitter.com\/widgets.js\" charset=\"utf-8\"><\/script><\/p>\n<p>Apple verwendet intern Modellbezeichnungen im Stil von beispielsweise Mac13,1 f\u00fcr den Mac Studio oder Mac14,3 f\u00fcr den im Januar erschienenen neuen Mac mini. Die nun aufgetauchten Modellnummern Mac14,8, Mac14,13 und Mac14,14 wurden seither noch nicht verwendet und d\u00fcrften somit stellvertretend f\u00fcr bislang noch nicht vorgestellte Mac-Modelle stehen.<\/p>\n<p>Ein interessantes Detail ist in diesem Zusammenhang, dass der bei portablen Ger\u00e4ten in der &#8222;Wo ist?&#8220;-App vorhandene Schalter \u201eBeim Zur\u00fccklassen benachrichtigen\u201c f\u00fcr diese bislang unbekannten Mac-Modelle standardm\u00e4\u00dfig ausgeblendet wird. Diese Tatsache ist ebenfalls in der Konfigurationsdatei von \u201eWo ist?\u201c ersichtlich und deutet eigentlich zweifelsfrei darauf hin, dass es sich hier um neue Desktop-Rechner von Apple und nicht um die zur Entwicklerkonferenz WWDC erwarteten Notebooks handelt.<\/p>\n<p>Neue Desktop-Macs w\u00e4ren in jedem Fall eine \u00dcberraschung. Zwar ist schon l\u00e4ngere Zeit die Rede davon, dass Apple in diesem Jahr noch neue Versionen des zuletzt 2021 aktualisierten iMac mit 24 Zoll Bildschirmgr\u00f6\u00dfe, des im Jahr 2022 vorgestellten Mac Studio und vielleicht auch endlich den neuen Mac Pro vorstellt. Mit Blick auf die Markteinf\u00fchrung dieser Ger\u00e4te wurde zuletzt aber fr\u00fchestens ein Termin im Herbst gehandelt.<\/p>\n<h2>iMac 24\u201c ist genau zwei Jahre alt<\/h2>\n<p>Fraglich ist auch, mit welchem Prozessor die n\u00e4chsten Mac-Modelle dann auf den Markt kommen. Aktuell scheint es zumindest so, als k\u00f6nne die Massenproduktion von Apples M3-Prozessor nicht vor Herbst anlaufen. Beim derzeit noch mit einem M1-Prozessor angebotenen iMac mit 24 Zoll Bildschirmgr\u00f6\u00dfe scheint ein Upgrade auf Apple-Prozessoren vom Typ M2 noch am schl\u00fcssigsten. Der Rechner wurde \u00fcbrigens <a href=\"https:\/\/www.ifun.de\/der-neue-imac-in-sieben-farben-mit-apples-m1-chip-169217\/\">am 20. April 2021<\/a>, als fast exakt vor zwei Jahren, mit komplett \u00fcberarbeitetem Geh\u00e4use und in sieben verschiedenen Farbvarianten vorgestellt.<img loading=\"lazy\" decoding=\"async\" src=\"https:\/\/vg08.met.vgwort.de\/na\/dc115bf80f6e4af5a0b4b51a18181a3a\" width=\"1\" height=\"1\" no-lazy class=\"tracking\"><\/p>\n","protected":false},"excerpt":{"rendered":"<a href=\"https:\/\/www.ifun.de\/unbekannte-modellnummern-deuten-auf-neue-mac-modelle-208485\/\"><img decoding=\"async\" width=\"150\" src=\"https:\/\/vg08.met.vgwort.de\/na\/dc115bf80f6e4af5a0b4b51a18181a3a\" class=\"alignright wp-post-image tfe\" alt=\"\" title=\"\" \/><\/a><p>Apple macht uns Hoffnung auf das baldige Erscheinen neuer Desktop-Macs. Der Entwickler Nicol\u00e1s \u00c1lvarez hat in einer Konfigurationsdatei f\u00fcr Apples \u201eWo ist?\u201c-Netzwerk drei bislang unbekannte Mac-Modellnummern aufgest\u00f6bert. pic.twitter.com\/Hnq5VpsXIW &mdash; Nicol\u00e1s \u00c1lvarez (@nicolas09F9) April 22, 2023 Apple verwendet intern Modellbezeichnungen im Stil von beispielsweise Mac13,1 f\u00fcr den Mac Studio oder Mac14,3 f\u00fcr den im Januar erschienenen [&hellip;]<\/p>\n","protected":false},"author":2,"featured_media":0,"comment_status":"open","ping_status":"closed","sticky":false,"template":"","format":"standard","meta":{"_acf_changed":false,"footnotes":""},"categories":[1],"tags":[],"class_list":["post-208485","post","type-post","status-publish","format-standard","hentry","category-news"],"acf":[],"aioseo_notices":[],"subheadline":["Neuer iMac im Anmarsch?"],"featured_image":["https:\/\/images.ifun.de\/wp-content\/uploads\/2021\/09\/apple-imac-24-gelb-feature.jpg"],"rest_api_enabler":{"subheadline":"Neuer iMac im Anmarsch?","featured_image":"https:\/\/images.ifun.de\/wp-content\/uploads\/2021\/09\/apple-imac-24-gelb-feature.jpg"},"_links":{"self":[{"href":"https:\/\/www.ifun.de\/apiv2\/wp\/v2\/posts\/208485","targetHints":{"allow":["GET"]}}],"collection":[{"href":"https:\/\/www.ifun.de\/apiv2\/wp\/v2\/posts"}],"about":[{"href":"https:\/\/www.ifun.de\/apiv2\/wp\/v2\/types\/post"}],"author":[{"embeddable":true,"href":"https:\/\/www.ifun.de\/apiv2\/wp\/v2\/users\/2"}],"replies":[{"embeddable":true,"href":"https:\/\/www.ifun.de\/apiv2\/wp\/v2\/comments?post=208485"}],"version-history":[{"count":5,"href":"https:\/\/www.ifun.de\/apiv2\/wp\/v2\/posts\/208485\/revisions"}],"predecessor-version":[{"id":208490,"href":"https:\/\/www.ifun.de\/apiv2\/wp\/v2\/posts\/208485\/revisions\/208490"}],"wp:attachment":[{"href":"https:\/\/www.ifun.de\/apiv2\/wp\/v2\/media?parent=208485"}],"wp:term":[{"taxonomy":"category","embeddable":true,"href":"https:\/\/www.ifun.de\/apiv2\/wp\/v2\/categories?post=208485"},{"taxonomy":"post_tag","embeddable":true,"href":"https:\/\/www.ifun.de\/apiv2\/wp\/v2\/tags?post=208485"}],"curies":[{"name":"wp","href":"https:\/\/api.w.org\/{rel}","templated":true}]}}