{"id":208463,"date":"2023-04-21T16:27:20","date_gmt":"2023-04-21T14:27:20","guid":{"rendered":"https:\/\/www.ifun.de\/?p=208463"},"modified":"2023-04-21T16:27:20","modified_gmt":"2023-04-21T14:27:20","slug":"zdfmediathek-das-sind-die-neuzugaenge-im-mai-2023","status":"publish","type":"post","link":"https:\/\/www.ifun.de\/zdfmediathek-das-sind-die-neuzugaenge-im-mai-2023-208463\/","title":{"rendered":"ZDFmediathek: Das sind die Neuzug\u00e4nge im Mai 2023"},"content":{"rendered":"<p>Nach <a href=\"https:\/\/www.ifun.de\/paramount-die-neuen-serien-highlights-im-mai-207307\/\" title=\"Paramount+: Die neuen Serien-Highlights im Mai\">Paramount<\/a> und <a href=\"https:\/\/www.ifun.de\/disney-die-neuzugaenge-im-mai-2023-208192\/\" title=\"Disney+: Die Neuzug\u00e4nge im Mai 2023\">Disney+<\/a> hat jetzt auch das ZDF die Liste mit seinen Mediathek-Neuzug\u00e4ngen im Mai vorgelegt. Im kommenden Monat wird das Angebot der ZDFmediathek um 13 neue Filme und Serienstaffeln erweitert, darunter auch neue Folgen f\u00fcr altbekannte Serien wie \u201eMord im Mittsommer\u201c<\/p>\n<h2>WatchMe \u2013 Sex sells<\/h2>\n<p>Sechsteilige Instant-Fiction-Serie ab Freitag, 12. Mai<\/p>\n<p>Ob &quot;Girlfriend Experience&quot;, &quot;DickRating&quot; oder Livestream: Auf der Online-Plattform &quot;WatchMe&quot; ist der Kontakt direkt, pers\u00f6nlich und einfach \u2013 solange das Geld stimmt. Das ZDFneoriginal will das Ph\u00e4nomen &quot;Only Fans&quot; ergr\u00fcnden und herausfinden, was die neue Niedrigschwelligkeit der Sexarbeit mit intimen W\u00fcnschen macht.<\/p>\n<p><a href=\"https:\/\/images.ifun.de\/wp-content\/uploads\/2023\/04\/sex-sells-zdf.jpg\"><img loading=\"lazy\" decoding=\"async\" src=\"https:\/\/images.ifun.de\/wp-content\/uploads\/2023\/04\/sex-sells-zdf-700x438.jpg\" alt=\"Sex Sells Zdf\" width=\"700\" height=\"438\" class=\"alignnone size-large wp-image-208475\" srcset=\"https:\/\/images.ifun.de\/wp-content\/uploads\/2023\/04\/sex-sells-zdf-700x438.jpg 700w, https:\/\/images.ifun.de\/wp-content\/uploads\/2023\/04\/sex-sells-zdf-500x313.jpg 500w, https:\/\/images.ifun.de\/wp-content\/uploads\/2023\/04\/sex-sells-zdf-768x481.jpg 768w, https:\/\/images.ifun.de\/wp-content\/uploads\/2023\/04\/sex-sells-zdf.jpg 1024w\" sizes=\"auto, (max-width: 700px) 100vw, 700px\" \/><\/a><\/p>\n<h2>Verschw\u00f6rungen \u2013 Die Wahrheit der Anderen<\/h2>\n<p>Sechsteilige Doku-Serie ab Montag, 22. Mai<\/p>\n<p>In Zeiten von Social Media und Fake News locken Verschw\u00f6rungstheoretiker mit vermeintlich einfachen Antworten Millionen Menschen in ihr Netz. Die sechsteilige Doku-Serie &quot;Verschw\u00f6rungen \u2013 Die Wahrheit der Anderen&quot; begibt sich in ein skurriles wie abgr\u00fcndiges Paralleluniversum.<\/p>\n<p><a href=\"https:\/\/images.ifun.de\/wp-content\/uploads\/2023\/04\/verschwoerungen.jpg\"><img loading=\"lazy\" decoding=\"async\" src=\"https:\/\/images.ifun.de\/wp-content\/uploads\/2023\/04\/verschwoerungen-700x394.jpg\" alt=\"Verschwoerungen\" width=\"700\" height=\"394\" class=\"alignnone size-large wp-image-208474\" srcset=\"https:\/\/images.ifun.de\/wp-content\/uploads\/2023\/04\/verschwoerungen-700x394.jpg 700w, https:\/\/images.ifun.de\/wp-content\/uploads\/2023\/04\/verschwoerungen-500x281.jpg 500w, https:\/\/images.ifun.de\/wp-content\/uploads\/2023\/04\/verschwoerungen-768x432.jpg 768w, https:\/\/images.ifun.de\/wp-content\/uploads\/2023\/04\/verschwoerungen.jpg 800w\" sizes=\"auto, (max-width: 700px) 100vw, 700px\" \/><\/a><\/p>\n<h2>Ich dich auch<\/h2>\n<p>Zweite Staffel der ZDFneoriginal-Comedyserie<\/p>\n<p>In acht Folgen stellen sich Caro und Yannick einer neuen Herausforderung: Sie sind zusammengezogen. Doch wie f\u00fchlt sich das an, wenn man pl\u00f6tzlich ein &quot;Wir&quot; ist und Freunde und Familie zu &quot;uns&quot; kommen? Was ist noch &quot;meins&quot;, oder wo f\u00e4ngt &quot;deins&quot; an?<\/p>\n<p><a href=\"https:\/\/images.ifun.de\/wp-content\/uploads\/2023\/04\/ich-dich-auch-zdf.jpg\"><img loading=\"lazy\" decoding=\"async\" src=\"https:\/\/images.ifun.de\/wp-content\/uploads\/2023\/04\/ich-dich-auch-zdf-700x394.jpg\" alt=\"Ich Dich Auch Zdf\" width=\"700\" height=\"394\" class=\"alignnone size-large wp-image-208473\" srcset=\"https:\/\/images.ifun.de\/wp-content\/uploads\/2023\/04\/ich-dich-auch-zdf-700x394.jpg 700w, https:\/\/images.ifun.de\/wp-content\/uploads\/2023\/04\/ich-dich-auch-zdf-500x281.jpg 500w, https:\/\/images.ifun.de\/wp-content\/uploads\/2023\/04\/ich-dich-auch-zdf.jpg 768w\" sizes=\"auto, (max-width: 700px) 100vw, 700px\" \/><\/a><\/p>\n<h2>Terra X: Europa in &#8230;<\/h2>\n<p>Dreiteiler mit Mirko Drotschmann<\/p>\n<p>Das antike \u00c4gypten war eine der am weitesten entwickelten Hochkulturen und gibt bis heute viele R\u00e4tsel auf. Die Doku-Reihe geht auf Spurensuche entlang des Nils.<\/p>\n<p><a href=\"https:\/\/images.ifun.de\/wp-content\/uploads\/2023\/04\/terrax.jpg\"><img loading=\"lazy\" decoding=\"async\" src=\"https:\/\/images.ifun.de\/wp-content\/uploads\/2023\/04\/terrax.jpg\" alt=\"Terrax\" width=\"700\" height=\"395\" class=\"alignnone size-full wp-image-208472\" srcset=\"https:\/\/images.ifun.de\/wp-content\/uploads\/2023\/04\/terrax.jpg 700w, https:\/\/images.ifun.de\/wp-content\/uploads\/2023\/04\/terrax-500x282.jpg 500w\" sizes=\"auto, (max-width: 700px) 100vw, 700px\" \/><\/a><\/p>\n<h2>Am Ende \u2013 Die Macht der Kr\u00e4nkung<\/h2>\n<p>Anthologie der Dramaserie \/ ZDFneoriginal<\/p>\n<p>Auf Davids Begr\u00e4bnis wird ein anklagender Brief verlesen, mit dem er sich an seine Hinterbliebenen wendet. Die Anwesenden sehen sich gezwungen, weit zur\u00fcck in die Vergangenheit zu blicken.<\/p>\n<p><a href=\"https:\/\/images.ifun.de\/wp-content\/uploads\/2023\/04\/am-ende-der-macht-zdf.jpg\"><img loading=\"lazy\" decoding=\"async\" src=\"https:\/\/images.ifun.de\/wp-content\/uploads\/2023\/04\/am-ende-der-macht-zdf-700x375.jpg\" alt=\"Am Ende Der Macht Zdf\" width=\"700\" height=\"375\" class=\"alignnone size-large wp-image-208471\" srcset=\"https:\/\/images.ifun.de\/wp-content\/uploads\/2023\/04\/am-ende-der-macht-zdf-700x375.jpg 700w, https:\/\/images.ifun.de\/wp-content\/uploads\/2023\/04\/am-ende-der-macht-zdf-500x268.jpg 500w, https:\/\/images.ifun.de\/wp-content\/uploads\/2023\/04\/am-ende-der-macht-zdf-768x411.jpg 768w, https:\/\/images.ifun.de\/wp-content\/uploads\/2023\/04\/am-ende-der-macht-zdf.jpg 1006w\" sizes=\"auto, (max-width: 700px) 100vw, 700px\" \/><\/a><\/p>\n<h2>A Very British Scandal<\/h2>\n<p>Dreiteilige Miniserie<\/p>\n<p>Gro\u00dfbritannien, 1963: Die reiche Erbin Margaret Campbell l\u00e4sst sich von ihrem Mann, dem schottischen Herzog von Argyll, scheiden. Die Scheidung ist eine Mediensensation.<\/p>\n<p><a href=\"https:\/\/images.ifun.de\/wp-content\/uploads\/2023\/04\/british-scandal.jpg\"><img loading=\"lazy\" decoding=\"async\" src=\"https:\/\/images.ifun.de\/wp-content\/uploads\/2023\/04\/british-scandal.jpg\" alt=\"British Scandal\" width=\"700\" height=\"395\" class=\"alignnone size-full wp-image-208470\" srcset=\"https:\/\/images.ifun.de\/wp-content\/uploads\/2023\/04\/british-scandal.jpg 700w, https:\/\/images.ifun.de\/wp-content\/uploads\/2023\/04\/british-scandal-500x282.jpg 500w\" sizes=\"auto, (max-width: 700px) 100vw, 700px\" \/><\/a><\/p>\n<h2>Am Puls mit Sarah Tacke &#8211; Mitarbeiter gesucht!<\/h2>\n<p>Dokumentation<\/p>\n<p>\u00dcberall fehlen Arbeitskr\u00e4fte. Aber wo sind die denn pl\u00f6tzlich alle hin? Na klar, die Gesellschaft altert, die Baby-Boomer gehen in Rente. Doch ist das allein der Grund f\u00fcr das deutsche Job-Desaster? Zum Tag der Arbeit wirft ZDF-Rechtsexpertin Sarah Tacke einen Blick in die Arbeitswelt im Jahr 2023.<\/p>\n<p><a href=\"https:\/\/images.ifun.de\/wp-content\/uploads\/2023\/04\/am-puls.jpg\"><img loading=\"lazy\" decoding=\"async\" src=\"https:\/\/images.ifun.de\/wp-content\/uploads\/2023\/04\/am-puls-700x417.jpg\" alt=\"Am Puls\" width=\"700\" height=\"417\" class=\"alignnone size-large wp-image-208468\" srcset=\"https:\/\/images.ifun.de\/wp-content\/uploads\/2023\/04\/am-puls-700x417.jpg 700w, https:\/\/images.ifun.de\/wp-content\/uploads\/2023\/04\/am-puls-500x298.jpg 500w, https:\/\/images.ifun.de\/wp-content\/uploads\/2023\/04\/am-puls-768x457.jpg 768w, https:\/\/images.ifun.de\/wp-content\/uploads\/2023\/04\/am-puls.jpg 939w\" sizes=\"auto, (max-width: 700px) 100vw, 700px\" \/><\/a><\/p>\n<h2>Herzstolpern \u2013 Aufbruch nach Italien<\/h2>\n<p>Zweiteiliger Familienfilm<\/p>\n<p>Felix hat ein Bonus-Chromosom und eine gro\u00dfe Liebe: Emma, die er auf einem inklusiven Bauernhof kennengelernt hat. Dadurch ger\u00e4t sein Leben und das seines Vaters Alexander durcheinander.<\/p>\n<p><a href=\"https:\/\/images.ifun.de\/wp-content\/uploads\/2023\/04\/herzstolpern.jpg\"><img loading=\"lazy\" decoding=\"async\" src=\"https:\/\/images.ifun.de\/wp-content\/uploads\/2023\/04\/herzstolpern-700x435.jpg\" alt=\"Herzstolpern\" width=\"700\" height=\"435\" class=\"alignnone size-large wp-image-208469\" srcset=\"https:\/\/images.ifun.de\/wp-content\/uploads\/2023\/04\/herzstolpern-700x435.jpg 700w, https:\/\/images.ifun.de\/wp-content\/uploads\/2023\/04\/herzstolpern-500x311.jpg 500w, https:\/\/images.ifun.de\/wp-content\/uploads\/2023\/04\/herzstolpern-768x478.jpg 768w, https:\/\/images.ifun.de\/wp-content\/uploads\/2023\/04\/herzstolpern.jpg 1024w\" sizes=\"auto, (max-width: 700px) 100vw, 700px\" \/><\/a><\/p>\n<h2>Luxusklasse \u2013 Amazing Hotels<\/h2>\n<p>Sechsteilige Doku-Reihe<\/p>\n<p>Ob in Island, Madeira oder Abu Dhabi \u2013 Luxus, wohin man schaut: K\u00f6chin Monica und Restaurantkritiker Giles geben nicht nur Einblicke hinter die Kulissen der mond\u00e4nsten Hotels der Welt, sondern packen auch gleich tatkr\u00e4ftig mit an.<\/p>\n<p><a href=\"https:\/\/images.ifun.de\/wp-content\/uploads\/2023\/04\/luxusklasse.jpg\"><img loading=\"lazy\" decoding=\"async\" src=\"https:\/\/images.ifun.de\/wp-content\/uploads\/2023\/04\/luxusklasse.jpg\" alt=\"Luxusklasse\" width=\"700\" height=\"395\" class=\"alignnone size-full wp-image-208467\" srcset=\"https:\/\/images.ifun.de\/wp-content\/uploads\/2023\/04\/luxusklasse.jpg 700w, https:\/\/images.ifun.de\/wp-content\/uploads\/2023\/04\/luxusklasse-500x282.jpg 500w\" sizes=\"auto, (max-width: 700px) 100vw, 700px\" \/><\/a><\/p>\n<h2>\u201eWinnetou\u201c und Co.<\/h2>\n<p>Sieben Karl-May-Klassiker<\/p>\n<p>Winnetou, Old Shatterhand, Old Firehand und Apanatschi: P\u00fcnktlich zum Feiertag am 1. Mai 2023 sind sieben &quot;Karl May&quot;-Filme in der ZDFmediathek zu finden.<\/p>\n<p><a href=\"https:\/\/images.ifun.de\/wp-content\/uploads\/2023\/04\/winnetou.jpg\"><img loading=\"lazy\" decoding=\"async\" src=\"https:\/\/images.ifun.de\/wp-content\/uploads\/2023\/04\/winnetou-700x309.jpg\" alt=\"Winnetou\" width=\"700\" height=\"309\" class=\"alignnone size-large wp-image-208466\" srcset=\"https:\/\/images.ifun.de\/wp-content\/uploads\/2023\/04\/winnetou-700x309.jpg 700w, https:\/\/images.ifun.de\/wp-content\/uploads\/2023\/04\/winnetou-500x221.jpg 500w, https:\/\/images.ifun.de\/wp-content\/uploads\/2023\/04\/winnetou-768x339.jpg 768w, https:\/\/images.ifun.de\/wp-content\/uploads\/2023\/04\/winnetou.jpg 1360w\" sizes=\"auto, (max-width: 700px) 100vw, 700px\" \/><\/a><\/p>\n<h2>Dan Sommerdahl \u2013 T\u00f6dliche Idylle<\/h2>\n<p>Vier neue Folgen<\/p>\n<h2>Reihe \u201eInternationale Kino-Koproduktionen\u201c<\/h2>\n<p>Drei Spielfilme<\/p>\n<h2>Mord im Mittsommer<\/h2>\n<p>Sechs neue Folgen<\/p>\n<p><h8>Bilder: ZDF\/Tiana Lenz\/Petro Domenigg\/Sebastian Wagner\/Georges Pauly<\/h8><\/p>\n","protected":false},"excerpt":{"rendered":"<a href=\"https:\/\/www.ifun.de\/zdfmediathek-das-sind-die-neuzugaenge-im-mai-2023-208463\/\"><img width=\"150\" height=\"150\" src=\"https:\/\/images.ifun.de\/wp-content\/uploads\/2023\/04\/sex-sells-zdf-150x150.jpg\" class=\"alignright tfe wp-post-image\" alt=\"Sex Sells Zdf\" decoding=\"async\" loading=\"lazy\" \/><\/a><p>Nach Paramount und Disney+ hat jetzt auch das ZDF die Liste mit seinen Mediathek-Neuzug\u00e4ngen im Mai vorgelegt. Im kommenden Monat wird das Angebot der ZDFmediathek um 13 neue Filme und Serienstaffeln erweitert, darunter auch neue Folgen f\u00fcr altbekannte Serien wie \u201eMord im Mittsommer\u201c WatchMe \u2013 Sex sells Sechsteilige Instant-Fiction-Serie ab Freitag, 12. Mai Ob &quot;Girlfriend [&hellip;]<\/p>\n","protected":false},"author":2,"featured_media":208475,"comment_status":"open","ping_status":"closed","sticky":false,"template":"","format":"standard","meta":{"_acf_changed":false,"footnotes":""},"categories":[1],"tags":[4147],"class_list":["post-208463","post","type-post","status-publish","format-standard","has-post-thumbnail","hentry","category-news","tag-zdfmediathek"],"acf":[],"aioseo_notices":[],"featured_image":["https:\/\/images.ifun.de\/wp-content\/uploads\/2023\/04\/zdf-mai-feature.jpg"],"subheadline":["Von Sex Sells bis Winnetou"],"rest_api_enabler":{"featured_image":"https:\/\/images.ifun.de\/wp-content\/uploads\/2023\/04\/zdf-mai-feature.jpg","subheadline":"Von Sex Sells bis Winnetou"},"_links":{"self":[{"href":"https:\/\/www.ifun.de\/apiv2\/wp\/v2\/posts\/208463","targetHints":{"allow":["GET"]}}],"collection":[{"href":"https:\/\/www.ifun.de\/apiv2\/wp\/v2\/posts"}],"about":[{"href":"https:\/\/www.ifun.de\/apiv2\/wp\/v2\/types\/post"}],"author":[{"embeddable":true,"href":"https:\/\/www.ifun.de\/apiv2\/wp\/v2\/users\/2"}],"replies":[{"embeddable":true,"href":"https:\/\/www.ifun.de\/apiv2\/wp\/v2\/comments?post=208463"}],"version-history":[{"count":2,"href":"https:\/\/www.ifun.de\/apiv2\/wp\/v2\/posts\/208463\/revisions"}],"predecessor-version":[{"id":208476,"href":"https:\/\/www.ifun.de\/apiv2\/wp\/v2\/posts\/208463\/revisions\/208476"}],"wp:featuredmedia":[{"embeddable":true,"href":"https:\/\/www.ifun.de\/apiv2\/wp\/v2\/media\/208475"}],"wp:attachment":[{"href":"https:\/\/www.ifun.de\/apiv2\/wp\/v2\/media?parent=208463"}],"wp:term":[{"taxonomy":"category","embeddable":true,"href":"https:\/\/www.ifun.de\/apiv2\/wp\/v2\/categories?post=208463"},{"taxonomy":"post_tag","embeddable":true,"href":"https:\/\/www.ifun.de\/apiv2\/wp\/v2\/tags?post=208463"}],"curies":[{"name":"wp","href":"https:\/\/api.w.org\/{rel}","templated":true}]}}