{"id":208339,"date":"2023-04-20T10:15:22","date_gmt":"2023-04-20T08:15:22","guid":{"rendered":"https:\/\/www.ifun.de\/?p=208339"},"modified":"2023-04-20T10:15:22","modified_gmt":"2023-04-20T08:15:22","slug":"umwelt-bericht-2023-apple-nennt-co2-fussabdruck-je-produkt","status":"publish","type":"post","link":"https:\/\/www.ifun.de\/umwelt-bericht-2023-apple-nennt-co2-fussabdruck-je-produkt-208339\/","title":{"rendered":"Umwelt-Bericht 2023: Apple nennt CO2-Fu\u00dfabdruck je Produkt"},"content":{"rendered":"<p>Apple hat seinen diesj\u00e4hrigen Umwelt-Bericht, den so genannten Environmental Progress Report 2023 ver\u00f6ffentlicht und stellt das 114-seitige PDF-Dokument hier zum Download bereit:<\/p>\n<ul>\n<li><strong>PDF:<\/strong> <a href=\"https:\/\/www.apple.com\/environment\/pdf\/Apple_Environmental_Progress_Report_2023.pdf\">Environmental Progress Report 2023<\/a><\/li>\n<\/ul>\n<p>Der \u00dcberblick auf die Klima-, Recycling und Umweltschutz-Anstrengungen Apples, der das Gesch\u00e4ftsjahr 2022 des Konzerns abdeckt, f\u00e4llt so umfangreich wie noch nie aus und besteht nicht nur aus luftig formulierten Texten und hehren Zielen, sondern legt auch viele konkrete Zahlen vor, die sich durchaus sehen lassen k\u00f6nnen.<\/p>\n<h2>Immer mehr Recycling-Material<\/h2>\n<p>Unter anderem interessant: die erst vor wenigen Tagen <a href=\"https:\/\/www.ifun.de\/bis-2025-apple-will-alle-kunststoffe-in-allen-produktverpackungen-abschaffen-207933\/\">thematisierten Recycling-Anstrengungen<\/a> Apples, die seit 2017 massiv ausgeweitet wurden. W\u00e4hrend damals lediglich recycelter Kunststoff in der Hardware-Produktion zum Einsatz kam, wurden im vergangenen Jahr alle neuen Macs, alle iPhones und iPad-Modelle mit recycelten seltenen Erden, mit recyceltem Aluminium und mit recyceltem Zinn hergestellt.<\/p>\n<p><a href=\"https:\/\/images.ifun.de\/wp-content\/uploads\/2023\/04\/report-recycling.png\"><img loading=\"lazy\" decoding=\"async\" class=\"aligncenter size-large wp-image-208342\" src=\"https:\/\/images.ifun.de\/wp-content\/uploads\/2023\/04\/report-recycling-700x354.png\" alt=\"Report Recycling\" width=\"700\" height=\"354\" srcset=\"https:\/\/images.ifun.de\/wp-content\/uploads\/2023\/04\/report-recycling-700x354.png 700w, https:\/\/images.ifun.de\/wp-content\/uploads\/2023\/04\/report-recycling-500x253.png 500w, https:\/\/images.ifun.de\/wp-content\/uploads\/2023\/04\/report-recycling-768x389.png 768w, https:\/\/images.ifun.de\/wp-content\/uploads\/2023\/04\/report-recycling-1536x777.png 1536w, https:\/\/images.ifun.de\/wp-content\/uploads\/2023\/04\/report-recycling-2048x1037.png 2048w\" sizes=\"auto, (max-width: 700px) 100vw, 700px\" \/><\/a><\/p>\n<h2>Produkte immer reparierbarer<\/h2>\n<p>Auch die Reparierbarkeit der Apple-Produkte (bei Apple selbst und nicht in Werkst\u00e4tten von Drittanbietern wohlgemerkt) konnte im Laufe der zur\u00fcckliegenden Jahre deutlich zulegen. Apple verdeutlich dies anhand des iPhones. W\u00e4hrend beim iPhone 4 nur SIM-Fach, Akku und r\u00fcckseitige Kamera in Apples Filialgesch\u00e4ften und bei Apples Service-Partnern getauscht werden konnten, wird inzwischen auch das Logicboard, die R\u00fcckkamera, der Lautsprecher, das Geh\u00e4use und das Glas getauscht.<\/p>\n<p><a href=\"https:\/\/images.ifun.de\/wp-content\/uploads\/2023\/04\/report-reparatur.png\"><img loading=\"lazy\" decoding=\"async\" class=\"aligncenter size-large wp-image-208341\" src=\"https:\/\/images.ifun.de\/wp-content\/uploads\/2023\/04\/report-reparatur-700x291.png\" alt=\"Report Reparatur\" width=\"700\" height=\"291\" srcset=\"https:\/\/images.ifun.de\/wp-content\/uploads\/2023\/04\/report-reparatur-700x291.png 700w, https:\/\/images.ifun.de\/wp-content\/uploads\/2023\/04\/report-reparatur-500x208.png 500w, https:\/\/images.ifun.de\/wp-content\/uploads\/2023\/04\/report-reparatur-768x319.png 768w, https:\/\/images.ifun.de\/wp-content\/uploads\/2023\/04\/report-reparatur-1536x638.png 1536w, https:\/\/images.ifun.de\/wp-content\/uploads\/2023\/04\/report-reparatur-2048x851.png 2048w\" sizes=\"auto, (max-width: 700px) 100vw, 700px\" \/><\/a><\/p>\n<h2>CO2-Fu\u00dfabdruck je Produkt<\/h2>\n<p>Im Appendix des Umwelt-Berichts informiert Apple zudem \u00fcber den CO2-Fu\u00dfabdruck ausgesuchter Produkte und l\u00e4sst so einen Vergleich zwischen unterschiedlichen Produkten und Produktkonfigurationen zu.<\/p>\n<p>Wir empfehlen auch zynischen Zeitgenossen, vor dem reflexhaften Greenwashing-Vorwurf einen Blick in den Umwelt-Bericht zu werfen, den wird mit der selben Informationsdichte gerne auch von anderen Branchengr\u00f6\u00dfen vorgelegt bekommen w\u00fcrden.<\/p>\n<p><a href=\"https:\/\/images.ifun.de\/wp-content\/uploads\/2023\/04\/report-co2.png\"><img loading=\"lazy\" decoding=\"async\" class=\"aligncenter size-large wp-image-208343\" src=\"https:\/\/images.ifun.de\/wp-content\/uploads\/2023\/04\/report-co2-700x329.png\" alt=\"Report Co2\" width=\"700\" height=\"329\" srcset=\"https:\/\/images.ifun.de\/wp-content\/uploads\/2023\/04\/report-co2-700x329.png 700w, https:\/\/images.ifun.de\/wp-content\/uploads\/2023\/04\/report-co2-500x235.png 500w, https:\/\/images.ifun.de\/wp-content\/uploads\/2023\/04\/report-co2-768x361.png 768w, https:\/\/images.ifun.de\/wp-content\/uploads\/2023\/04\/report-co2.png 1252w\" sizes=\"auto, (max-width: 700px) 100vw, 700px\" \/><\/a><\/p>\n<p><img loading=\"lazy\" decoding=\"async\" src=\"https:\/\/vg05.met.vgwort.de\/na\/f6de1c362ef0420a8dfa34edfea0a662\" width=\"1\" height=\"1\" no-lazy class=\"tracking\"><\/p>\n","protected":false},"excerpt":{"rendered":"<a href=\"https:\/\/www.ifun.de\/umwelt-bericht-2023-apple-nennt-co2-fussabdruck-je-produkt-208339\/\"><img width=\"150\" height=\"150\" src=\"https:\/\/images.ifun.de\/wp-content\/uploads\/2023\/04\/epr-report-2023-150x150.jpg\" class=\"alignright tfe wp-post-image\" alt=\"Epr Report 2023\" decoding=\"async\" loading=\"lazy\" \/><\/a><p>Apple hat seinen diesj\u00e4hrigen Umwelt-Bericht, den so genannten Environmental Progress Report 2023 ver\u00f6ffentlicht und stellt das 114-seitige PDF-Dokument hier zum Download bereit: PDF: Environmental Progress Report 2023 Der \u00dcberblick auf die Klima-, Recycling und Umweltschutz-Anstrengungen Apples, der das Gesch\u00e4ftsjahr 2022 des Konzerns abdeckt, f\u00e4llt so umfangreich wie noch nie aus und besteht nicht nur aus [&hellip;]<\/p>\n","protected":false},"author":1,"featured_media":208344,"comment_status":"open","ping_status":"closed","sticky":false,"template":"","format":"standard","meta":{"_acf_changed":false,"footnotes":""},"categories":[3],"tags":[4736,887,76],"class_list":["post-208339","post","type-post","status-publish","format-standard","has-post-thumbnail","hentry","category-apple","tag-apple","tag-recycling","tag-umwelt"],"acf":[],"aioseo_notices":[],"subheadline":["Produkte immer reparierbarer","Produkte immer reparierbarer"],"featured_image":["https:\/\/images.ifun.de\/wp-content\/uploads\/2023\/04\/epr-report-2023.jpg"],"rest_api_enabler":{"subheadline":["Produkte immer reparierbarer","Produkte immer reparierbarer"],"featured_image":"https:\/\/images.ifun.de\/wp-content\/uploads\/2023\/04\/epr-report-2023.jpg"},"_links":{"self":[{"href":"https:\/\/www.ifun.de\/apiv2\/wp\/v2\/posts\/208339","targetHints":{"allow":["GET"]}}],"collection":[{"href":"https:\/\/www.ifun.de\/apiv2\/wp\/v2\/posts"}],"about":[{"href":"https:\/\/www.ifun.de\/apiv2\/wp\/v2\/types\/post"}],"author":[{"embeddable":true,"href":"https:\/\/www.ifun.de\/apiv2\/wp\/v2\/users\/1"}],"replies":[{"embeddable":true,"href":"https:\/\/www.ifun.de\/apiv2\/wp\/v2\/comments?post=208339"}],"version-history":[{"count":2,"href":"https:\/\/www.ifun.de\/apiv2\/wp\/v2\/posts\/208339\/revisions"}],"predecessor-version":[{"id":208345,"href":"https:\/\/www.ifun.de\/apiv2\/wp\/v2\/posts\/208339\/revisions\/208345"}],"wp:featuredmedia":[{"embeddable":true,"href":"https:\/\/www.ifun.de\/apiv2\/wp\/v2\/media\/208344"}],"wp:attachment":[{"href":"https:\/\/www.ifun.de\/apiv2\/wp\/v2\/media?parent=208339"}],"wp:term":[{"taxonomy":"category","embeddable":true,"href":"https:\/\/www.ifun.de\/apiv2\/wp\/v2\/categories?post=208339"},{"taxonomy":"post_tag","embeddable":true,"href":"https:\/\/www.ifun.de\/apiv2\/wp\/v2\/tags?post=208339"}],"curies":[{"name":"wp","href":"https:\/\/api.w.org\/{rel}","templated":true}]}}