{"id":207687,"date":"2023-04-11T08:55:53","date_gmt":"2023-04-11T06:55:53","guid":{"rendered":"https:\/\/www.ifun.de\/?p=207687"},"modified":"2023-04-11T08:58:38","modified_gmt":"2023-04-11T06:58:38","slug":"macbook-air-15-bildschirmproduktion-wird-hochgefahren","status":"publish","type":"post","link":"https:\/\/www.ifun.de\/macbook-air-15-bildschirmproduktion-wird-hochgefahren-207687\/","title":{"rendered":"MacBook Air 15&#8243;: Bildschirmproduktion wird hochgefahren"},"content":{"rendered":"<p>Die Chancen f\u00fcr die Einf\u00fchrung eines neuen MacBook Air mit 15 Zoll Bildschirmgr\u00f6\u00dfe im Juni stehen gut. So wie es aussieht, fahren Apples Zulieferer aktuell die Produktion der ben\u00f6tigten Bauteile hoch.<\/p>\n<p>Der auf den Display-Markt spezialisierte Analyst Ross Young hat verlauten lassen, dass die Produktion der Bildschirme f\u00fcr die neue Modellversion gerade schrittweise hochgefahren wird. Das Apple-Blog <a href=\"https:\/\/www.macrumors.com\/2023\/04\/10\/15-inch-macbook-air-component-production\/\">MacRumors<\/a> zitiert diesbez\u00fcglich aus einem nur f\u00fcr Abonnenten von Youngs kostenpflichtigem Newsletter sichtbaren Tweet, dem zufolge die Fertigung der Bauteile bereits im Februar begonnen habe, der Aussto\u00df im M\u00e4rz erh\u00f6ht wurde und eine weitere Produktionssteigerung im aktuellen Monat April geplant sei.<\/p>\n<p><a href=\"https:\/\/images.ifun.de\/wp-content\/uploads\/2023\/04\/macbook-air-m2.jpg\"><img loading=\"lazy\" decoding=\"async\" src=\"https:\/\/images.ifun.de\/wp-content\/uploads\/2023\/04\/macbook-air-m2-700x261.jpg\" alt=\"Macbook Air M2\" width=\"700\" height=\"261\" class=\"alignnone size-large wp-image-207690\" srcset=\"https:\/\/images.ifun.de\/wp-content\/uploads\/2023\/04\/macbook-air-m2-700x261.jpg 700w, https:\/\/images.ifun.de\/wp-content\/uploads\/2023\/04\/macbook-air-m2-500x186.jpg 500w, https:\/\/images.ifun.de\/wp-content\/uploads\/2023\/04\/macbook-air-m2-768x286.jpg 768w, https:\/\/images.ifun.de\/wp-content\/uploads\/2023\/04\/macbook-air-m2.jpg 1400w\" sizes=\"auto, (max-width: 700px) 100vw, 700px\" \/><\/a><\/p>\n<p>Eine kurzfristige Vorstellung der Ger\u00e4te noch im April oder Mai scheint allerdings unwahrscheinlich. Vielmehr sieht es danach aus, dass Apple die neuen Ger\u00e4te im Rahmen seiner Entwicklerkonferenz WWDC im Juni vorstellt.<\/p>\n<h2>MacBook Air und iMac mit M3-Chip zur WWDC<\/h2>\n<p><a href=\"https:\/\/www.ifun.de\/wwdc-2023-ios-17-und-macos-14-werden-am-5-juni-vorgestellt-207044\/\">Apples Entwicklerkonferenz WWDC<\/a> findet auch in diesem Jahr wieder Anfang Juni statt. Die traditionelle Er\u00f6ffnungsveranstaltung ist f\u00fcr den 5. Juni angesetzt. Im vergangenen Jahr wurden in diesem Rahmen die ersten Apple-Ger\u00e4te mit einem M2-Prozessor an Bord vorgestellt.<\/p>\n<p>Es liegt auf der Hand, dass Apple das vorrangig in virtueller Form stattfindende Entwicklertreffen auch in diesem Jahr dazu nutzt, die neueste Generation seiner Desktop-Prozessoren und damit verbunden auch die ersten damit ausgestatteten Ger\u00e4te vorzustellen. <\/p>\n<p>Bereits seit geraumer Zeit wird dar\u00fcber spekuliert, dass das MacBook Air und der iMac die ersten Apple-Computer sein werden, die dann vom Sommer an mit Apples neuer Prozessor-Generation M3 ausgestattet auf den Markt kommen. Das MacBook Air soll dabei dann erstmals zus\u00e4tzlich zur bisherigen Version mit 13 Zoll Bildschirmgr\u00f6\u00dfe auch ein einer Version mit 15 Zoll gro\u00dfem Bildschirm erh\u00e4ltlich sein. Mit J513 und J515 haben Apples interne Codenamen der neu erwarteten Ger\u00e4te bereits vor einigen Wochen <a href=\"https:\/\/www.ifun.de\/macbook-air-und-imac-voraussichtlich-die-ersten-m3-macs-205412\/\">die Runde gemacht<\/a>.<img loading=\"lazy\" decoding=\"async\" src=\"https:\/\/vg04.met.vgwort.de\/na\/e5193f457d5c4ac4831b30c28ec12c8d\" width=\"1\" height=\"1\" no-lazy class=\"tracking\"><\/p>\n","protected":false},"excerpt":{"rendered":"<a href=\"https:\/\/www.ifun.de\/macbook-air-15-bildschirmproduktion-wird-hochgefahren-207687\/\"><img width=\"150\" height=\"150\" src=\"https:\/\/images.ifun.de\/wp-content\/uploads\/2023\/04\/macbook-air-m2-150x150.jpg\" class=\"alignright tfe wp-post-image\" alt=\"Macbook Air M2\" decoding=\"async\" loading=\"lazy\" \/><\/a><p>Die Chancen f\u00fcr die Einf\u00fchrung eines neuen MacBook Air mit 15 Zoll Bildschirmgr\u00f6\u00dfe im Juni stehen gut. So wie es aussieht, fahren Apples Zulieferer aktuell die Produktion der ben\u00f6tigten Bauteile hoch. Der auf den Display-Markt spezialisierte Analyst Ross Young hat verlauten lassen, dass die Produktion der Bildschirme f\u00fcr die neue Modellversion gerade schrittweise hochgefahren wird. [&hellip;]<\/p>\n","protected":false},"author":2,"featured_media":207690,"comment_status":"open","ping_status":"closed","sticky":false,"template":"","format":"standard","meta":{"_acf_changed":false,"footnotes":""},"categories":[1],"tags":[6076,344],"class_list":["post-207687","post","type-post","status-publish","format-standard","has-post-thumbnail","hentry","category-news","tag-m3-prozessor","tag-macbook-air"],"acf":[],"aioseo_notices":[],"subheadline":["Vorstellung wohl zur WWDC"],"featured_image":["https:\/\/images.ifun.de\/wp-content\/uploads\/2022\/06\/macbook-air-feature-.jpg"],"rest_api_enabler":{"subheadline":"Vorstellung wohl zur WWDC","featured_image":"https:\/\/images.ifun.de\/wp-content\/uploads\/2022\/06\/macbook-air-feature-.jpg"},"_links":{"self":[{"href":"https:\/\/www.ifun.de\/apiv2\/wp\/v2\/posts\/207687","targetHints":{"allow":["GET"]}}],"collection":[{"href":"https:\/\/www.ifun.de\/apiv2\/wp\/v2\/posts"}],"about":[{"href":"https:\/\/www.ifun.de\/apiv2\/wp\/v2\/types\/post"}],"author":[{"embeddable":true,"href":"https:\/\/www.ifun.de\/apiv2\/wp\/v2\/users\/2"}],"replies":[{"embeddable":true,"href":"https:\/\/www.ifun.de\/apiv2\/wp\/v2\/comments?post=207687"}],"version-history":[{"count":8,"href":"https:\/\/www.ifun.de\/apiv2\/wp\/v2\/posts\/207687\/revisions"}],"predecessor-version":[{"id":207699,"href":"https:\/\/www.ifun.de\/apiv2\/wp\/v2\/posts\/207687\/revisions\/207699"}],"wp:featuredmedia":[{"embeddable":true,"href":"https:\/\/www.ifun.de\/apiv2\/wp\/v2\/media\/207690"}],"wp:attachment":[{"href":"https:\/\/www.ifun.de\/apiv2\/wp\/v2\/media?parent=207687"}],"wp:term":[{"taxonomy":"category","embeddable":true,"href":"https:\/\/www.ifun.de\/apiv2\/wp\/v2\/categories?post=207687"},{"taxonomy":"post_tag","embeddable":true,"href":"https:\/\/www.ifun.de\/apiv2\/wp\/v2\/tags?post=207687"}],"curies":[{"name":"wp","href":"https:\/\/api.w.org\/{rel}","templated":true}]}}