{"id":206807,"date":"2023-03-27T10:26:09","date_gmt":"2023-03-27T08:26:09","guid":{"rendered":"https:\/\/www.ifun.de\/?p=206807"},"modified":"2023-03-30T19:08:50","modified_gmt":"2023-03-30T17:08:50","slug":"kindle-e-reader-die-besten-preise-des-jahres-sind-da","status":"publish","type":"post","link":"https:\/\/www.ifun.de\/kindle-e-reader-die-besten-preise-des-jahres-sind-da-206807\/","title":{"rendered":"Kindle E-Reader: Die besten Preise des Jahres sind da"},"content":{"rendered":"<p>Noch vor dem Auftakt der diesj\u00e4hrigen <a rel=\"noindex, nofollow\" href=\"https:\/\/www.amazon.de\/events\/springsale?&amp;linkCode=ll2&amp;tag=musicweb02&amp;linkId=31fccb25a65e6a6408ab98c2a6a17dab&amp;language=de_DE&amp;ref_=as_li_ss_tl\">Fr\u00fchjahrsangebote<\/a>, die der Onlineh\u00e4ndler Amazon heute gegen 18:00 Uhr von der Leine lassen will, wurden die <a rel=\"noindex, nofollow\" href=\"https:\/\/www.amazon.de\/b?node=5157844031&amp;linkCode=ll2&amp;tag=musicweb02&amp;linkId=22003dcb7469840b848f78efb4c0c63c&amp;language=de_DE&amp;ref_=as_li_ss_tl\">E-Reader der Kindle-Familie<\/a> im Preis reduziert und sind momentan so preiswert verf\u00fcgbar wie in diesem Jahr bislang noch nicht.<\/p>\n<p><a href=\"https:\/\/images.ifun.de\/wp-content\/uploads\/2021\/09\/kindle-paperwhite-signature-edition.jpg\"><img loading=\"lazy\" decoding=\"async\" class=\"aligncenter size-medium wp-image-175727\" src=\"https:\/\/images.ifun.de\/wp-content\/uploads\/2021\/09\/kindle-paperwhite-signature-edition-500x366.jpg\" alt=\"Kindle Paperwhite Signature Edition\" width=\"500\" height=\"366\" srcset=\"https:\/\/images.ifun.de\/wp-content\/uploads\/2021\/09\/kindle-paperwhite-signature-edition-500x366.jpg 500w, https:\/\/images.ifun.de\/wp-content\/uploads\/2021\/09\/kindle-paperwhite-signature-edition-700x513.jpg 700w, https:\/\/images.ifun.de\/wp-content\/uploads\/2021\/09\/kindle-paperwhite-signature-edition-768x563.jpg 768w, https:\/\/images.ifun.de\/wp-content\/uploads\/2021\/09\/kindle-paperwhite-signature-edition.jpg 1400w\" sizes=\"auto, (max-width: 500px) 100vw, 500px\" \/><\/a><\/p>\n<h2>Amazon baut Kindle-Angebot um<\/h2>\n<p>Der Reduzierung der E-Reader waren sowohl begr\u00fc\u00dfenswerte als auch viel kritisierte \u00c4nderungen am Kindle-Angebot Amazons vorausgegangen.<\/p>\n<p>Zum einen hatte Amazon k\u00fcrzlich den Verkauf von Tageszeitungen, entsprechenden Zeitungsabonnements und Magazinen eingestellt. Eine Neuerung, mit der sich das Kindle nun leider nicht mehr als bequemer, digitaler Zeitungs-Kiosk am Urlaubsort einsetzen l\u00e4sst, zumindest nicht ohne das E-Paper zuvor woanders zu organisieren und selbst auf das Ger\u00e4t zu \u00fcbertragen.<\/p>\n<ul>\n<li><strong>Amazon Kindle:<\/strong> <a title=\"Amazon Kindle: Zeitschriften- und Zeitungs-Abos werden eingestellt\" href=\"https:\/\/www.ifun.de\/amazon-kindle-zeitschriften-und-zeitungs-abos-werden-eingestellt-206276\/\">Zeitschriften- und Zeitungs-Abos werden eingestellt<\/a><\/li>\n<\/ul>\n<p>Aktuell wird vermutet, dass Amazon mit diesem Schritt die eigene Leseflatrate <a rel=\"noindex, nofollow\" href=\"https:\/\/www.amazon.de\/kindle-dbs\/hz\/subscribe\/ku?&amp;linkCode=ll2&amp;tag=musicweb02&amp;linkId=35f006bfec2f171a4826776c928f2539&amp;language=de_DE&amp;ref_=as_li_ss_tl\">Amazon Kindle Unlimited<\/a> st\u00e4rken will und Zeitungsverlegern so druck macht, an dieser mitzuwirken.<\/p>\n<p>Zum anderen hat Amazon erst Ende des vergangenen Jahres die M\u00f6glichkeit nachgereicht, <a href=\"https:\/\/www.ifun.de\/epub-statt-mobi-amazon-beschneidet-an-kindle-senden-funktion-189597\/\">.EPUB-Dateien<\/a> auf die Kindle-Leseger\u00e4te zu \u00fcbertragen und unterst\u00fctzt damit nun endlich den wohl am weitesten verbreiteten Standard von E-Books \u00fcberhaupt.<\/p>\n<p><a rel=\"noindex, nofollow\" href=\"https:\/\/www.amazon.de\/b?node=5157844031&amp;linkCode=ll2&amp;tag=musicweb02&amp;linkId=22003dcb7469840b848f78efb4c0c63c&amp;language=de_DE&amp;ref_=as_li_ss_tl\"><img loading=\"lazy\" decoding=\"async\" class=\"aligncenter wp-image-206810 size-large\" src=\"https:\/\/images.ifun.de\/wp-content\/uploads\/2023\/03\/kindle-geraete-700x480.png\" alt=\"Kindle Geraete\" width=\"700\" height=\"480\" srcset=\"https:\/\/images.ifun.de\/wp-content\/uploads\/2023\/03\/kindle-geraete-700x480.png 700w, https:\/\/images.ifun.de\/wp-content\/uploads\/2023\/03\/kindle-geraete-500x343.png 500w, https:\/\/images.ifun.de\/wp-content\/uploads\/2023\/03\/kindle-geraete-768x527.png 768w, https:\/\/images.ifun.de\/wp-content\/uploads\/2023\/03\/kindle-geraete-1536x1053.png 1536w, https:\/\/images.ifun.de\/wp-content\/uploads\/2023\/03\/kindle-geraete.png 1808w\" sizes=\"auto, (max-width: 700px) 100vw, 700px\" \/><\/a><\/p>\n<h2>Aktuell zu Impulskauf-Preisen<\/h2>\n<p>Nach wie vor macht die Integration des Amazon Stores <a rel=\"noindex, nofollow\" href=\"https:\/\/www.amazon.de\/b?node=5157844031&amp;linkCode=ll2&amp;tag=musicweb02&amp;linkId=22003dcb7469840b848f78efb4c0c63c&amp;language=de_DE&amp;ref_=as_li_ss_tl\">die Kindle-E-Reader<\/a> aber nahezu konkurrenzlos, zudem r\u00fccken die jetzt geforderten Preise die unterschiedlichen Varianten des E-Readers in Impulskauf-Gefilde.<\/p>\n<p>Nach unserer Meinung gefragt, w\u00fcrden wir die aktuelle Version des Kindle Paperwhite empfehlen und derzeit noch einen Bogen um den mit zus\u00e4tzlicher Handschrifteingabe ausgestatteten <a rel=\"noindex, nofollow\" href=\"http:\/\/www.ifun.de\/amzn\/B09BSQ8PRD\">Kindle Scribe<\/a> machen.<\/p>\n<p>Die Stift- und PDF-Funktionen gefallen uns zwar ausgesprochen gut, die Gr\u00f6\u00dfe und das nicht unerhebliche Gewicht von 433 Gramm lassen dass einh\u00e4ndige Lesen mit dem Kinde Scribe aber nicht wirklich lange zu.<\/p>\n<p>Im Rahmen der Preisreduzierung wird das neueste Kindle Paperwhite (ohne Werbung) derzeit bereits f\u00fcr 104,99 Euro statt 149,99 Euro angeboten. Mit Werbung ist dieser bereits f\u00fcr 85 Euro zu haben.<\/p>\n<script>\r\n  function open_amazon(link) {\r\n    if (navigator.userAgent.indexOf(\"Firefox\") != -1) {\r\n      window.open(link, '_blank');\r\n    } else {\r\n      var tag = document.createElement('a');\r\n      tag.setAttribute('href', link);\r\n      tag.innerHTML = \"amzn\";\r\n      tag.click();\r\n    }\r\n  }\r\n<\/script>\r\n    <div id=\"article-single-amazon-preview\" onclick=\"return open_amazon('https:\/\/www.amazon.de\/dp\/B08N3TCP2F?tag=musicweb02&linkCode=ogi&th=1&psc=1');\">\n  <div id=\"article-single-amazon-preview-header\">\n    <span class=\"title\">Produkthinweis<\/span>\n      <\/div>\n  <div id=\"article-single-amazon-preview-content\">\n    <div id=\"article-single-amazon-preview-img\" style=\"background: url('https:\/\/m.media-amazon.com\/images\/I\/41aqFYA+fgL.jpg') center center no-repeat; background-size: cover;\"><\/div>\n    <div id=\"article-single-amazon-preview-desc\">\n      <span class=\"bezeichnung\"><a href=\"https:\/\/www.amazon.de\/dp\/B08N3TCP2F?tag=musicweb02&linkCode=ogi&th=1&psc=1\" style=\"text-decoration: none; border-bottom: 0px; box-shadow: none;\">Kindle Paperwhite (8 GB) \u2013 Jetzt mit 6,8-Zoll-Display (17,3 cm) und verstellbarer Farbtemperatur \u2013 mit Werbung...<\/a><\/span>\n      <span class=\"preis--aktuell\">84,99 EUR<\/span>\n      <span class=\"preis--alt\"><\/span>\n    <\/div>\n  <\/div>\n<\/div>\n<p><img loading=\"lazy\" decoding=\"async\" src=\"https:\/\/vg06.met.vgwort.de\/na\/f0c23312cdf74f13982d23438ced227d\" width=\"1\" height=\"1\" no-lazy class=\"tracking\"><\/p>\n","protected":false},"excerpt":{"rendered":"<a href=\"https:\/\/www.ifun.de\/kindle-e-reader-die-besten-preise-des-jahres-sind-da-206807\/\"><img width=\"150\" height=\"150\" src=\"https:\/\/images.ifun.de\/wp-content\/uploads\/2023\/03\/kindle-geraete-150x150.png\" class=\"alignright tfe wp-post-image\" alt=\"Kindle Geraete\" decoding=\"async\" loading=\"lazy\" \/><\/a><p>Noch vor dem Auftakt der diesj\u00e4hrigen Fr\u00fchjahrsangebote, die der Onlineh\u00e4ndler Amazon heute gegen 18:00 Uhr von der Leine lassen will, wurden die E-Reader der Kindle-Familie im Preis reduziert und sind momentan so preiswert verf\u00fcgbar wie in diesem Jahr bislang noch nicht. Amazon baut Kindle-Angebot um Der Reduzierung der E-Reader waren sowohl begr\u00fc\u00dfenswerte als auch viel [&hellip;]<\/p>\n","protected":false},"author":1,"featured_media":206810,"comment_status":"open","ping_status":"closed","sticky":false,"template":"","format":"standard","meta":{"_acf_changed":false,"footnotes":""},"categories":[1,1783],"tags":[4569,523,40],"class_list":["post-206807","post","type-post","status-publish","format-standard","has-post-thumbnail","hentry","category-news","category-feature","tag-amazon-kindle","tag-kindle","tag-sparen"],"acf":[],"aioseo_notices":[],"subheadline":["30 Prozent auf Paperwhite und Co.","30 Prozent auf Paperwhite und Co."],"featured_image":["https:\/\/images.ifun.de\/wp-content\/uploads\/2023\/03\/kindle-familie.jpg"],"rest_api_enabler":{"subheadline":["30 Prozent auf Paperwhite und Co.","30 Prozent auf Paperwhite und Co."],"featured_image":"https:\/\/images.ifun.de\/wp-content\/uploads\/2023\/03\/kindle-familie.jpg"},"_links":{"self":[{"href":"https:\/\/www.ifun.de\/apiv2\/wp\/v2\/posts\/206807","targetHints":{"allow":["GET"]}}],"collection":[{"href":"https:\/\/www.ifun.de\/apiv2\/wp\/v2\/posts"}],"about":[{"href":"https:\/\/www.ifun.de\/apiv2\/wp\/v2\/types\/post"}],"author":[{"embeddable":true,"href":"https:\/\/www.ifun.de\/apiv2\/wp\/v2\/users\/1"}],"replies":[{"embeddable":true,"href":"https:\/\/www.ifun.de\/apiv2\/wp\/v2\/comments?post=206807"}],"version-history":[{"count":3,"href":"https:\/\/www.ifun.de\/apiv2\/wp\/v2\/posts\/206807\/revisions"}],"predecessor-version":[{"id":206999,"href":"https:\/\/www.ifun.de\/apiv2\/wp\/v2\/posts\/206807\/revisions\/206999"}],"wp:featuredmedia":[{"embeddable":true,"href":"https:\/\/www.ifun.de\/apiv2\/wp\/v2\/media\/206810"}],"wp:attachment":[{"href":"https:\/\/www.ifun.de\/apiv2\/wp\/v2\/media?parent=206807"}],"wp:term":[{"taxonomy":"category","embeddable":true,"href":"https:\/\/www.ifun.de\/apiv2\/wp\/v2\/categories?post=206807"},{"taxonomy":"post_tag","embeddable":true,"href":"https:\/\/www.ifun.de\/apiv2\/wp\/v2\/tags?post=206807"}],"curies":[{"name":"wp","href":"https:\/\/api.w.org\/{rel}","templated":true}]}}