{"id":206687,"date":"2023-03-23T20:31:14","date_gmt":"2023-03-23T19:31:14","guid":{"rendered":"https:\/\/www.ifun.de\/?p=206687"},"modified":"2023-03-23T20:31:14","modified_gmt":"2023-03-23T19:31:14","slug":"sonos-move-zweite-generation-soll-im-spaetsommer-kommen","status":"publish","type":"post","link":"https:\/\/www.ifun.de\/sonos-move-zweite-generation-soll-im-spaetsommer-kommen-206687\/","title":{"rendered":"Sonos Move: Zweite Generation soll im Sp\u00e4tsommer kommen"},"content":{"rendered":"<p>Der Akku-Lautsprecher <a href=\"https:\/\/www.ifun.de\/sonos-move-bluetooth-auto-trueplay-10-stunden-akku-142684\/\" title=\"hier von uns vorgestellten\">Sonos Move<\/a> feiert im September seinen vierten Geburtstag. So wie es aussieht, nimmt der Hersteller das fortgeschrittene Alter des Modells zum Anlass f\u00fcr die Vorstellung einer neuen Generation. Das Onlinemagazin <a href=\"https:\/\/www.theverge.com\/2023\/3\/23\/23653411\/sonos-move-2-bluetooth-speaker-exclusive-details-features\">The Verge<\/a> hat unter der Hand die ersten Infos zu der \u00fcberarbeiteten Version erhalten und kann vermelden, dass sich eher wenig \u00e4ndern wird.<\/p>\n<p>So soll der Sonos Move auch in der zweiten Generation seine bisherige Form und Gr\u00f6\u00dfe behalten. F\u00fcr einen tragbaren Lautsprecher ist der Move zwar ungewohnt gro\u00df und schwer, allerdings wirken sich diese Eigenschaften hervorragend auf die Klangeigenschaften der Lautsprechers aus. Wer einen kleineren portablen Lautsprecher aus dem Hause Sonos sucht, findet dar\u00fcber hinaus mit dem Roam bereits jetzt eine gute Alternative.<\/p>\n<p><a href=\"https:\/\/images.ifun.de\/wp-content\/uploads\/2019\/08\/sonos-move-front-rueckseite.jpg\"><img loading=\"lazy\" decoding=\"async\" src=\"https:\/\/images.ifun.de\/wp-content\/uploads\/2019\/08\/sonos-move-front-rueckseite-700x492.jpg\" alt=\"Sonos Move Front Rueckseite\" width=\"700\" height=\"492\" class=\"alignnone size-large wp-image-141785\" srcset=\"https:\/\/images.ifun.de\/wp-content\/uploads\/2019\/08\/sonos-move-front-rueckseite-700x492.jpg 700w, https:\/\/images.ifun.de\/wp-content\/uploads\/2019\/08\/sonos-move-front-rueckseite-500x351.jpg 500w, https:\/\/images.ifun.de\/wp-content\/uploads\/2019\/08\/sonos-move-front-rueckseite-768x540.jpg 768w, https:\/\/images.ifun.de\/wp-content\/uploads\/2019\/08\/sonos-move-front-rueckseite.jpg 800w\" sizes=\"auto, (max-width: 700px) 100vw, 700px\" \/><\/a><\/p>\n<h2>Wohl keine gro\u00dfen \u00c4nderungen<\/h2>\n<p>Als einzige bislang bekannte \u00c4nderung soll der neue Move auf den manuellen Umschalter zwischen WLAN und Bluetooth verzichten und die unter anderem auch bereits in den Sonos Roam integrierte Funktion zum einfachen Wechsel der Audioquellen \u00fcbernehmen. Das neue Modell soll im sp\u00e4ten Sommer oder fr\u00fchen Herbst in den Handel kommen.<\/p>\n<p>Die mittlerweile knapp vier Jahre auf dem Markt haben immerhin dazu gef\u00fchrt, dass der Sonos Move ein St\u00fcck weit im Preis gefallen ist &#8211; und das obwohl der Hersteller den offiziellen Preis von urspr\u00fcnglich 399 Euro auf 449 Euro erh\u00f6ht hat. Aktuell ist der tragbare Sonos-Lautsprecher bei <a href=\"https:\/\/clk.tradedoubler.com\/click?p=302027&amp;a=747172&amp;url=https%3A%2F%2Fwww.galaxus.de%2Fde%2Fs1%2Fproduct%2Fsonos-move-wlan-bluetooth-airplay-2-multipair-aac-multiroom-system-13343146\">Galaxus<\/a> oder auch <a href=\"https:\/\/pvn.mediamarkt.de\/trck\/eclick\/fc83c8529e5e66bc02dac1286e9d288b\">MediaMarkt<\/a> f\u00fcr 339 Euro zu haben.<\/p>\n<h2>Neue Sonos-Lautsprecher am Dienstag<\/h2>\n<p>Sonos hat derweil den Verkaufsstart seiner neuen Lautsprechergeneration \u201eEra\u201c f\u00fcr die kommende Woche angek\u00fcndigt. Als neues Flaggschiff geht dann das f\u00fcr 499 Euro erh\u00e4ltliche Modell <a href=\"https:\/\/www.sonos.com\/de-de\/shop\/era-300\">Era 300<\/a> mit Unterst\u00fctzung von 3D-Audio an den Start. Dar\u00fcber hinaus bringt Sonos mit dem <a href=\"https:\/\/www.sonos.com\/de-de\/shop\/era-100\">Era 100<\/a> am Dienstag noch einen Nachfolger f\u00fcr den Sonos One in den Handel.<img loading=\"lazy\" decoding=\"async\" src=\"https:\/\/vg09.met.vgwort.de\/na\/026a1a6a11e84e9e99860f05fe4c7ad6\" width=\"1\" height=\"1\" no-lazy class=\"tracking\"><\/p>\n","protected":false},"excerpt":{"rendered":"<a href=\"https:\/\/www.ifun.de\/sonos-move-zweite-generation-soll-im-spaetsommer-kommen-206687\/\"><img decoding=\"async\" width=\"150\" src=\"https:\/\/images.ifun.de\/wp-content\/uploads\/2019\/08\/sonos-move-front-rueckseite-700x492.jpg\" class=\"alignright wp-post-image tfe\" alt=\"Sonos Move Front Rueckseite\" title=\"\" \/><\/a><p>Der Akku-Lautsprecher Sonos Move feiert im September seinen vierten Geburtstag. So wie es aussieht, nimmt der Hersteller das fortgeschrittene Alter des Modells zum Anlass f\u00fcr die Vorstellung einer neuen Generation. Das Onlinemagazin The Verge hat unter der Hand die ersten Infos zu der \u00fcberarbeiteten Version erhalten und kann vermelden, dass sich eher wenig \u00e4ndern wird. [&hellip;]<\/p>\n","protected":false},"author":2,"featured_media":0,"comment_status":"open","ping_status":"closed","sticky":false,"template":"","format":"standard","meta":{"_acf_changed":false,"footnotes":""},"categories":[1],"tags":[1068],"class_list":["post-206687","post","type-post","status-publish","format-standard","hentry","category-news","tag-sonos"],"acf":[],"aioseo_notices":[],"subheadline":["Nur marginale \u00c4nderungen"],"featured_image":["https:\/\/images.ifun.de\/wp-content\/uploads\/2019\/09\/sonos-move.jpg"],"rest_api_enabler":{"subheadline":"Nur marginale \u00c4nderungen","featured_image":"https:\/\/images.ifun.de\/wp-content\/uploads\/2019\/09\/sonos-move.jpg"},"_links":{"self":[{"href":"https:\/\/www.ifun.de\/apiv2\/wp\/v2\/posts\/206687","targetHints":{"allow":["GET"]}}],"collection":[{"href":"https:\/\/www.ifun.de\/apiv2\/wp\/v2\/posts"}],"about":[{"href":"https:\/\/www.ifun.de\/apiv2\/wp\/v2\/types\/post"}],"author":[{"embeddable":true,"href":"https:\/\/www.ifun.de\/apiv2\/wp\/v2\/users\/2"}],"replies":[{"embeddable":true,"href":"https:\/\/www.ifun.de\/apiv2\/wp\/v2\/comments?post=206687"}],"version-history":[{"count":2,"href":"https:\/\/www.ifun.de\/apiv2\/wp\/v2\/posts\/206687\/revisions"}],"predecessor-version":[{"id":206689,"href":"https:\/\/www.ifun.de\/apiv2\/wp\/v2\/posts\/206687\/revisions\/206689"}],"wp:attachment":[{"href":"https:\/\/www.ifun.de\/apiv2\/wp\/v2\/media?parent=206687"}],"wp:term":[{"taxonomy":"category","embeddable":true,"href":"https:\/\/www.ifun.de\/apiv2\/wp\/v2\/categories?post=206687"},{"taxonomy":"post_tag","embeddable":true,"href":"https:\/\/www.ifun.de\/apiv2\/wp\/v2\/tags?post=206687"}],"curies":[{"name":"wp","href":"https:\/\/api.w.org\/{rel}","templated":true}]}}