{"id":206678,"date":"2023-03-23T18:59:06","date_gmt":"2023-03-23T17:59:06","guid":{"rendered":"https:\/\/www.ifun.de\/?p=206678"},"modified":"2023-03-23T19:00:51","modified_gmt":"2023-03-23T18:00:51","slug":"boom-boom-the-world-vs-boris-becker-kommt-auf-apple-tv","status":"publish","type":"post","link":"https:\/\/www.ifun.de\/boom-boom-the-world-vs-boris-becker-kommt-auf-apple-tv-206678\/","title":{"rendered":"&#8222;Boom! Boom! The World vs Boris Becker&#8220; kommt auf Apple TV+"},"content":{"rendered":"<p>Mit <a href=\"https:\/\/tv.apple.com\/de\/show\/boom-boom-the-world-vs-boris-becker\/umc.cmc.nrpql3y16pqdot7foyan3z52\">Boom! Boom! The World vs Boris Becker<\/a> l\u00e4uft bei Apple TV+ vom 7. April an eine Dokumentation \u00fcber die in den 1980er-Jahren ber\u00fchmt gewordene und im Laufe der Zeit auch in diverse Skandale verstrickte Tennisgr\u00f6\u00dfe. Apple hat nun vorab den offiziellen Trailer zu der zweiteiligen Produktion ver\u00f6ffentlicht.<\/p>\n<p>\u201eBoom! Boom! The World vs Boris Becker\u201c verspricht einen Einblick in das Leben und die Karriere von Becker und l\u00e4sst damit verbunden mit Personen wie John McEnroe und Bj\u00f6rn Borg auch namhafte Zeitzeugen zu Wort kommen.<\/p>\n<p><div class=\"responsive-video\"><iframe loading=\"lazy\" title=\"Boom! Boom! The World vs. Boris Becker \u2014 Official Trailer | Apple TV+\" width=\"500\" height=\"281\" src=\"https:\/\/www.youtube-nocookie.com\/embed\/hl9-tFmcAso?feature=oembed\" frameborder=\"0\" allow=\"accelerometer; autoplay; clipboard-write; encrypted-media; gyroscope; picture-in-picture; web-share\" referrerpolicy=\"strict-origin-when-cross-origin\" allowfullscreen><\/iframe><\/div><\/p>\n<blockquote>\n<p>Vom j\u00fcngsten Wimbledon-Champion aller Zeiten im Alter von 17 Jahren bis hin zu einem Mann, der wegen Betrugs verurteilt wurde, ist das Leben von Boris Becker alles andere als gew\u00f6hnlich. Mit epischen 49 Karrieretiteln, darunter sechs Grand Slams und einer olympischen Goldmedaille, sorgte Beckers Rockstar-Lifestyle abseits des Platzes ebenso f\u00fcr Schlagzeilen wie seine Siege.<\/p>\n<\/blockquote \n\n","protected":false},"excerpt":{"rendered":"<a href=\"https:\/\/www.ifun.de\/boom-boom-the-world-vs-boris-becker-kommt-auf-apple-tv-206678\/\"><img width=\"150\" height=\"150\" src=\"https:\/\/images.ifun.de\/wp-content\/uploads\/2023\/03\/feature-bb-150x150.jpg\" class=\"alignright tfe wp-post-image\" alt=\"Feature Bb\" decoding=\"async\" loading=\"lazy\" \/><\/a><p>Mit Boom! Boom! The World vs Boris Becker l\u00e4uft bei Apple TV+ vom 7. April an eine Dokumentation \u00fcber die in den 1980er-Jahren ber\u00fchmt gewordene und im Laufe der Zeit auch in diverse Skandale verstrickte Tennisgr\u00f6\u00dfe. Apple hat nun vorab den offiziellen Trailer zu der zweiteiligen Produktion ver\u00f6ffentlicht. \u201eBoom! Boom! The World vs Boris Becker\u201c [&hellip;]<\/p>\n","protected":false},"author":2,"featured_media":206685,"comment_status":"open","ping_status":"closed","sticky":false,"template":"","format":"standard","meta":{"_acf_changed":false,"footnotes":""},"categories":[4],"tags":[],"class_list":["post-206678","post","type-post","status-publish","format-standard","has-post-thumbnail","hentry","category-appletv"],"acf":[],"aioseo_notices":[],"subheadline":["Erster Trailer ver\u00f6ffentlicht"],"featured_image":["https:\/\/images.ifun.de\/wp-content\/uploads\/2023\/03\/feature-bb.jpg"],"rest_api_enabler":{"subheadline":"Erster Trailer ver\u00f6ffentlicht","featured_image":"https:\/\/images.ifun.de\/wp-content\/uploads\/2023\/03\/feature-bb.jpg"},"_links":{"self":[{"href":"https:\/\/www.ifun.de\/apiv2\/wp\/v2\/posts\/206678","targetHints":{"allow":["GET"]}}],"collection":[{"href":"https:\/\/www.ifun.de\/apiv2\/wp\/v2\/posts"}],"about":[{"href":"https:\/\/www.ifun.de\/apiv2\/wp\/v2\/types\/post"}],"author":[{"embeddable":true,"href":"https:\/\/www.ifun.de\/apiv2\/wp\/v2\/users\/2"}],"replies":[{"embeddable":true,"href":"https:\/\/www.ifun.de\/apiv2\/wp\/v2\/comments?post=206678"}],"version-history":[{"count":5,"href":"https:\/\/www.ifun.de\/apiv2\/wp\/v2\/posts\/206678\/revisions"}],"predecessor-version":[{"id":206683,"href":"https:\/\/www.ifun.de\/apiv2\/wp\/v2\/posts\/206678\/revisions\/206683"}],"wp:featuredmedia":[{"embeddable":true,"href":"https:\/\/www.ifun.de\/apiv2\/wp\/v2\/media\/206685"}],"wp:attachment":[{"href":"https:\/\/www.ifun.de\/apiv2\/wp\/v2\/media?parent=206678"}],"wp:term":[{"taxonomy":"category","embeddable":true,"href":"https:\/\/www.ifun.de\/apiv2\/wp\/v2\/categories?post=206678"},{"taxonomy":"post_tag","embeddable":true,"href":"https:\/\/www.ifun.de\/apiv2\/wp\/v2\/tags?post=206678"}],"curies":[{"name":"wp","href":"https:\/\/api.w.org\/{rel}","templated":true}]}}