{"id":204694,"date":"2023-02-21T11:23:14","date_gmt":"2023-02-21T10:23:14","guid":{"rendered":"https:\/\/www.ifun.de\/?p=204694"},"modified":"2023-02-21T11:23:54","modified_gmt":"2023-02-21T10:23:54","slug":"zdf-mediathek-die-neuzugaenge-im-maerz-2023","status":"publish","type":"post","link":"https:\/\/www.ifun.de\/zdf-mediathek-die-neuzugaenge-im-maerz-2023-204694\/","title":{"rendered":"ZDF Mediathek: Die Neuzug\u00e4nge im M\u00e4rz 2023"},"content":{"rendered":"<p>\u00dcber die M\u00e4rz-Neuerscheinungen bei <a title=\"Disney+\" href=\"https:\/\/www.ifun.de\/neu-auf-disney-die-neuzugaenge-im-maerz-2023-204531\/\">Disney+<\/a> haben wir bereits informiert. Heute hat uns auch das <a href=\"https:\/\/www.zdf.de\/\">ZDF<\/a> die Liste mit den f\u00fcr den kommenden Monat geplanten Neuzug\u00e4ngen in der hauseigenen Mediathek zukommen lassen.<\/p>\n<p>Neben der dreiteiligen Dokuserie &#8222;Blutsbande \u2013 Clans in Berlin&#8220;, die Einblicke in die geschlossene Welt krimineller Gro\u00dffamilien gibt, gibt es eine Dokumentation \u00fcber Basketball-Star Dirk Nowitzki, mehrere Retro-Inhalte, zwei Staffeln der britische Thriller-Serie &#8222;Killing Eve&#8220; und die neue Comedyserie &#8222;Like a Loser&#8220; mit acht Folgen.<\/p>\n<h3>&#8222;Blutsbande \u2013 Clans in Berlin&#8220; \u2013 Dreiteilige Dokuserie<\/h3>\n<p><strong>Ab sofort online<\/strong><\/p>\n<blockquote><p>Clans in Berlin stehen immer wieder mit spektakul\u00e4ren Straftaten in der \u00d6ffentlichkeit. Doch ihr Wirken geht viel tiefer. Sie haben eine Parallelgesellschaft geschaffen, zu der nur wenige Zugang bekommen. Die Dokuserie gibt exklusive Einblicke in diese geschlossene Welt. <a href=\"https:\/\/presseportal.zdf.de\/pressemappe\/blutsbande-clans-in-berlin\">Weitere Infos<\/a>.<\/p><\/blockquote>\n<p><a href=\"https:\/\/images.ifun.de\/wp-content\/uploads\/2023\/02\/blutsbande.jpg\"><img loading=\"lazy\" decoding=\"async\" class=\"size-large wp-image-204695\" src=\"https:\/\/images.ifun.de\/wp-content\/uploads\/2023\/02\/blutsbande-700x369.jpg\" alt=\"Blutsbande Clans In Berlin\" width=\"700\" height=\"369\" srcset=\"https:\/\/images.ifun.de\/wp-content\/uploads\/2023\/02\/blutsbande-700x369.jpg 700w, https:\/\/images.ifun.de\/wp-content\/uploads\/2023\/02\/blutsbande-500x264.jpg 500w, https:\/\/images.ifun.de\/wp-content\/uploads\/2023\/02\/blutsbande-768x405.jpg 768w, https:\/\/images.ifun.de\/wp-content\/uploads\/2023\/02\/blutsbande.jpg 1024w\" sizes=\"auto, (max-width: 700px) 100vw, 700px\" \/><\/a><\/p>\n<h6>ZDF und Tobias Lenz<\/h6>\n<h3>&#8222;Im Zeichen der 14&#8220; \u2013 Dokumentation \u00fcber Basketball-Star Dirk Nowitzki<\/h3>\n<p><strong>Ab sofort online<\/strong><\/p>\n<p>Zum Auftakt der Basketball-Europameisterschaft in Deutschland wurde Dirk Nowitzki eine besondere Ehre zuteil: Seine R\u00fcckennummer &#8222;14&#8220; wurde an die Hallendecke der K\u00f6lner Arena gezogen \u2013 sie wird nie wieder vergeben. Wie Deutschlands Basketball-Legende die Ehrung erlebt hat, die erstmals einem deutschen Nationalspieler zuteilwurde, beleuchtet die Doku. <a href=\"https:\/\/www.zdf.de\/sport\/zdf-sportreportage\/dirk-nowitzki-basketball-dbb-nationalmannschaft-14-eurobasket-doku-100.html\">Weitere Infos<\/a>.<\/p>\n<p><a href=\"https:\/\/images.ifun.de\/wp-content\/uploads\/2023\/02\/nummer-14.jpg\"><img loading=\"lazy\" decoding=\"async\" class=\"aligncenter size-large wp-image-204696\" src=\"https:\/\/images.ifun.de\/wp-content\/uploads\/2023\/02\/nummer-14-700x394.jpg\" alt=\"Nummer 14\" width=\"700\" height=\"394\" srcset=\"https:\/\/images.ifun.de\/wp-content\/uploads\/2023\/02\/nummer-14-700x394.jpg 700w, https:\/\/images.ifun.de\/wp-content\/uploads\/2023\/02\/nummer-14-500x281.jpg 500w, https:\/\/images.ifun.de\/wp-content\/uploads\/2023\/02\/nummer-14-768x432.jpg 768w, https:\/\/images.ifun.de\/wp-content\/uploads\/2023\/02\/nummer-14-1536x864.jpg 1536w, https:\/\/images.ifun.de\/wp-content\/uploads\/2023\/02\/nummer-14.jpg 1920w\" sizes=\"auto, (max-width: 700px) 100vw, 700px\" \/><\/a><\/p>\n<h6>ZDF<\/h6>\n<h3>&#8222;Tatort Ukraine \u2013 Menschen im Krieg&#8220; \u2013 sechsteilige Dokureihe<\/h3>\n<p><strong>Ab sofort online<\/strong><\/p>\n<blockquote><p>Ein Angriffskrieg in Europa schien lange unvorstellbar. F\u00fcr die Menschen in der Ukraine ist er inzwischen Realit\u00e4t. Anhand pers\u00f6nlicher Geschichten erz\u00e4hlt &#8222;Tatort Ukraine&#8220;, wie der Ausbruch des Krieges Lebenswege auf den Kopf gestellt hat und zeigt auf, wie der Krieg eine zivile Gesellschaft binnen k\u00fcrzester Zeit ver\u00e4ndert. <a href=\"https:\/\/presseportal.zdf.de\/pressemappe\/ein-jahr-ukraine-krieg\">Weitere Infos<\/a>.<\/p><\/blockquote>\n<p><a href=\"https:\/\/images.ifun.de\/wp-content\/uploads\/2023\/02\/ein-jahr-krieg.jpg\"><img loading=\"lazy\" decoding=\"async\" class=\"aligncenter size-large wp-image-204697\" src=\"https:\/\/images.ifun.de\/wp-content\/uploads\/2023\/02\/ein-jahr-krieg-700x210.jpg\" alt=\"Ein Jahr Krieg\" width=\"700\" height=\"210\" srcset=\"https:\/\/images.ifun.de\/wp-content\/uploads\/2023\/02\/ein-jahr-krieg-700x210.jpg 700w, https:\/\/images.ifun.de\/wp-content\/uploads\/2023\/02\/ein-jahr-krieg-500x150.jpg 500w, https:\/\/images.ifun.de\/wp-content\/uploads\/2023\/02\/ein-jahr-krieg-768x230.jpg 768w, https:\/\/images.ifun.de\/wp-content\/uploads\/2023\/02\/ein-jahr-krieg-1536x460.jpg 1536w, https:\/\/images.ifun.de\/wp-content\/uploads\/2023\/02\/ein-jahr-krieg.jpg 1904w\" sizes=\"auto, (max-width: 700px) 100vw, 700px\" \/><\/a><\/p>\n<h6>ZDF<\/h6>\n<h3>&#8222;60 Jahre junge Filme&#8220;\u2013 Filme zum Jubil\u00e4um des &#8222;kleinen Fernsehspiels&#8220;<\/h3>\n<p><strong>Ab 3. M\u00e4rz<\/strong><\/p>\n<blockquote><p>&#8222;Das kleine Fernsehspiel&#8220; wird sechzig und pr\u00e4sentiert die Reihe &#8222;60 Jahre junge Filme&#8220;. Bereits seit April 1963 haben zahlreiche heute etablierte Regisseurinnen und Regisseure ihre ersten Filme mit der ZDF-Redaktion realisiert. Highlights aus den Jahrzehnten sind in der ZDFmediathek abrufbar. <a href=\"https:\/\/presseportal.zdf.de\/pressemappe\/60-jahre-junge-filme-zum-jubilaeum\">Weitere Infos<\/a>.<\/p><\/blockquote>\n<p><a href=\"https:\/\/images.ifun.de\/wp-content\/uploads\/2023\/02\/fernsehspiel.jpg\"><img loading=\"lazy\" decoding=\"async\" class=\"size-large wp-image-204698\" src=\"https:\/\/images.ifun.de\/wp-content\/uploads\/2023\/02\/fernsehspiel-700x467.jpg\" alt=\"24 Wochen\" width=\"700\" height=\"467\" srcset=\"https:\/\/images.ifun.de\/wp-content\/uploads\/2023\/02\/fernsehspiel-700x467.jpg 700w, https:\/\/images.ifun.de\/wp-content\/uploads\/2023\/02\/fernsehspiel-500x333.jpg 500w, https:\/\/images.ifun.de\/wp-content\/uploads\/2023\/02\/fernsehspiel-768x512.jpg 768w, https:\/\/images.ifun.de\/wp-content\/uploads\/2023\/02\/fernsehspiel.jpg 1024w\" sizes=\"auto, (max-width: 700px) 100vw, 700px\" \/><\/a><\/p>\n<h6>ZDF und Friede Clausz<\/h6>\n<h3>&#8222;Bella Block&#8220; und &#8222;Rosa Roth&#8220; \u2013 Krimi-Klassiker in der ZDFmediathek<\/h3>\n<p><strong>Ab 3. M\u00e4rz<\/strong><\/p>\n<blockquote><p>Hannelore Hoger ermittelte bis 2018 als &#8222;Bella Block&#8220; in Hamburg, Iris Berben bis 2013 als &#8222;Rosa Roth&#8220; in Berlin. In der ZDFmediathek sind beide nun wieder in ihren Paraderollen zu sehen: &#8222;Bella Block&#8220; mit 17 Filmen, &#8222;Rosa Roth&#8220; mit 20. <a href=\"https:\/\/www.zdf.de\/60-jahre-zdf\">Weitere Infos<\/a>.<\/p><\/blockquote>\n<p><a href=\"https:\/\/images.ifun.de\/wp-content\/uploads\/2023\/02\/bellablock.jpg\"><img loading=\"lazy\" decoding=\"async\" class=\"aligncenter size-large wp-image-204699\" src=\"https:\/\/images.ifun.de\/wp-content\/uploads\/2023\/02\/bellablock-700x467.jpg\" alt=\"Bellablock\" width=\"700\" height=\"467\" srcset=\"https:\/\/images.ifun.de\/wp-content\/uploads\/2023\/02\/bellablock-700x467.jpg 700w, https:\/\/images.ifun.de\/wp-content\/uploads\/2023\/02\/bellablock-500x333.jpg 500w, https:\/\/images.ifun.de\/wp-content\/uploads\/2023\/02\/bellablock-768x512.jpg 768w, https:\/\/images.ifun.de\/wp-content\/uploads\/2023\/02\/bellablock.jpg 1024w\" sizes=\"auto, (max-width: 700px) 100vw, 700px\" \/><\/a><\/p>\n<h6>ZDF und Tobias Lenz<\/h6>\n<h3>&#8222;My Different Ways&#8220; \u2013 siebenteilige d\u00e4nische Dramaserie<\/h3>\n<p><strong>Ab 4. M\u00e4rz<\/strong><\/p>\n<blockquote><p>&#8222;My Different Ways&#8220; ist eine lebensbejahende Coming-of-Age-Geschichte \u00fcber Jugend, Liebe, Verantwortung und die Zerbrechlichkeit des Lebens. Als Vorlage f\u00fcr die siebenteilige Serie diente das Romandeb\u00fct &#8222;Noget om Vitus&#8220; (dt. Titel &#8222;Die allerbeste Zeit meines Lebens&#8220;) des d\u00e4nischen Autors Sigurd Hartkorn Plaetner. <a href=\"https:\/\/presseportal.zdf.de\/pressemappe\/my-different-ways\">Weitere Infos<\/a>.<\/p><\/blockquote>\n<p><a href=\"https:\/\/images.ifun.de\/wp-content\/uploads\/2023\/02\/Camilla-Winther.jpg\"><img loading=\"lazy\" decoding=\"async\" class=\"size-large wp-image-204700\" src=\"https:\/\/images.ifun.de\/wp-content\/uploads\/2023\/02\/Camilla-Winther-700x394.jpg\" alt=\"My Different Ways\" width=\"700\" height=\"394\" srcset=\"https:\/\/images.ifun.de\/wp-content\/uploads\/2023\/02\/Camilla-Winther-700x394.jpg 700w, https:\/\/images.ifun.de\/wp-content\/uploads\/2023\/02\/Camilla-Winther-500x281.jpg 500w, https:\/\/images.ifun.de\/wp-content\/uploads\/2023\/02\/Camilla-Winther-768x432.jpg 768w, https:\/\/images.ifun.de\/wp-content\/uploads\/2023\/02\/Camilla-Winther.jpg 1024w\" sizes=\"auto, (max-width: 700px) 100vw, 700px\" \/><\/a><\/p>\n<h6>ZDF und Camilla Winther<\/h6>\n<h3>&#8222;Familie Anders&#8220; \u2013 neue &#8222;Herzkino&#8220;-Reihe<\/h3>\n<p><strong>Ab 4. M\u00e4rz<\/strong><\/p>\n<blockquote><p>Fabian Anders ist ein Leipziger Paartherapeut, doch seine eigene Beziehung stellt ihn vor Herausforderungen. Nach mehr als zehn Jahren ist seine Ehe mit der Zweiradmechanikerin Paula scheinbar am Ende. Doch anstatt sich zu zerfleischen, haben die Anders beschlossen, sich am Nestmodell zu versuchen. <a href=\"https:\/\/presseportal.zdf.de\/pressemappe\/familie-anders\">Weitere Infos<\/a>.<\/p><\/blockquote>\n<p><a href=\"https:\/\/images.ifun.de\/wp-content\/uploads\/2023\/02\/ZDF-und-Steffen-Junghans.jpg\"><img loading=\"lazy\" decoding=\"async\" class=\"size-large wp-image-204701\" src=\"https:\/\/images.ifun.de\/wp-content\/uploads\/2023\/02\/ZDF-und-Steffen-Junghans-700x467.jpg\" alt=\"Familie Anders\" width=\"700\" height=\"467\" srcset=\"https:\/\/images.ifun.de\/wp-content\/uploads\/2023\/02\/ZDF-und-Steffen-Junghans-700x467.jpg 700w, https:\/\/images.ifun.de\/wp-content\/uploads\/2023\/02\/ZDF-und-Steffen-Junghans-500x333.jpg 500w, https:\/\/images.ifun.de\/wp-content\/uploads\/2023\/02\/ZDF-und-Steffen-Junghans-768x512.jpg 768w, https:\/\/images.ifun.de\/wp-content\/uploads\/2023\/02\/ZDF-und-Steffen-Junghans.jpg 1024w\" sizes=\"auto, (max-width: 700px) 100vw, 700px\" \/><\/a><\/p>\n<h6>ZDF und Steffen Junghans<\/h6>\n<h3>&#8222;Like a Loser&#8220; \u2013 Comedyserie mit acht Folgen<\/h3>\n<p><strong>Ab 10. M\u00e4rz<\/strong><\/p>\n<blockquote><p>Julians Leben wird in &#8222;Like a Loser&#8220; komplett auf den Kopf gestellt: Er fliegt nicht nur aus seiner Band, ist pleite und muss wieder bei seiner Mutter einziehen, sondern erf\u00e4hrt auch, dass er bereits einen 15-j\u00e4hrigen Sohn namens Ernst hat. <a href=\"https:\/\/presseportal.zdf.de\/pressemappe\/comedyserien-fruehling-in-zdfneo\">Weitere Infos<\/a>.<\/p><\/blockquote>\n<p><a href=\"https:\/\/images.ifun.de\/wp-content\/uploads\/2023\/02\/ZDF_und_Frank_Dicks.jpg\"><img loading=\"lazy\" decoding=\"async\" class=\"size-large wp-image-204702\" src=\"https:\/\/images.ifun.de\/wp-content\/uploads\/2023\/02\/ZDF_und_Frank_Dicks-700x495.jpg\" alt=\"Like A Loser\" width=\"700\" height=\"495\" srcset=\"https:\/\/images.ifun.de\/wp-content\/uploads\/2023\/02\/ZDF_und_Frank_Dicks-700x495.jpg 700w, https:\/\/images.ifun.de\/wp-content\/uploads\/2023\/02\/ZDF_und_Frank_Dicks-500x354.jpg 500w, https:\/\/images.ifun.de\/wp-content\/uploads\/2023\/02\/ZDF_und_Frank_Dicks-768x543.jpg 768w, https:\/\/images.ifun.de\/wp-content\/uploads\/2023\/02\/ZDF_und_Frank_Dicks.jpg 1024w\" sizes=\"auto, (max-width: 700px) 100vw, 700px\" \/><\/a><\/p>\n<h6>ZDF und Frank Dicks<\/h6>\n<h3>&#8222;MaiBrain \u2013 Reise ins Gehirn&#8220; \u2013 Zweiteilige Dokumentation<\/h3>\n<p><strong>Ab 15. M\u00e4rz<\/strong><\/p>\n<blockquote><p>Das Gehirn ist die komplexeste Struktur, die im Universum bekannt ist: Eine etwa 1,3 Kilogramm schwere Masse aus rund86 Milliarden Nervenzellen, die den Menschen zu dem macht, was er ist. Es zu entschl\u00fcsseln, ist \u00e4hnlich herausfordernd wie das Universum zu erschlie\u00dfen. Warum das so ist, zeigt Dr. Mai Thi Nguyen-Kim. <a href=\"https:\/\/presseportal.zdf.de\/pressemappe\/maibrain-reise-ins-gehirn\">Weitere Infos<\/a>.<\/p><\/blockquote>\n<p><a href=\"https:\/\/images.ifun.de\/wp-content\/uploads\/2023\/02\/ZDF_und_Maike_Simon.jpg\"><img loading=\"lazy\" decoding=\"async\" class=\"size-large wp-image-204703\" src=\"https:\/\/images.ifun.de\/wp-content\/uploads\/2023\/02\/ZDF_und_Maike_Simon-700x394.jpg\" alt=\"MaiBrain Reise Ins Gehirn\" width=\"700\" height=\"394\" srcset=\"https:\/\/images.ifun.de\/wp-content\/uploads\/2023\/02\/ZDF_und_Maike_Simon-700x394.jpg 700w, https:\/\/images.ifun.de\/wp-content\/uploads\/2023\/02\/ZDF_und_Maike_Simon-500x281.jpg 500w, https:\/\/images.ifun.de\/wp-content\/uploads\/2023\/02\/ZDF_und_Maike_Simon-768x432.jpg 768w, https:\/\/images.ifun.de\/wp-content\/uploads\/2023\/02\/ZDF_und_Maike_Simon.jpg 1024w\" sizes=\"auto, (max-width: 700px) 100vw, 700px\" \/><\/a><\/p>\n<h6>ZDF und Maike Simon<\/h6>\n<h3>&#8222;Killing Eve&#8220; \u2013 britische Thriller-Serie<\/h3>\n<p><strong>Ab 25. M\u00e4rz<\/strong><\/p>\n<blockquote><p>Die Agententhriller-Serie &#8222;Killing Eve&#8220; wird dominiert von komplexen Frauenfiguren. Eves (Sandra Oh) und Villanelles (Jodie Comer) strategische K\u00e4mpfe und Verfolgungsjagden sorgten weltweit f\u00fcr Begeisterung. Ab Samstag, 25. M\u00e4rz 2023, ist die Staffel 1 in der Mediathek verf\u00fcgbar, eine Woche sp\u00e4ter folgt Staffel 2. <a href=\"https:\/\/presseportal.zdf.de\/pressemappe\/killing-eve\">Weitere Infos<\/a>.<\/p><\/blockquote>\n<p><a href=\"https:\/\/images.ifun.de\/wp-content\/uploads\/2023\/02\/killing-eve.jpg\"><img loading=\"lazy\" decoding=\"async\" class=\"aligncenter size-large wp-image-204704\" src=\"https:\/\/images.ifun.de\/wp-content\/uploads\/2023\/02\/killing-eve-700x467.jpg\" alt=\"Killing Eve\" width=\"700\" height=\"467\" srcset=\"https:\/\/images.ifun.de\/wp-content\/uploads\/2023\/02\/killing-eve-700x467.jpg 700w, https:\/\/images.ifun.de\/wp-content\/uploads\/2023\/02\/killing-eve-500x333.jpg 500w, https:\/\/images.ifun.de\/wp-content\/uploads\/2023\/02\/killing-eve-768x512.jpg 768w, https:\/\/images.ifun.de\/wp-content\/uploads\/2023\/02\/killing-eve.jpg 1024w\" sizes=\"auto, (max-width: 700px) 100vw, 700px\" \/><\/a><\/p>\n<h6>ZDF<\/h6>\n<h3>&#8222;I don&#8217;t work here&#8220; \u2013 britische Thriller-Serie<\/h3>\n<p><strong>Ab 31. M\u00e4rz<\/strong><\/p>\n<blockquote><p>Drei Generationen, zwei Welten, eine Familie: Gemeinsam mit ihrer Tochter sind Dawit und Laura in den Keller von Lauras Eltern gezogen. Doch das Zusammenleben mit ihnen birgt Konfliktpotenzial. Dawit meistert die Turbulenzen des famili\u00e4ren Miteinanders zwar nicht immer geschickt, aber meistens charmant. <a href=\"https:\/\/presseportal.zdf.de\/pressemappe\/comedyserien-fruehling-in-zdfneo\">Weitere Infos<\/a>.<\/p><\/blockquote>\n<p><a href=\"https:\/\/images.ifun.de\/wp-content\/uploads\/2023\/02\/dont-work-here.jpg\"><img loading=\"lazy\" decoding=\"async\" class=\"size-large wp-image-204705\" src=\"https:\/\/images.ifun.de\/wp-content\/uploads\/2023\/02\/dont-work-here-700x394.jpg\" alt=\"I Don't Work Here\" width=\"700\" height=\"394\" srcset=\"https:\/\/images.ifun.de\/wp-content\/uploads\/2023\/02\/dont-work-here-700x394.jpg 700w, https:\/\/images.ifun.de\/wp-content\/uploads\/2023\/02\/dont-work-here-500x282.jpg 500w, https:\/\/images.ifun.de\/wp-content\/uploads\/2023\/02\/dont-work-here-768x433.jpg 768w, https:\/\/images.ifun.de\/wp-content\/uploads\/2023\/02\/dont-work-here.jpg 1024w\" sizes=\"auto, (max-width: 700px) 100vw, 700px\" \/><\/a><\/p>\n<h6>ZDF<\/h6>\n","protected":false},"excerpt":{"rendered":"<a href=\"https:\/\/www.ifun.de\/zdf-mediathek-die-neuzugaenge-im-maerz-2023-204694\/\"><img width=\"150\" height=\"150\" src=\"https:\/\/images.ifun.de\/wp-content\/uploads\/2023\/02\/zdf-mediathek-60-jahre-feature-150x150.jpg\" class=\"alignright tfe wp-post-image\" alt=\"Zdf Mediathek 60 Jahre Feature\" decoding=\"async\" loading=\"lazy\" \/><\/a><p>\u00dcber die M\u00e4rz-Neuerscheinungen bei Disney+ haben wir bereits informiert. Heute hat uns auch das ZDF die Liste mit den f\u00fcr den kommenden Monat geplanten Neuzug\u00e4ngen in der hauseigenen Mediathek zukommen lassen. Neben der dreiteiligen Dokuserie &#8222;Blutsbande \u2013 Clans in Berlin&#8220;, die Einblicke in die geschlossene Welt krimineller Gro\u00dffamilien gibt, gibt es eine Dokumentation \u00fcber Basketball-Star [&hellip;]<\/p>\n","protected":false},"author":1,"featured_media":204706,"comment_status":"open","ping_status":"closed","sticky":false,"template":"","format":"standard","meta":{"_acf_changed":false,"footnotes":""},"categories":[1],"tags":[1169,60,6323,62],"class_list":["post-204694","post","type-post","status-publish","format-standard","has-post-thumbnail","hentry","category-news","tag-mediathek","tag-streaming","tag-videos","tag-zdf"],"acf":[],"aioseo_notices":[],"featured_image":["https:\/\/images.ifun.de\/wp-content\/uploads\/2023\/02\/zdf-mediathek-60-jahre-feature.jpg"],"subheadline":["11 Highlights im kommenden Monat"],"rest_api_enabler":{"featured_image":"https:\/\/images.ifun.de\/wp-content\/uploads\/2023\/02\/zdf-mediathek-60-jahre-feature.jpg","subheadline":"11 Highlights im kommenden Monat"},"_links":{"self":[{"href":"https:\/\/www.ifun.de\/apiv2\/wp\/v2\/posts\/204694","targetHints":{"allow":["GET"]}}],"collection":[{"href":"https:\/\/www.ifun.de\/apiv2\/wp\/v2\/posts"}],"about":[{"href":"https:\/\/www.ifun.de\/apiv2\/wp\/v2\/types\/post"}],"author":[{"embeddable":true,"href":"https:\/\/www.ifun.de\/apiv2\/wp\/v2\/users\/1"}],"replies":[{"embeddable":true,"href":"https:\/\/www.ifun.de\/apiv2\/wp\/v2\/comments?post=204694"}],"version-history":[{"count":2,"href":"https:\/\/www.ifun.de\/apiv2\/wp\/v2\/posts\/204694\/revisions"}],"predecessor-version":[{"id":204709,"href":"https:\/\/www.ifun.de\/apiv2\/wp\/v2\/posts\/204694\/revisions\/204709"}],"wp:featuredmedia":[{"embeddable":true,"href":"https:\/\/www.ifun.de\/apiv2\/wp\/v2\/media\/204706"}],"wp:attachment":[{"href":"https:\/\/www.ifun.de\/apiv2\/wp\/v2\/media?parent=204694"}],"wp:term":[{"taxonomy":"category","embeddable":true,"href":"https:\/\/www.ifun.de\/apiv2\/wp\/v2\/categories?post=204694"},{"taxonomy":"post_tag","embeddable":true,"href":"https:\/\/www.ifun.de\/apiv2\/wp\/v2\/tags?post=204694"}],"curies":[{"name":"wp","href":"https:\/\/api.w.org\/{rel}","templated":true}]}}