{"id":204614,"date":"2023-02-20T11:17:58","date_gmt":"2023-02-20T10:17:58","guid":{"rendered":"https:\/\/www.ifun.de\/?p=204614"},"modified":"2023-02-20T11:17:58","modified_gmt":"2023-02-20T10:17:58","slug":"apple-week-bei-mediamarkt-und-saturn","status":"publish","type":"post","link":"https:\/\/www.ifun.de\/apple-week-bei-mediamarkt-und-saturn-204614\/","title":{"rendered":"&#8222;Apple Week&#8220; bei MediaMarkt und Saturn"},"content":{"rendered":"<p>Bei MediaMarkt und Saturn ist die Sonderangebotswoche <a href=\"https:\/\/pvn.mediamarkt.de\/trck\/eclick\/fc83c8529e5e66bcff0c8b916e26c1af\">Apple Week<\/a> angelaufen. Noch bis zum 28. Februar gibt es im Rahmen der Aktion verschiedene Produkte von Apple und thematisch passenden Drittanbietern sowohl online als auch in den Filialen der beiden Elektrohandelsketten zu verg\u00fcnstigten Preisen.<\/p>\n<p><a href=\"https:\/\/images.ifun.de\/wp-content\/uploads\/2023\/02\/apple-week-mediamarkt.jpg\"><img loading=\"lazy\" decoding=\"async\" src=\"https:\/\/images.ifun.de\/wp-content\/uploads\/2023\/02\/apple-week-mediamarkt-500x404.jpg\" alt=\"Apple Week Mediamarkt\" width=\"500\" height=\"404\" class=\"alignnone size-medium wp-image-204615\" srcset=\"https:\/\/images.ifun.de\/wp-content\/uploads\/2023\/02\/apple-week-mediamarkt-500x404.jpg 500w, https:\/\/images.ifun.de\/wp-content\/uploads\/2023\/02\/apple-week-mediamarkt-700x566.jpg 700w, https:\/\/images.ifun.de\/wp-content\/uploads\/2023\/02\/apple-week-mediamarkt-768x621.jpg 768w, https:\/\/images.ifun.de\/wp-content\/uploads\/2023\/02\/apple-week-mediamarkt.jpg 1400w\" sizes=\"auto, (max-width: 500px) 100vw, 500px\" \/><\/a><\/p>\n<p>Damit verbunden sei allerdings einmal mehr darauf hingewiesen, dass man die tats\u00e4chlich attraktiven Preise im Zusammenhang mit der Aktion auch diesmal wieder suchen muss. Ein gro\u00dfer Teil der als \u201eAngebot\u201c deklarierten Preise findet sich in gleicher H\u00f6he nicht nur aktuell auch bei sonstigen Anbietern. Dementsprechend ist hier ein Preisvergleich doppelt angeraten, am besten fahrt ihr vermutlich, wenn ihr schaut, ob im Rahmen der Aktion ein Produkt, auf das ihr ohnehin schon l\u00e4nger ein Auge geworfen habt, g\u00fcnstiger zu haben ist.<\/p>\n<p>Zumindest interessant ist die Tatsache, dass der HomePod mini bei Mediamarkt und Saturn trotz der aktuellen \u201eApple Week\u201c 93,99 Euro kostet. \u00dcber die vergangenen Wochen hinweg war der Lautsprecher noch regelm\u00e4\u00dfig f\u00fcr 89 Euro erh\u00e4ltlich, inzwischen verlangen jedoch auch andere H\u00e4ndler mindestens 93,99 Euro f\u00fcr das Ger\u00e4t. Wie es scheint, schl\u00e4gt sich die von Apple zu Jahresbeginn durchgef\u00fchrte <a href=\"https:\/\/www.iphone-ticker.de\/homepod-2-lockt-uns-nicht-homepod-mini-wird-teurer-205760\/\">Preiserh\u00f6hung<\/a> f\u00fcr den HomePod mini jetzt auch im freien Handel nieder. Bei Apple selbst kostet der Siri-Lautsprecher inzwischen 109 Euro.<\/p>\n","protected":false},"excerpt":{"rendered":"<a href=\"https:\/\/www.ifun.de\/apple-week-bei-mediamarkt-und-saturn-204614\/\"><img width=\"150\" height=\"150\" src=\"https:\/\/images.ifun.de\/wp-content\/uploads\/2023\/02\/apple-week-mediamarkt-150x150.jpg\" class=\"alignright tfe wp-post-image\" alt=\"Apple Week Mediamarkt\" decoding=\"async\" loading=\"lazy\" \/><\/a><p>Bei MediaMarkt und Saturn ist die Sonderangebotswoche Apple Week angelaufen. Noch bis zum 28. Februar gibt es im Rahmen der Aktion verschiedene Produkte von Apple und thematisch passenden Drittanbietern sowohl online als auch in den Filialen der beiden Elektrohandelsketten zu verg\u00fcnstigten Preisen. Damit verbunden sei allerdings einmal mehr darauf hingewiesen, dass man die tats\u00e4chlich attraktiven [&hellip;]<\/p>\n","protected":false},"author":2,"featured_media":204615,"comment_status":"open","ping_status":"closed","sticky":false,"template":"","format":"standard","meta":{"_acf_changed":false,"footnotes":""},"categories":[1],"tags":[],"class_list":["post-204614","post","type-post","status-publish","format-standard","has-post-thumbnail","hentry","category-news"],"acf":[],"aioseo_notices":[],"subheadline":["Echte Angebote wieder gut versteckt"],"featured_image":["https:\/\/images.ifun.de\/wp-content\/uploads\/2023\/02\/mediamarkt-apple-week-feature.jpg"],"rest_api_enabler":{"subheadline":"Echte Angebote wieder gut versteckt","featured_image":"https:\/\/images.ifun.de\/wp-content\/uploads\/2023\/02\/mediamarkt-apple-week-feature.jpg"},"_links":{"self":[{"href":"https:\/\/www.ifun.de\/apiv2\/wp\/v2\/posts\/204614","targetHints":{"allow":["GET"]}}],"collection":[{"href":"https:\/\/www.ifun.de\/apiv2\/wp\/v2\/posts"}],"about":[{"href":"https:\/\/www.ifun.de\/apiv2\/wp\/v2\/types\/post"}],"author":[{"embeddable":true,"href":"https:\/\/www.ifun.de\/apiv2\/wp\/v2\/users\/2"}],"replies":[{"embeddable":true,"href":"https:\/\/www.ifun.de\/apiv2\/wp\/v2\/comments?post=204614"}],"version-history":[{"count":1,"href":"https:\/\/www.ifun.de\/apiv2\/wp\/v2\/posts\/204614\/revisions"}],"predecessor-version":[{"id":204616,"href":"https:\/\/www.ifun.de\/apiv2\/wp\/v2\/posts\/204614\/revisions\/204616"}],"wp:featuredmedia":[{"embeddable":true,"href":"https:\/\/www.ifun.de\/apiv2\/wp\/v2\/media\/204615"}],"wp:attachment":[{"href":"https:\/\/www.ifun.de\/apiv2\/wp\/v2\/media?parent=204614"}],"wp:term":[{"taxonomy":"category","embeddable":true,"href":"https:\/\/www.ifun.de\/apiv2\/wp\/v2\/categories?post=204614"},{"taxonomy":"post_tag","embeddable":true,"href":"https:\/\/www.ifun.de\/apiv2\/wp\/v2\/tags?post=204614"}],"curies":[{"name":"wp","href":"https:\/\/api.w.org\/{rel}","templated":true}]}}