{"id":204588,"date":"2023-02-20T07:09:41","date_gmt":"2023-02-20T06:09:41","guid":{"rendered":"https:\/\/www.ifun.de\/?p=204588"},"modified":"2023-02-20T07:11:49","modified_gmt":"2023-02-20T06:11:49","slug":"kuenstliche-intelligenz-apple-haelt-die-spannung-bis-zur-wwdc","status":"publish","type":"post","link":"https:\/\/www.ifun.de\/kuenstliche-intelligenz-apple-haelt-die-spannung-bis-zur-wwdc-204588\/","title":{"rendered":"K\u00fcnstliche Intelligenz: Apple h\u00e4lt die Spannung bis zur WWDC"},"content":{"rendered":"<p>Apple hat in der vergangenen Woche seine seit geraumer Zeit j\u00e4hrlich stattfindende Veranstaltung \u201e<a href=\"https:\/\/www.ifun.de\/apples-ai-event-fuer-mitarbeiter-wieder-als-vor-ort-veranstaltung-203787\/\" title=\"Apples AI-Event f\u00fcr Mitarbeiter wieder als Vor-Ort-Veranstaltung\">AI Summit<\/a>\u201c durchgef\u00fchrt. Der hier im Fokus stehende Themenbereich K\u00fcnstliche Intelligenz sieht sich in diesem Jahr nat\u00fcrlich mit gesteigertem Interesse verbunden. Wer allerdings erwartet hat, dass Apple hier mit konkreten Ank\u00fcndigungen zur Stelle ist, wurde entt\u00e4uscht. Dergleichen h\u00e4lt Apple offenbar f\u00fcr einen werbetr\u00e4chtigeren Auftritt vor gro\u00dfem Publikum zur\u00fcck.<\/p>\n<p>Der Bloomberg-Autor Mark Gurman berichtet in seinem <a href=\"https:\/\/www.bloomberg.com\/subscriptions\/poweron\">w\u00f6chentlichen Rundbrief<\/a> davon, dass Apple im Rahmen der Veranstaltung zwar seinen Mitarbeitern gegen\u00fcber betont hat, dass das Unternehmen in diesem Themenbereich ganz vorne mit dabei sei, damit verbunden jedoch nicht konkret geworden ist. Es seien keinerlei f\u00fcr Endkunden interessante Details genannt oder Ank\u00fcndigungen gemacht worden.<\/p>\n<p><a href=\"https:\/\/images.ifun.de\/wp-content\/uploads\/2022\/12\/tim-cook-2022.jpg\"><img loading=\"lazy\" decoding=\"async\" src=\"https:\/\/images.ifun.de\/wp-content\/uploads\/2022\/12\/tim-cook-2022-700x449.jpg\" alt=\"Tim Cook 2022\" width=\"700\" height=\"449\" class=\"alignnone size-large wp-image-201335\" srcset=\"https:\/\/images.ifun.de\/wp-content\/uploads\/2022\/12\/tim-cook-2022-700x449.jpg 700w, https:\/\/images.ifun.de\/wp-content\/uploads\/2022\/12\/tim-cook-2022-500x321.jpg 500w, https:\/\/images.ifun.de\/wp-content\/uploads\/2022\/12\/tim-cook-2022-768x493.jpg 768w, https:\/\/images.ifun.de\/wp-content\/uploads\/2022\/12\/tim-cook-2022.jpg 1400w\" sizes=\"auto, (max-width: 700px) 100vw, 700px\" \/><\/a><\/p>\n<p>Apple steht in diesem Bereich nicht zuletzt deswegen unter Druck, weil der auf K\u00fcnstlicher Intelligenz basierende Chatbot ChatGPT gro\u00dfe Erfolge feiert und mittlerweile Google und Microsoft \u00f6ffentlich ihrerseits entsprechende Aktivit\u00e4ten angek\u00fcndigt haben. Google <a href=\"https:\/\/www.iphone-ticker.de\/bard-googles-antwort-auf-chatgpt-206843\/\" title=\"Bard: Googles Antwort auf ChatGPT kommt \u201ebald\u201c\">wirbt<\/a> f\u00fcr seinen kommenden KI-Dienst \u201eBard\u201c, der anders als ChatGPT insbesondere auch tagesaktuelle Informationen ber\u00fccksichtigen soll und Microsoft <a href=\"https:\/\/www.ifun.de\/microsoft-integriert-ki-chat-in-seine-bing-suche-203806\/\" title=\"Microsoft integriert KI-Chat in seine Bing-Suche\">integriert<\/a> eine mit ChatGPT vergleichbare Funktion in seine Bing-Suche.<\/p>\n<h2>WWDC als \u201eMixed-Reality-Event\u201c?<\/h2>\n<p>Apple wird uns derweil aller Voraussicht nach noch bis zum Juni warten lassen. Mittlerweile <a href=\"https:\/\/www.ifun.de\/apples-wunderbrille-soll-jetzt-erst-im-juni-erscheinen-204403\/\" title=\"Apples \u201eWunderbrille\u201c soll jetzt erst im Juni erscheinen\">deuten alle Zeichen darauf hin<\/a>, dass das Thema einen wesentlichen Teil von Apples dann stattfindender, allj\u00e4hrlicher Entwicklerkonferenz WWDC einnimmt.<\/p>\n<p>Es scheint mittlerweile als gesetzt, dass Apple diese Plattform dazu nutzt, um mit einer Mixed-Reality-Brille in eine neue Produktkategorie zu starten und sich begleitend dazu auch offener mit Blick auf die ansonsten in diesem Bereich geplanten Aktivit\u00e4ten zeigt.<\/p>\n<p>In seinem aktuellen Rundschreiben betont Gurman einmal mehr, dass sich Apple in diesem Bereich kaum schon an Endkunden richten wird. Ein hoher Ger\u00e4tepreis und die Frage nach sinnvollen Anwendungen d\u00fcrften eine Mixed-Reality-Brille von Apple zun\u00e4chst zu einem Nischenprodukt machen, dass die mit Apple verbundenen Entwickler mit ihren Ideen und Anwendungen mit vorantreiben m\u00fcssen.<img loading=\"lazy\" decoding=\"async\" src=\"https:\/\/vg09.met.vgwort.de\/na\/608769edcdff4ed4a1d34b1a384b0df4\" width=\"1\" height=\"1\" no-lazy class=\"tracking\"><\/p>\n","protected":false},"excerpt":{"rendered":"<a href=\"https:\/\/www.ifun.de\/kuenstliche-intelligenz-apple-haelt-die-spannung-bis-zur-wwdc-204588\/\"><img decoding=\"async\" width=\"150\" src=\"https:\/\/images.ifun.de\/wp-content\/uploads\/2022\/12\/tim-cook-2022-700x449.jpg\" class=\"alignright wp-post-image tfe\" alt=\"Tim Cook 2022\" title=\"\" \/><\/a><p>Apple hat in der vergangenen Woche seine seit geraumer Zeit j\u00e4hrlich stattfindende Veranstaltung \u201eAI Summit\u201c durchgef\u00fchrt. Der hier im Fokus stehende Themenbereich K\u00fcnstliche Intelligenz sieht sich in diesem Jahr nat\u00fcrlich mit gesteigertem Interesse verbunden. Wer allerdings erwartet hat, dass Apple hier mit konkreten Ank\u00fcndigungen zur Stelle ist, wurde entt\u00e4uscht. Dergleichen h\u00e4lt Apple offenbar f\u00fcr einen [&hellip;]<\/p>\n","protected":false},"author":2,"featured_media":0,"comment_status":"open","ping_status":"closed","sticky":false,"template":"","format":"standard","meta":{"_acf_changed":false,"footnotes":""},"categories":[3],"tags":[4736,6065],"class_list":["post-204588","post","type-post","status-publish","format-standard","hentry","category-apple","tag-apple","tag-kuenstliche-intelligenz"],"acf":[],"aioseo_notices":[],"subheadline":["\"AI Summit\" ohne \u00dcberraschungen"],"featured_image":["https:\/\/images.ifun.de\/wp-content\/uploads\/2019\/08\/siri-header.jpg"],"rest_api_enabler":{"subheadline":"\"AI Summit\" ohne \u00dcberraschungen","featured_image":"https:\/\/images.ifun.de\/wp-content\/uploads\/2019\/08\/siri-header.jpg"},"_links":{"self":[{"href":"https:\/\/www.ifun.de\/apiv2\/wp\/v2\/posts\/204588","targetHints":{"allow":["GET"]}}],"collection":[{"href":"https:\/\/www.ifun.de\/apiv2\/wp\/v2\/posts"}],"about":[{"href":"https:\/\/www.ifun.de\/apiv2\/wp\/v2\/types\/post"}],"author":[{"embeddable":true,"href":"https:\/\/www.ifun.de\/apiv2\/wp\/v2\/users\/2"}],"replies":[{"embeddable":true,"href":"https:\/\/www.ifun.de\/apiv2\/wp\/v2\/comments?post=204588"}],"version-history":[{"count":5,"href":"https:\/\/www.ifun.de\/apiv2\/wp\/v2\/posts\/204588\/revisions"}],"predecessor-version":[{"id":204595,"href":"https:\/\/www.ifun.de\/apiv2\/wp\/v2\/posts\/204588\/revisions\/204595"}],"wp:attachment":[{"href":"https:\/\/www.ifun.de\/apiv2\/wp\/v2\/media?parent=204588"}],"wp:term":[{"taxonomy":"category","embeddable":true,"href":"https:\/\/www.ifun.de\/apiv2\/wp\/v2\/categories?post=204588"},{"taxonomy":"post_tag","embeddable":true,"href":"https:\/\/www.ifun.de\/apiv2\/wp\/v2\/tags?post=204588"}],"curies":[{"name":"wp","href":"https:\/\/api.w.org\/{rel}","templated":true}]}}