{"id":204500,"date":"2023-02-17T07:27:31","date_gmt":"2023-02-17T06:27:31","guid":{"rendered":"https:\/\/www.ifun.de\/?p=204500"},"modified":"2023-02-22T12:24:51","modified_gmt":"2023-02-22T11:24:51","slug":"microsoft-gruenes-licht-fuer-windows-11-auf-apple-prozessoren","status":"publish","type":"post","link":"https:\/\/www.ifun.de\/microsoft-gruenes-licht-fuer-windows-11-auf-apple-prozessoren-204500\/","title":{"rendered":"Microsoft: Gr\u00fcnes Licht f\u00fcr Windows 11 auf Apple-Prozessoren"},"content":{"rendered":"<p>Der Softwarekonzern Microsoft hat der Installation seines Desktop-Betriebssystems Windows 11 auf Macs mit Apple-Prozessoren seinen Segen gegeben und kooperiert daf\u00fcr mit den Anbietern des Software-Paketes Parallels.<\/p>\n<p><a href=\"https:\/\/images.ifun.de\/wp-content\/uploads\/2023\/02\/microsoft-11-parallels.jpg\"><img loading=\"lazy\" decoding=\"async\" class=\"aligncenter size-medium wp-image-204502\" src=\"https:\/\/images.ifun.de\/wp-content\/uploads\/2023\/02\/microsoft-11-parallels-500x305.jpg\" alt=\"Microsoft 11 Parallels\" width=\"500\" height=\"305\" srcset=\"https:\/\/images.ifun.de\/wp-content\/uploads\/2023\/02\/microsoft-11-parallels-500x305.jpg 500w, https:\/\/images.ifun.de\/wp-content\/uploads\/2023\/02\/microsoft-11-parallels.jpg 576w\" sizes=\"auto, (max-width: 500px) 100vw, 500px\" \/><\/a><\/p>\n<h2>Parallels Desktop wird autorisierte L\u00f6sung<\/h2>\n<p>Dies geht aus einem <a href=\"https:\/\/support.microsoft.com\/de-de\/windows\/Windows-11-auf-macs-cd15fd62-9b34-4b78-b0bc-121baa3c568c\">neu ver\u00f6ffentlichtem Hilfe-Artikel<\/a> des Unternehmens hervor, das die Nutzung der Parallels-Umgebung empfiehlt, wenn keine PCs verf\u00fcgbar sind, um Windows 11 zu nutzen.<\/p>\n<p>Hier f\u00fchrt Microsoft an, dass es sich bei Ausgabe 18 von Parallels Desktop um eine von Microsoft &#8222;autorisierte L\u00f6sung zum Ausf\u00fchren von Arm-Versionen von Windows 11 Pro und Windows 11 Enterprise in einer virtuellen Umgebung&#8220; handelt, was den Einsatz auf Apples M1- und M2-Prozessoren angehen w\u00fcrde.<\/p>\n<p><a href=\"https:\/\/images.ifun.de\/wp-content\/uploads\/2023\/02\/parallels-11.jpg\"><img loading=\"lazy\" decoding=\"async\" class=\"aligncenter size-large wp-image-204503\" src=\"https:\/\/images.ifun.de\/wp-content\/uploads\/2023\/02\/parallels-11-700x403.jpg\" alt=\"Parallels 11\" width=\"700\" height=\"403\" srcset=\"https:\/\/images.ifun.de\/wp-content\/uploads\/2023\/02\/parallels-11-700x403.jpg 700w, https:\/\/images.ifun.de\/wp-content\/uploads\/2023\/02\/parallels-11-500x288.jpg 500w, https:\/\/images.ifun.de\/wp-content\/uploads\/2023\/02\/parallels-11-768x442.jpg 768w, https:\/\/images.ifun.de\/wp-content\/uploads\/2023\/02\/parallels-11.jpg 1127w\" sizes=\"auto, (max-width: 700px) 100vw, 700px\" \/><\/a><\/p>\n<p>Allerdings geht die Ausf\u00fchrung mit einer Handvoll Einschr\u00e4nkungen einher, wie Microsoft im Abschnitt &#8222;Windows 11 und Parallels Desktop&#8220; ausf\u00fchrt. Werden etwa Anwendungen ausgef\u00fchrt, die nicht f\u00fcr die Arm-Version von Windows 11 optimiert wurden, m\u00fcssen Anwender mit Performance-Einbu\u00dfen und m\u00f6glichen Performance-Problemen rechnen.<\/p>\n<h2>Einige Einschr\u00e4nkungen sind vorhanden<\/h2>\n<p>Zudem werden keine zus\u00e4tzlichen Virtualisierungsebenen unterst\u00fctzt. Microsoft spricht hier von so genannten &#8222;geschachtelten Virtualisierungen&#8220; und meint etwa den Zugriff auf das Windows-Subsystem f\u00fcr Linux oder das Windows-Subsystem f\u00fcr Android, mit dessen Hilfe sich Android-Apps auf regul\u00e4ren Windows PCs ausf\u00fchren lassen.<\/p>\n<p><div class=\"responsive-video\"><iframe loading=\"lazy\" title=\"Run Windows on Mac with Parallels Desktop 18\" width=\"500\" height=\"281\" src=\"https:\/\/www.youtube-nocookie.com\/embed\/97G3ixikWjY?feature=oembed\" frameborder=\"0\" allow=\"accelerometer; autoplay; clipboard-write; encrypted-media; gyroscope; picture-in-picture; web-share\" referrerpolicy=\"strict-origin-when-cross-origin\" allowfullscreen><\/iframe><\/div><\/p>\n<p>Parallels 18, die j\u00fcngste Version der Virtualisierungsumgebung ist im vergangenen Herbst erschienen und l\u00e4sst sich kostenlos aus dem Netz laden und installieren. F\u00fcr die Vollversion m\u00fcssen bei Gefallen jedoch 99 Euro auf den Tisch gelegt werden. Im Rahmen <a href=\"https:\/\/www.ifun.de\/parallels-premium-mac-app-bundle-2023-erhaeltlich-204233\/\">einer Bundle-Aktion<\/a> ist die Software im Paket momentan jedoch <a href=\"https:\/\/www.anrdoezrs.net\/links\/7465401\/type\/dlg\/https:\/\/www.parallels.com\/de\/promo-mac-app-bundle\/\">g\u00fcnstiger zu haben<\/a>.<\/p>\n<p>Zus\u00e4tzlich m\u00fcssen Anwender \u00fcber eine Windows 11-Lizenz verf\u00fcgen. Diese bietet Microsoft in zwei Varianten an. F\u00fcr Microsoft <a rel=\"noindex, nofollow\" href=\"http:\/\/www.ifun.de\/amzn\/B09XJ8VSRB\">Windows 11 Home<\/a> werden aktuell 110 Euro f\u00e4llig, f\u00fcr <a rel=\"noindex, nofollow\" href=\"http:\/\/www.ifun.de\/amzn\/B09XJ8PM2X\">Microsoft Windows 11 Pro<\/a> rund 189 Euro.<\/p>\n<script>\r\n  function open_amazon(link) {\r\n    if (navigator.userAgent.indexOf(\"Firefox\") != -1) {\r\n      window.open(link, '_blank');\r\n    } else {\r\n      var tag = document.createElement('a');\r\n      tag.setAttribute('href', link);\r\n      tag.innerHTML = \"amzn\";\r\n      tag.click();\r\n    }\r\n  }\r\n<\/script>\r\n    <div id=\"article-single-amazon-preview\" onclick=\"return open_amazon('https:\/\/www.amazon.de\/dp\/B09XJ8VSRB?tag=musicweb02&linkCode=ogi&th=1&psc=1');\">\n  <div id=\"article-single-amazon-preview-header\">\n    <span class=\"title\">Produkthinweis<\/span>\n      <\/div>\n  <div id=\"article-single-amazon-preview-content\">\n    <div id=\"article-single-amazon-preview-img\" style=\"background: url('https:\/\/m.media-amazon.com\/images\/I\/31CK9fABynL.jpg') center center no-repeat; background-size: cover;\"><\/div>\n    <div id=\"article-single-amazon-preview-desc\">\n      <span class=\"bezeichnung\"><a href=\"https:\/\/www.amazon.de\/dp\/B09XJ8VSRB?tag=musicweb02&linkCode=ogi&th=1&psc=1\" style=\"text-decoration: none; border-bottom: 0px; box-shadow: none;\">Microsoft Windows 11 Home<\/a><\/span>\n      <span class=\"preis--aktuell\">153,89 EUR<\/span>\n      <span class=\"preis--alt\"><\/span>\n    <\/div>\n  <\/div>\n<\/div>\n<p><img loading=\"lazy\" decoding=\"async\" src=\"https:\/\/vg01.met.vgwort.de\/na\/95af3ce150804d36b1051da33ef03580\" width=\"1\" height=\"1\" no-lazy class=\"tracking\"><\/p>\n","protected":false},"excerpt":{"rendered":"<a href=\"https:\/\/www.ifun.de\/microsoft-gruenes-licht-fuer-windows-11-auf-apple-prozessoren-204500\/\"><img width=\"150\" height=\"150\" src=\"https:\/\/images.ifun.de\/wp-content\/uploads\/2023\/02\/windows-macos-parallels-150x150.jpg\" class=\"alignright tfe wp-post-image\" alt=\"Windows Macos Parallels\" decoding=\"async\" loading=\"lazy\" \/><\/a><p>Der Softwarekonzern Microsoft hat der Installation seines Desktop-Betriebssystems Windows 11 auf Macs mit Apple-Prozessoren seinen Segen gegeben und kooperiert daf\u00fcr mit den Anbietern des Software-Paketes Parallels. Parallels Desktop wird autorisierte L\u00f6sung Dies geht aus einem neu ver\u00f6ffentlichtem Hilfe-Artikel des Unternehmens hervor, das die Nutzung der Parallels-Umgebung empfiehlt, wenn keine PCs verf\u00fcgbar sind, um Windows 11 [&hellip;]<\/p>\n","protected":false},"author":1,"featured_media":204504,"comment_status":"open","ping_status":"closed","sticky":false,"template":"","format":"standard","meta":{"_acf_changed":false,"footnotes":""},"categories":[1,1783],"tags":[4968,1241,5512],"class_list":["post-204500","post","type-post","status-publish","format-standard","has-post-thumbnail","hentry","category-news","category-feature","tag-apple-prozessoren","tag-parallels","tag-windows-11"],"acf":[],"aioseo_notices":[],"subheadline":["Parallels Desktop wird autorisierte L\u00f6sung","Parallels Desktop wird autorisierte L\u00f6sung"],"featured_image":["https:\/\/images.ifun.de\/wp-content\/uploads\/2023\/02\/windows-macos-parallels.jpg"],"rest_api_enabler":{"subheadline":["Parallels Desktop wird autorisierte L\u00f6sung","Parallels Desktop wird autorisierte L\u00f6sung"],"featured_image":"https:\/\/images.ifun.de\/wp-content\/uploads\/2023\/02\/windows-macos-parallels.jpg"},"_links":{"self":[{"href":"https:\/\/www.ifun.de\/apiv2\/wp\/v2\/posts\/204500","targetHints":{"allow":["GET"]}}],"collection":[{"href":"https:\/\/www.ifun.de\/apiv2\/wp\/v2\/posts"}],"about":[{"href":"https:\/\/www.ifun.de\/apiv2\/wp\/v2\/types\/post"}],"author":[{"embeddable":true,"href":"https:\/\/www.ifun.de\/apiv2\/wp\/v2\/users\/1"}],"replies":[{"embeddable":true,"href":"https:\/\/www.ifun.de\/apiv2\/wp\/v2\/comments?post=204500"}],"version-history":[{"count":2,"href":"https:\/\/www.ifun.de\/apiv2\/wp\/v2\/posts\/204500\/revisions"}],"predecessor-version":[{"id":204505,"href":"https:\/\/www.ifun.de\/apiv2\/wp\/v2\/posts\/204500\/revisions\/204505"}],"wp:featuredmedia":[{"embeddable":true,"href":"https:\/\/www.ifun.de\/apiv2\/wp\/v2\/media\/204504"}],"wp:attachment":[{"href":"https:\/\/www.ifun.de\/apiv2\/wp\/v2\/media?parent=204500"}],"wp:term":[{"taxonomy":"category","embeddable":true,"href":"https:\/\/www.ifun.de\/apiv2\/wp\/v2\/categories?post=204500"},{"taxonomy":"post_tag","embeddable":true,"href":"https:\/\/www.ifun.de\/apiv2\/wp\/v2\/tags?post=204500"}],"curies":[{"name":"wp","href":"https:\/\/api.w.org\/{rel}","templated":true}]}}