{"id":204028,"date":"2023-02-10T11:40:22","date_gmt":"2023-02-10T10:40:22","guid":{"rendered":"https:\/\/www.ifun.de\/?p=204028"},"modified":"2023-02-14T19:32:11","modified_gmt":"2023-02-14T18:32:11","slug":"apples-tv-und-icloud-nutzungsbedingungen-webzugriff-als-offizieller-workaround","status":"publish","type":"post","link":"https:\/\/www.ifun.de\/apples-tv-und-icloud-nutzungsbedingungen-webzugriff-als-offizieller-workaround-204028\/","title":{"rendered":"Apple TV und iCloud-Bedingungen: Webzugriff als offizieller Workaround"},"content":{"rendered":"<p><a href=\"https:\/\/www.ifun.de\/apple-tv-anwender-ohne-mobilgeraet-kommen-hier-nicht-weiter-202354\/\" title=\"Apple TV: Anwender ohne Mobilger\u00e4t kommen hier nicht weiter\">Vergangenen Monat<\/a> wurde der Sachverhalt zum Thema, dass Apple-Kunden, die zwar ein Apple TV aber sonst kein weiteres aktuelles Apple-Ger\u00e4t besitzen, bei AGB-\u00c4nderungen vor einem Problem stehen. Der von Apple in solch einem Fall standardm\u00e4\u00dfig auf Apple TV eingeblendete Hinweis sieht vor, dass man zum Best\u00e4tigen der neuen Gesch\u00e4ftsbedingungen ein anderes Apple-Ger\u00e4t zur Verf\u00fcgung hat. Die Anforderungen klammern sogar den Mac aus und verweisen explizit auf ein iPhone oder iPad, auf dem mindestens die Betriebssystemversion 16 l\u00e4uft.<\/p>\n<p><a href=\"https:\/\/images.ifun.de\/wp-content\/uploads\/2023\/01\/icloud-terms-apple-tv.jpg\"><img loading=\"lazy\" decoding=\"async\" class=\"aligncenter size-medium wp-image-202356\" src=\"https:\/\/images.ifun.de\/wp-content\/uploads\/2023\/01\/icloud-terms-apple-tv-500x375.jpg\" alt=\"Icloud Terms Apple Tv\" width=\"500\" height=\"375\" srcset=\"https:\/\/images.ifun.de\/wp-content\/uploads\/2023\/01\/icloud-terms-apple-tv-500x375.jpg 500w, https:\/\/images.ifun.de\/wp-content\/uploads\/2023\/01\/icloud-terms-apple-tv-700x525.jpg 700w, https:\/\/images.ifun.de\/wp-content\/uploads\/2023\/01\/icloud-terms-apple-tv-768x576.jpg 768w, https:\/\/images.ifun.de\/wp-content\/uploads\/2023\/01\/icloud-terms-apple-tv.jpg 1200w\" sizes=\"auto, (max-width: 500px) 100vw, 500px\" \/><\/a><\/p>\n<h6>Bild: <a href=\"https:\/\/t.co\/CsNaTNNIHp\">Christopher Koch<\/a><\/h6>\n<p>Schon als wir das erste Mal \u00fcber den Sachverhalt berichtet haben lag auf der Hand, dass Apple hier wohl einfach nicht weit genug gedacht hat. F\u00fcr Apple-Mitarbeiter war es schlicht nicht vorstellbar, dass es Menschen gibt, die zwar ein Apple TV aber sonst kein weiteres Apple-Ger\u00e4t besitzen oder eben sonst nur \u00fcber Ger\u00e4te verf\u00fcgen, auf denen \u00e4ltere Versionen der Apple-Betriebssysteme laufen. Der lebende Beweis daf\u00fcr, dass dem nicht so ist, war der deutsche Google-Mitarbeiter, der auf den Umstand aufmerksam gemacht hat.<\/p>\n<h2>Elegantere L\u00f6sung sollte kommen<\/h2>\n<p>Die Verantwortlichen bei Apple werden sich nun ohne Frage eine L\u00f6sung ausdenken, die sich dann auch direkt auf der hauseigenen Set-Top-Box umsetzen l\u00e4sst. Bis dahin gibt es mit der Web-Oberfl\u00e4che von iCloud immerhin eine Alternative, f\u00fcr die man sich kein Apple-Ger\u00e4t im Freundeskreis ausleihen oder gar extra ein iPhone oder iPad kaufen muss.<\/p>\n<p>Anl\u00e4sslich der aktuellen Diskussion gibt Apple diesem Umweg nun auch einen offiziellen Charakter und beschreibt die M\u00f6glichkeit zur Best\u00e4tigung der Nutzungsbedingungen f\u00fcr Apple TV \u00fcber die iCloud-Webseite als L\u00f6sungsweg f\u00fcr alle Nutzer, die keinen Zugriff auf ein mit den damit verbundenen Systemvoraussetzungen kompatibles iPhone oder iPad haben.<\/p>\n<p>Das neu ver\u00f6ffentlichte Support-Dokument ist mit dem Titel \u201e<a href=\"https:\/\/support.apple.com\/de-de\/HT213610\">If you can&#39;t accept iCloud Terms and Conditions for Apple TV<\/a>\u201c aktuell nur in englischer Sprache verf\u00fcgbar, sollte aber sobald Apple Deutschland \u00fcbersetzt hat unter unserem Link auch als deutsche Version angezeigt werden.<img loading=\"lazy\" decoding=\"async\" src=\"https:\/\/vg09.met.vgwort.de\/na\/2bee55ddad7b4a5585c33019f2c59f4c\" width=\"1\" height=\"1\" no-lazy class=\"tracking\"><\/p>\n","protected":false},"excerpt":{"rendered":"<a href=\"https:\/\/www.ifun.de\/apples-tv-und-icloud-nutzungsbedingungen-webzugriff-als-offizieller-workaround-204028\/\"><img decoding=\"async\" width=\"150\" src=\"https:\/\/images.ifun.de\/wp-content\/uploads\/2023\/01\/icloud-terms-apple-tv-500x375.jpg\" class=\"alignright wp-post-image tfe\" alt=\"Icloud Terms Apple Tv\" title=\"\" \/><\/a><p>Vergangenen Monat wurde der Sachverhalt zum Thema, dass Apple-Kunden, die zwar ein Apple TV aber sonst kein weiteres aktuelles Apple-Ger\u00e4t besitzen, bei AGB-\u00c4nderungen vor einem Problem stehen. Der von Apple in solch einem Fall standardm\u00e4\u00dfig auf Apple TV eingeblendete Hinweis sieht vor, dass man zum Best\u00e4tigen der neuen Gesch\u00e4ftsbedingungen ein anderes Apple-Ger\u00e4t zur Verf\u00fcgung hat. [&hellip;]<\/p>\n","protected":false},"author":2,"featured_media":0,"comment_status":"open","ping_status":"closed","sticky":false,"template":"","format":"standard","meta":{"_acf_changed":false,"footnotes":""},"categories":[4,1783],"tags":[26,401],"class_list":["post-204028","post","type-post","status-publish","format-standard","hentry","category-appletv","category-feature","tag-apple-tv","tag-icloud"],"acf":[],"aioseo_notices":[],"subheadline":["Apple reagiert auf Problembericht"],"featured_image":["https:\/\/images.ifun.de\/wp-content\/uploads\/2022\/10\/apple-tv-feature-unsplash.jpg"],"rest_api_enabler":{"subheadline":"Apple reagiert auf Problembericht","featured_image":"https:\/\/images.ifun.de\/wp-content\/uploads\/2022\/10\/apple-tv-feature-unsplash.jpg"},"_links":{"self":[{"href":"https:\/\/www.ifun.de\/apiv2\/wp\/v2\/posts\/204028","targetHints":{"allow":["GET"]}}],"collection":[{"href":"https:\/\/www.ifun.de\/apiv2\/wp\/v2\/posts"}],"about":[{"href":"https:\/\/www.ifun.de\/apiv2\/wp\/v2\/types\/post"}],"author":[{"embeddable":true,"href":"https:\/\/www.ifun.de\/apiv2\/wp\/v2\/users\/2"}],"replies":[{"embeddable":true,"href":"https:\/\/www.ifun.de\/apiv2\/wp\/v2\/comments?post=204028"}],"version-history":[{"count":6,"href":"https:\/\/www.ifun.de\/apiv2\/wp\/v2\/posts\/204028\/revisions"}],"predecessor-version":[{"id":204038,"href":"https:\/\/www.ifun.de\/apiv2\/wp\/v2\/posts\/204028\/revisions\/204038"}],"wp:attachment":[{"href":"https:\/\/www.ifun.de\/apiv2\/wp\/v2\/media?parent=204028"}],"wp:term":[{"taxonomy":"category","embeddable":true,"href":"https:\/\/www.ifun.de\/apiv2\/wp\/v2\/categories?post=204028"},{"taxonomy":"post_tag","embeddable":true,"href":"https:\/\/www.ifun.de\/apiv2\/wp\/v2\/tags?post=204028"}],"curies":[{"name":"wp","href":"https:\/\/api.w.org\/{rel}","templated":true}]}}