{"id":203653,"date":"2023-02-06T12:03:24","date_gmt":"2023-02-06T11:03:24","guid":{"rendered":"https:\/\/www.ifun.de\/?p=203653"},"modified":"2023-02-06T12:58:47","modified_gmt":"2023-02-06T11:58:47","slug":"satechi-klemm-hub-fuer-imac-24-und-apple-pencil-2-im-angebot","status":"publish","type":"post","link":"https:\/\/www.ifun.de\/satechi-klemm-hub-fuer-imac-24-und-apple-pencil-2-im-angebot-203653\/","title":{"rendered":"Satechi Klemm-Hub f\u00fcr iMac 24&#8243; und Apple Pencil 2 im Angebot"},"content":{"rendered":"<p>Der <a rel=\"noindex, nofollow\" href=\"http:\/\/www.ifun.de\/amzn\/B09BZZ8PBL\">Satechi USB-C-Klammer-Hub<\/a> f\u00fcr den 2021 vorgestellten iMac mit 24 Zoll Bildschirmgr\u00f6\u00dfe ist jetzt ein ganzes St\u00fcck g\u00fcnstiger erh\u00e4ltlich als regul\u00e4r. Der auf der Produktseite angezeigte 20-Prozent-Coupon senkt den Preis f\u00fcr das Zubeh\u00f6r von 60 auf 48 Euro.<\/p>\n<p>Mit solchen Klammer-Hubs und \u00e4hnlichen Erweiterungen reagieren mittlerweile etliche Hersteller auf den Umstand, dass Apple auf die Verf\u00fcgbarkeit von Anschl\u00fcssen auf der Vorderseite des iMac verzichtet. Apples Konzept tr\u00e4gt zwar positiv zum Erscheinungsbild des Rechners bei, macht es jedoch unn\u00f6tig umst\u00e4ndlich, wenn man externe Ger\u00e4te anschlie\u00dfen will.<\/p>\n<p><a href=\"https:\/\/images.ifun.de\/wp-content\/uploads\/2021\/11\/satechi-klemm-hub-imac-24.jpg\"><img loading=\"lazy\" decoding=\"async\" src=\"https:\/\/images.ifun.de\/wp-content\/uploads\/2021\/11\/satechi-klemm-hub-imac-24-700x554.jpg\" alt=\"Satechi Klemm Hub Imac 24\" width=\"700\" height=\"554\" class=\"alignnone size-large wp-image-178152\" srcset=\"https:\/\/images.ifun.de\/wp-content\/uploads\/2021\/11\/satechi-klemm-hub-imac-24-700x554.jpg 700w, https:\/\/images.ifun.de\/wp-content\/uploads\/2021\/11\/satechi-klemm-hub-imac-24-500x396.jpg 500w, https:\/\/images.ifun.de\/wp-content\/uploads\/2021\/11\/satechi-klemm-hub-imac-24-768x608.jpg 768w, https:\/\/images.ifun.de\/wp-content\/uploads\/2021\/11\/satechi-klemm-hub-imac-24.jpg 1400w\" sizes=\"auto, (max-width: 700px) 100vw, 700px\" \/><\/a><\/p>\n<p>\u00dcber die Bereitstellung von Anschl\u00fcssen auf der Vorderseite des iMac hinaus, macht sich das Satechi-Zubeh\u00f6r gleich noch als USB-C-Hub n\u00fctzlich und stellt neben einem USB-C-Datenanschluss auch drei USB-A-Anschl\u00fcsse sowie Kartenleser f\u00fcr microSD-Karten und SD-Karten bereit.<\/p>\n<p>Der Hub wird mit einer R\u00e4ndelschraube am iMac \u201efestgezurrt\u201c und \u00fcber ein fest installiertes Kabel mit einem der r\u00fcckseitigen Anschl\u00fcsse des Rechners verbunden.<\/p>\n<script>\r\n  function open_amazon(link) {\r\n    if (navigator.userAgent.indexOf(\"Firefox\") != -1) {\r\n      window.open(link, '_blank');\r\n    } else {\r\n      var tag = document.createElement('a');\r\n      tag.setAttribute('href', link);\r\n      tag.innerHTML = \"amzn\";\r\n      tag.click();\r\n    }\r\n  }\r\n<\/script>\r\n    <div id=\"article-single-amazon-preview\" onclick=\"return open_amazon('https:\/\/www.amazon.de\/dp\/B09BZZ8PBL?tag=musicweb02&linkCode=ogi&th=1&psc=1');\">\n  <div id=\"article-single-amazon-preview-header\">\n    <span class=\"title\">Produkthinweis<\/span>\n      <\/div>\n  <div id=\"article-single-amazon-preview-content\">\n    <div id=\"article-single-amazon-preview-img\" style=\"background: url('https:\/\/m.media-amazon.com\/images\/I\/31-vSthG1qL.jpg') center center no-repeat; background-size: cover;\"><\/div>\n    <div id=\"article-single-amazon-preview-desc\">\n      <span class=\"bezeichnung\"><a href=\"https:\/\/www.amazon.de\/dp\/B09BZZ8PBL?tag=musicweb02&linkCode=ogi&th=1&psc=1\" style=\"text-decoration: none; border-bottom: 0px; box-shadow: none;\">SATECHI USB-C Klemm Hub, f\u00fcr iMac M4, USB-C Daten, 3X USB-A 3.0, Micro-\/SD Kartenleser, f\u00fcr iMac M4 2024, Studio...<\/a><\/span>\n      <span class=\"preis--aktuell\">Aktionspreis<\/span>\n      <span class=\"preis--alt\"><\/span>\n    <\/div>\n  <\/div>\n<\/div>\n<h2>Apple Pencil 2 mit 34 Euro Preisabzug<\/h2>\n<p>Auch der Apple Pencil der zweiten Generation l\u00e4sst sich aktuell mit nennenswertem Preisnachlass kaufen. Sowohl <a href=\"https:\/\/pvn.mediamarkt.de\/trck\/eclick\/fc83c8529e5e66bcecce6765e0df6857\">MediaMarkt<\/a> als auch <a href=\"https:\/\/pvn.saturn.de\/trck\/eclick\/098011dbfdab6e9a51e4cfa7996e62a1\">Saturn<\/a> bieten den Zeichenstift derzeit f\u00fcr 115 Euro an. <\/p>\n<p>Offiziell berechnet Apple weiterhin 149 Euro f\u00fcr den Apple Pencil 2. F\u00fcr 115 Euro bekommt man beim Hersteller selbst nichtmal die ersten Generation des Zeichenstifts, hier liegt der Listenpreis im Apple Store immer noch bei 119 Euro.<\/p>\n<p><a href=\"https:\/\/images.ifun.de\/wp-content\/uploads\/2019\/04\/apple-pencil-2-akku.jpg\"><img loading=\"lazy\" decoding=\"async\" src=\"https:\/\/images.ifun.de\/wp-content\/uploads\/2019\/04\/apple-pencil-2-akku-700x110.jpg\" alt=\"Apple Pencil 2 Akku\" width=\"700\" height=\"110\" class=\"alignnone size-large wp-image-136757\" srcset=\"https:\/\/images.ifun.de\/wp-content\/uploads\/2019\/04\/apple-pencil-2-akku-700x110.jpg 700w, https:\/\/images.ifun.de\/wp-content\/uploads\/2019\/04\/apple-pencil-2-akku-500x79.jpg 500w, https:\/\/images.ifun.de\/wp-content\/uploads\/2019\/04\/apple-pencil-2-akku-768x121.jpg 768w, https:\/\/images.ifun.de\/wp-content\/uploads\/2019\/04\/apple-pencil-2-akku.jpg 1254w\" sizes=\"auto, (max-width: 700px) 100vw, 700px\" \/><\/a><\/p>\n<p>Beachtet allerdings unbedingt, dass es mit Blick auf die beiden Generationen nicht nur Unterschiede im Funktionsumfang und der Leistungsf\u00e4higkeit gibt, sondern die beiden Stifte auch mit unterschiedlichen iPad-Modellen kompatibel sind. Auch sieben Jahre nach dessen Vorstellung ist Apples neuestes Standard-iPad nur mit dem Apple Pencil 1 kompatibel, w\u00e4hrend die zweite Generation des Stiftes auf teurere Ger\u00e4te wie das iPad Air oder das iPad Pro abzielt. Weitere Infos zur Kompatibilit\u00e4t findet ihr bei Apple:<img loading=\"lazy\" decoding=\"async\" src=\"https:\/\/vg08.met.vgwort.de\/na\/f6f897e0e37c4919bfb200952742eca4\" width=\"1\" height=\"1\" no-lazy class=\"tracking\"><\/p>\n<ul>\n<li><a href=\"https:\/\/apple.sjv.io\/0JV3oR\" title=\"Apple Pencil der 1. Generation\">Apple Pencil der 1. Generation<\/a><\/li>\n<li><a href=\"https:\/\/apple.sjv.io\/n1kGgV\" title=\"Apple Pencil der 2. Generation\">Apple Pencil der 2. Generation<\/a><\/li>\n<\/ul>\n","protected":false},"excerpt":{"rendered":"<a href=\"https:\/\/www.ifun.de\/satechi-klemm-hub-fuer-imac-24-und-apple-pencil-2-im-angebot-203653\/\"><img decoding=\"async\" width=\"150\" src=\"https:\/\/images.ifun.de\/wp-content\/uploads\/2021\/11\/satechi-klemm-hub-imac-24-700x554.jpg\" class=\"alignright wp-post-image tfe\" alt=\"Satechi Klemm Hub Imac 24\" title=\"\" \/><\/a><p>Der Satechi USB-C-Klammer-Hub f\u00fcr den 2021 vorgestellten iMac mit 24 Zoll Bildschirmgr\u00f6\u00dfe ist jetzt ein ganzes St\u00fcck g\u00fcnstiger erh\u00e4ltlich als regul\u00e4r. Der auf der Produktseite angezeigte 20-Prozent-Coupon senkt den Preis f\u00fcr das Zubeh\u00f6r von 60 auf 48 Euro. Mit solchen Klammer-Hubs und \u00e4hnlichen Erweiterungen reagieren mittlerweile etliche Hersteller auf den Umstand, dass Apple auf die [&hellip;]<\/p>\n","protected":false},"author":2,"featured_media":0,"comment_status":"open","ping_status":"closed","sticky":false,"template":"","format":"standard","meta":{"_acf_changed":false,"footnotes":""},"categories":[1],"tags":[],"class_list":["post-203653","post","type-post","status-publish","format-standard","hentry","category-news"],"acf":[],"aioseo_notices":[],"featured_image":["https:\/\/images.ifun.de\/wp-content\/uploads\/2021\/08\/satechi-klemm-hub-imac-24-2021.jpg"],"subheadline":["iMac-Anschl\u00fcsse an der Vorderseite"],"rest_api_enabler":{"featured_image":"https:\/\/images.ifun.de\/wp-content\/uploads\/2021\/08\/satechi-klemm-hub-imac-24-2021.jpg","subheadline":"iMac-Anschl\u00fcsse an der Vorderseite"},"_links":{"self":[{"href":"https:\/\/www.ifun.de\/apiv2\/wp\/v2\/posts\/203653","targetHints":{"allow":["GET"]}}],"collection":[{"href":"https:\/\/www.ifun.de\/apiv2\/wp\/v2\/posts"}],"about":[{"href":"https:\/\/www.ifun.de\/apiv2\/wp\/v2\/types\/post"}],"author":[{"embeddable":true,"href":"https:\/\/www.ifun.de\/apiv2\/wp\/v2\/users\/2"}],"replies":[{"embeddable":true,"href":"https:\/\/www.ifun.de\/apiv2\/wp\/v2\/comments?post=203653"}],"version-history":[{"count":6,"href":"https:\/\/www.ifun.de\/apiv2\/wp\/v2\/posts\/203653\/revisions"}],"predecessor-version":[{"id":203662,"href":"https:\/\/www.ifun.de\/apiv2\/wp\/v2\/posts\/203653\/revisions\/203662"}],"wp:attachment":[{"href":"https:\/\/www.ifun.de\/apiv2\/wp\/v2\/media?parent=203653"}],"wp:term":[{"taxonomy":"category","embeddable":true,"href":"https:\/\/www.ifun.de\/apiv2\/wp\/v2\/categories?post=203653"},{"taxonomy":"post_tag","embeddable":true,"href":"https:\/\/www.ifun.de\/apiv2\/wp\/v2\/tags?post=203653"}],"curies":[{"name":"wp","href":"https:\/\/api.w.org\/{rel}","templated":true}]}}