{"id":203038,"date":"2023-01-26T17:44:19","date_gmt":"2023-01-26T16:44:19","guid":{"rendered":"https:\/\/www.ifun.de\/?p=203038"},"modified":"2023-01-26T17:44:19","modified_gmt":"2023-01-26T16:44:19","slug":"neuer-mac-pro-wird-wohl-nur-sehr-begrenzt-erweiterbar-sein","status":"publish","type":"post","link":"https:\/\/www.ifun.de\/neuer-mac-pro-wird-wohl-nur-sehr-begrenzt-erweiterbar-sein-203038\/","title":{"rendered":"Neuer Mac Pro wird wohl nur sehr begrenzt erweiterbar sein"},"content":{"rendered":"<p>Der <a href=\"https:\/\/www.apple.com\/de\/mac-pro\/\">Mac Pro<\/a> ist nunmehr der einzige Apple-Rechner, der nicht auf Apple-Prozessoren setzt, sondern weiterhin ausschlie\u00dflich auf Intel-Basis erh\u00e4ltlich ist. Eigentlich wollte Apple die Umstellung seiner kompletten Rechnerschiene bereits im vergangenen Jahr abgeschlossen haben, bislang haben wir aber noch nicht einmal grob eine Ahnung, wann mit dem hierf\u00fcr ben\u00f6tigten neuen Modell des Mac Pro zu rechnen ist.<\/p>\n<blockquote class=\"twitter-tweet\">\n<p lang=\"en\" dir=\"ltr\">That will leave storage as the main user-upgradeable component in the new Mac Pro, which will have the same design as the current, Intel model. The big difference between a Mac Pro and a Mac Studio \u2014 in addition to M1 Ultra to M2 Ultra \u2014 should be performance from more cooling.<\/p>\n<p>&mdash; Mark Gurman (@markgurman) <a href=\"https:\/\/twitter.com\/markgurman\/status\/1618411578436780034?ref_src=twsrc%5Etfw\">January 26, 2023<\/a><\/p><\/blockquote>\n<p> <script async src=\"https:\/\/platform.twitter.com\/widgets.js\" charset=\"utf-8\"><\/script><\/p>\n<p>Die damit verbundenen Probleme macht der Bloomberg-Journalist Mark Gurman mit zwei aktuellen Statements deutlich, in denen er zwar weitere Details zu dem erwarteten Rechner zum Besten gibt, allerdings auch verlauten l\u00e4sst, dass der Speicherplatz wohl die einzige Komponente des neuen Mac Pro ist, die der Kunde nachtr\u00e4glich noch erweitern kann.<\/p>\n<h2>Nutzer k\u00f6nnen nur Speicherplatz erweitern<\/h2>\n<p>Zumindest auf ihrem aktuellen Stand lassen die Apple-Prozessoren weder eine nachtr\u00e4gliche Erweiterung des Arbeitsspeichers noch das Upgrade von Grafikprozessoren oder die Verwendung einer externen GPU zu. Wir kennen dergleichen ja auch schon von den bereits erh\u00e4ltlichen Macs mit Apple-Prozessoren.<\/p>\n<p>Diese Einschr\u00e4nkungen d\u00fcrften zahlreiche Kaufinteressenten f\u00fcr Apples teuersten Mac vor besondere Probleme stellen. Unterm Strich muss man in jedem Fall eher mehr Geld in die Hand nehmen, als vielleicht im ersten Moment geplant, um sich auch auf l\u00e4ngere Zeit eine leistungsf\u00e4hige Maschine zu sichern. Vergleichbarer \u00c4rger zeigt sich teils schon bei den kleineren Desktops von Apple und bei MacBook-Modellen. Wer hier aus Preisgr\u00fcnden auf eine ordentliche RAM-Ausstattung verzichtet, muss ohne die M\u00f6glichkeit, noch einmal aufzur\u00fcsten, \u00fcber lange Zeit hinweg mit den Folgen leben.<\/p>\n<p>Gurmans Aussage, der Mac Pro werde extrem leistungsf\u00e4hig und mit bis zu 76 GPU-Kernen kommen, wird h\u00f6chstens einen Teil der Kaufinteressenten tr\u00f6sten. Somit bleibt abzuwarten, wann und in welcher Form Apple seinen letzten Rechner auf die eigene Prozessor-Infrastruktur umzieht und welche Ausstattungsmerkmale und Preise mit dem neuen Mac Pro verbunden sind.<img loading=\"lazy\" decoding=\"async\" src=\"https:\/\/vg06.met.vgwort.de\/na\/47991d21e7cf4c2982dd4a7463e1754c\" width=\"1\" height=\"1\" no-lazy class=\"tracking\"><\/p>\n","protected":false},"excerpt":{"rendered":"<a href=\"https:\/\/www.ifun.de\/neuer-mac-pro-wird-wohl-nur-sehr-begrenzt-erweiterbar-sein-203038\/\"><img decoding=\"async\" width=\"150\" src=\"https:\/\/vg06.met.vgwort.de\/na\/47991d21e7cf4c2982dd4a7463e1754c\" class=\"alignright wp-post-image tfe\" alt=\"\" title=\"\" \/><\/a><p>Der Mac Pro ist nunmehr der einzige Apple-Rechner, der nicht auf Apple-Prozessoren setzt, sondern weiterhin ausschlie\u00dflich auf Intel-Basis erh\u00e4ltlich ist. Eigentlich wollte Apple die Umstellung seiner kompletten Rechnerschiene bereits im vergangenen Jahr abgeschlossen haben, bislang haben wir aber noch nicht einmal grob eine Ahnung, wann mit dem hierf\u00fcr ben\u00f6tigten neuen Modell des Mac Pro zu [&hellip;]<\/p>\n","protected":false},"author":2,"featured_media":0,"comment_status":"open","ping_status":"closed","sticky":false,"template":"","format":"standard","meta":{"_acf_changed":false,"footnotes":""},"categories":[1],"tags":[1238],"class_list":["post-203038","post","type-post","status-publish","format-standard","hentry","category-news","tag-mac-pro"],"acf":[],"aioseo_notices":[],"subheadline":["RAM und Grafik fix","RAM und Grafik fix","RAM und Grafik fix"],"featured_image":["https:\/\/images.ifun.de\/wp-content\/uploads\/2020\/04\/mac-pro-grafik.jpg"],"rest_api_enabler":{"subheadline":["RAM und Grafik fix","RAM und Grafik fix","RAM und Grafik fix"],"featured_image":"https:\/\/images.ifun.de\/wp-content\/uploads\/2020\/04\/mac-pro-grafik.jpg"},"_links":{"self":[{"href":"https:\/\/www.ifun.de\/apiv2\/wp\/v2\/posts\/203038","targetHints":{"allow":["GET"]}}],"collection":[{"href":"https:\/\/www.ifun.de\/apiv2\/wp\/v2\/posts"}],"about":[{"href":"https:\/\/www.ifun.de\/apiv2\/wp\/v2\/types\/post"}],"author":[{"embeddable":true,"href":"https:\/\/www.ifun.de\/apiv2\/wp\/v2\/users\/2"}],"replies":[{"embeddable":true,"href":"https:\/\/www.ifun.de\/apiv2\/wp\/v2\/comments?post=203038"}],"version-history":[{"count":5,"href":"https:\/\/www.ifun.de\/apiv2\/wp\/v2\/posts\/203038\/revisions"}],"predecessor-version":[{"id":203043,"href":"https:\/\/www.ifun.de\/apiv2\/wp\/v2\/posts\/203038\/revisions\/203043"}],"wp:attachment":[{"href":"https:\/\/www.ifun.de\/apiv2\/wp\/v2\/media?parent=203038"}],"wp:term":[{"taxonomy":"category","embeddable":true,"href":"https:\/\/www.ifun.de\/apiv2\/wp\/v2\/categories?post=203038"},{"taxonomy":"post_tag","embeddable":true,"href":"https:\/\/www.ifun.de\/apiv2\/wp\/v2\/tags?post=203038"}],"curies":[{"name":"wp","href":"https:\/\/api.w.org\/{rel}","templated":true}]}}