{"id":202844,"date":"2023-01-24T16:45:09","date_gmt":"2023-01-24T15:45:09","guid":{"rendered":"https:\/\/www.ifun.de\/?p=202844"},"modified":"2023-01-24T16:45:44","modified_gmt":"2023-01-24T15:45:44","slug":"verkaufsstart-neue-macs-auch-in-apple-ladengeschaeften-verfuegbar","status":"publish","type":"post","link":"https:\/\/www.ifun.de\/verkaufsstart-neue-macs-auch-in-apple-ladengeschaeften-verfuegbar-202844\/","title":{"rendered":"Verkaufsstart: Neue Macs auch in Apple-Ladengesch\u00e4ften verf\u00fcgbar"},"content":{"rendered":"<p>Bei Apple sind von heute an die neuen Modelle von <a href=\"https:\/\/apple.sjv.io\/DV55gG\" title=\"MacBook Pro bei Apple\">MacBook Pro<\/a> und <a href=\"https:\/\/apple.sjv.io\/3Br4y\" title=\"Mac mini bei Apple\">Mac mini<\/a> erh\u00e4ltlich. Die in der vergangenen Woche vorgestellten und mit Apple-Prozessoren vom Typ M2 ausgestatteten Ger\u00e4te werden vom heutigen Dienstag an ausgeliefert und stehen zudem in verschiedenen Konfigurationen auch zur Abholung in den deutschen Apple Stores bereit.<\/p>\n<p><a href=\"https:\/\/images.ifun.de\/wp-content\/uploads\/2023\/01\/mac-verfuegbarkeit-apple-store.jpg\"><img loading=\"lazy\" decoding=\"async\" src=\"https:\/\/images.ifun.de\/wp-content\/uploads\/2023\/01\/mac-verfuegbarkeit-apple-store-500x239.jpg\" alt=\"Mac Verfuegbarkeit Apple Store\" width=\"500\" height=\"239\" class=\"alignnone size-medium wp-image-202845\" srcset=\"https:\/\/images.ifun.de\/wp-content\/uploads\/2023\/01\/mac-verfuegbarkeit-apple-store-500x239.jpg 500w, https:\/\/images.ifun.de\/wp-content\/uploads\/2023\/01\/mac-verfuegbarkeit-apple-store.jpg 670w\" sizes=\"auto, (max-width: 500px) 100vw, 500px\" \/><\/a><\/p>\n<p>Welche Modelle im einzelnen in den aktuell 16 deutschen Apple-Ladengesch\u00e4ften verf\u00fcgbar sind, l\u00e4sst sich den Verkaufsstart der Ger\u00e4te begleitend nun auch \u00fcber den <a href=\"https:\/\/apple.sjv.io\/qjeA5\" title=\"Onlineshop\">Onlineshop von Apple<\/a> abfragen. Zus\u00e4tzlich zur aktuellen Lieferzeit bei einer Bestellung wird dort auch die Filialverf\u00fcgbarkeit angezeigt, im Rahmen des Bestellvorgangs kann man die Ger\u00e4te dann auch direkt f\u00fcr die Abholung vor Ort reservieren.<\/p>\n<p>Mit den neuen Modellen liefert Apple nun die von vielen Nutzern sehnlichst erwarteten Updates f\u00fcr die MacBook-Pro-Modelle mit 14 und 16 Zoll Bildschirmgr\u00f6\u00dfe sowie insbesondere auch f\u00fcr den Mac mini aus. Apples kleinster Desktop-Rechner kommt jetzt auch vollst\u00e4ndig auf Apple-Prozessoren umgestellt und wird nicht mehr wie bislang in einer Intel-Version angeboten. In der neuen M2-Pro-Variante kommt der Rechner mit vier anstatt sonst zwei Thunderbolt-4-Anschl\u00fcssen auf der R\u00fcckseite.<\/p>\n<p><div class=\"responsive-video\"><iframe loading=\"lazy\" title=\"Das neue MacBook Pro und der neue Mac mini | Apple\" width=\"500\" height=\"281\" src=\"https:\/\/www.youtube-nocookie.com\/embed\/99MUF7gj_ok?feature=oembed\" frameborder=\"0\" allow=\"accelerometer; autoplay; clipboard-write; encrypted-media; gyroscope; picture-in-picture; web-share\" referrerpolicy=\"strict-origin-when-cross-origin\" allowfullscreen><\/iframe><\/div><\/p>\n<h2>Vorg\u00e4ngermodelle im Apple Refurb Store<\/h2>\n<p>Der Verkaufsstart der neuen Ger\u00e4te macht sich auch bei einem Blick in den <a href=\"https:\/\/apple.sjv.io\/KeYVy7\" title=\"Apple Refurb Store\">Apple Refurb Store<\/a> bemerkbar. Hier pr\u00e4sentieren sich nicht nur die virtuellen Regale gut gef\u00fcllt, Apple bietet zudem auch verschiedene Vorg\u00e4ngerversionen der neuen Mac-Modelle teils deutlich g\u00fcnstiger an als bisher. So ist dort das gerade mal 15 Monate alte MacBook Pro mit Apples M1-Prozessor mit 14 Zoll Bildschirmgr\u00f6\u00dfe ab 1.729 Euro erh\u00e4ltlich, die gr\u00f6\u00dfere Version mit 16 Zoll gro\u00dfem Bildschirm kann man bei Apple Refurb ab 2.109 Euro haben. Die neuen M2-Modelle der beiden Notebooks kosten dagegen mindestens 2.399 Euro mit 14 Zoll und 2.999 Euro mit 16 Zoll Bildschirmgr\u00f6\u00dfe<img loading=\"lazy\" decoding=\"async\" src=\"https:\/\/vg06.met.vgwort.de\/na\/f7b67e3b13c34ed79d6dee34b83560a6\" width=\"1\" height=\"1\" no-lazy class=\"tracking\"><\/p>\n<p><h8>Danke Alexander<\/h8><\/p>\n","protected":false},"excerpt":{"rendered":"<a href=\"https:\/\/www.ifun.de\/verkaufsstart-neue-macs-auch-in-apple-ladengeschaeften-verfuegbar-202844\/\"><img width=\"150\" height=\"150\" src=\"https:\/\/images.ifun.de\/wp-content\/uploads\/2023\/01\/mac-verfuegbarkeit-apple-store-150x150.jpg\" class=\"alignright tfe wp-post-image\" alt=\"Mac Verfuegbarkeit Apple Store\" decoding=\"async\" loading=\"lazy\" \/><\/a><p>Bei Apple sind von heute an die neuen Modelle von MacBook Pro und Mac mini erh\u00e4ltlich. Die in der vergangenen Woche vorgestellten und mit Apple-Prozessoren vom Typ M2 ausgestatteten Ger\u00e4te werden vom heutigen Dienstag an ausgeliefert und stehen zudem in verschiedenen Konfigurationen auch zur Abholung in den deutschen Apple Stores bereit. Welche Modelle im einzelnen [&hellip;]<\/p>\n","protected":false},"author":2,"featured_media":202845,"comment_status":"open","ping_status":"closed","sticky":false,"template":"","format":"standard","meta":{"_acf_changed":false,"footnotes":""},"categories":[1],"tags":[515,224],"class_list":["post-202844","post","type-post","status-publish","format-standard","has-post-thumbnail","hentry","category-news","tag-mac-mini","tag-macbook-pro"],"acf":[],"aioseo_notices":[],"featured_image":["https:\/\/images.ifun.de\/wp-content\/uploads\/2023\/01\/macbook-pro-m2-feature.jpg","Vorg\u00e4nger g\u00fcnstiger bei Apple Refurb"],"rest_api_enabler":{"featured_image":["https:\/\/images.ifun.de\/wp-content\/uploads\/2023\/01\/macbook-pro-m2-feature.jpg","Vorg\u00e4nger g\u00fcnstiger bei Apple Refurb"]},"_links":{"self":[{"href":"https:\/\/www.ifun.de\/apiv2\/wp\/v2\/posts\/202844","targetHints":{"allow":["GET"]}}],"collection":[{"href":"https:\/\/www.ifun.de\/apiv2\/wp\/v2\/posts"}],"about":[{"href":"https:\/\/www.ifun.de\/apiv2\/wp\/v2\/types\/post"}],"author":[{"embeddable":true,"href":"https:\/\/www.ifun.de\/apiv2\/wp\/v2\/users\/2"}],"replies":[{"embeddable":true,"href":"https:\/\/www.ifun.de\/apiv2\/wp\/v2\/comments?post=202844"}],"version-history":[{"count":2,"href":"https:\/\/www.ifun.de\/apiv2\/wp\/v2\/posts\/202844\/revisions"}],"predecessor-version":[{"id":202848,"href":"https:\/\/www.ifun.de\/apiv2\/wp\/v2\/posts\/202844\/revisions\/202848"}],"wp:featuredmedia":[{"embeddable":true,"href":"https:\/\/www.ifun.de\/apiv2\/wp\/v2\/media\/202845"}],"wp:attachment":[{"href":"https:\/\/www.ifun.de\/apiv2\/wp\/v2\/media?parent=202844"}],"wp:term":[{"taxonomy":"category","embeddable":true,"href":"https:\/\/www.ifun.de\/apiv2\/wp\/v2\/categories?post=202844"},{"taxonomy":"post_tag","embeddable":true,"href":"https:\/\/www.ifun.de\/apiv2\/wp\/v2\/tags?post=202844"}],"curies":[{"name":"wp","href":"https:\/\/api.w.org\/{rel}","templated":true}]}}